{"id":3320,"date":"2015-01-16T08:55:22","date_gmt":"2015-01-16T07:55:22","guid":{"rendered":"http:\/\/www.brennecke.org\/?p=3320"},"modified":"2018-05-14T09:02:37","modified_gmt":"2018-05-14T08:02:37","slug":"oberwasser-im-planschbecken","status":"publish","type":"post","link":"https:\/\/www.brennecke.org\/?p=3320","title":{"rendered":"Oberwasser im Planschbecken"},"content":{"rendered":"<p>Werte Leserinnen und Leser,<\/p>\n<p>nachdem nun auch die <a href=\"http:\/\/www.n24.de\/n24\/Nachrichten\/Politik\/d\/5992454\/angela-merkel-will-zurueck-zur-vorratsdatenspeicherung.html\">Mutter aller Kanzler unerwartet deutlich Position bezogen<\/a> hat, haben wir eine neue Diskussion um die Wiedereinf\u00fchrung der Vorratsdatenspeicherung (VDS). Die beiden auf-rechten Kommentatoren der FAZ <a href=\"http:\/\/www.faz.net\/aktuell\/politik\/kommentar-zur-vorratsdatenspeicherung-wuerdeloses-warten-13372021.html\">M\u00fcller<\/a> und <a href=\"http:\/\/www.faz.net\/aktuell\/politik\/kommentar-ueber-die-reden-von-merkel-und-lammert-welcher-islam-soll-es-sein-13371646.html\">von Altenbockum<\/a> &#8211; \u00fcbrigens wahrscheinlich die letzten ernstzunehmenden Journalisten, die sich f\u00fcr allgemeine \u00dcberwachung begeistern k\u00f6nnen &#8211; haben seitdem Oberwasser und ver\u00f6ffentlichen beinahe mehrmals t\u00e4glich Artikel, in denen sie die Gefahr einer Islam-Apokalypse apostrophieren und deshalb vehement eine neue VDS fordern (<a href=\"http:\/\/www.faz.net\/aktuell\/politik\/kommentar-zur-vorratsdatenspeicherung-wuerdeloses-warten-13372021.html\">hier<\/a>, <a href=\"http:\/\/www.faz.net\/aktuell\/politik\/terrorabwehr-der-rechtsstaat-kennt-seine-gegner-13368318.html\">hier<\/a> und <a href=\"http:\/\/www.faz.net\/aktuell\/politik\/kommentar-ueber-die-reden-von-merkel-und-lammert-welcher-islam-soll-es-sein-13371646.html\">hier<\/a>).<\/p>\n<p>Dabei wird den Lesern der FAZ viel Sand in die Augen gestreut, indem behauptet wird, dass sowohl das Bundesverfassungsgericht (BverfG) als auch der Europ\u00e4ische Gerichtshof (EUGH) die Vorratsdatenspeicherung grunds\u00e4tzlich f\u00fcr zul\u00e4ssig erkl\u00e4rt haben. Beim BVerfG-Urteil mag man das noch so herauslesen k\u00f6nnen, der EUGH war jedoch viel deutlicher.<\/p>\n<p>Der EUGH hat die Vorratsdatenspeicherung in ihrer allgemeinen Form f\u00fcr unzul\u00e4ssig erkl\u00e4rt &#8211; damit ist die <strong>anlasslose<\/strong> <strong>Erfassung<\/strong> der Daten <strong>aller<\/strong> B\u00fcrger vom Tisch &#8211; es muss schon ein Grund vorliegen, um \u00fcberwachen zu d\u00fcrfen. Das ist bereits heute Praxis in der Polizeiarbeit &#8211; auch Abh\u00f6rma\u00dfnahmen und Observierungen sind nur zul\u00e4ssig, wenn ein Verdachtsmoment besteht (und ein Richter die Ma\u00dfnahme genehmigt).<\/p>\n<p>Man k\u00f6nnte also bekannte T\u00e4ter oder Verd\u00e4chtige erfassen, aber <strong>gerade nicht<\/strong> jeden einzelnen B\u00fcrger. Das ist zwar nicht das, was sich die Sicherheitskr\u00e4fte erhoffen, aber es w\u00e4re grundrechtskonform. Unsere Politiker begr\u00fcnden die Wiedereinf\u00fchrung der VDS gern mit zuk\u00fcnftigem Islamistenterror &#8211; die Islamistenterrorfreunde und ihre Vettern von der Salafistenfront kennen wir aber offenbar, sonst k\u00f6nnte man deren Ausweise nicht durch <a href=\"https:\/\/kpeterl.wordpress.com\/2014\/09\/26\/unvergleichbares-der-j-stempel-und-die-markierung-von-personalausweisen\/\">fragw\u00fcrdige<\/a> <a href=\"https:\/\/kpeterl.wordpress.com\/2014\/09\/26\/unvergleichbares-der-j-stempel-und-die-markierung-von-personalausweisen\/\">Papierdokumente<\/a> ersetzen wollen.<\/p>\n<p>Ein gern gesagtes Argument lautet, es w\u00fcrde ja ohnehin nur das gespeichert, was bei den Telefonunternehmen sowieso anfiele. Nun &#8211; die VDS-Richtlinie aus 2006 sah vor, eine Menge zus\u00e4tzlicher Daten zu erfassen, z.B. Ort und Zeit von Login und Logout mobiler Endger\u00e4te, Ort, Beginn und Ende des Schreibens von SMS usw. Diese Daten entstehen bei den Telefonunternehmen zwar aus technischen Gr\u00fcnden, sie speichern sie aber nicht, weil sie f\u00fcr die Abrechnung unwichtig sind.<\/p>\n<p>Solche Daten sind f\u00fcr die Polizei sicher spannend, sie stehen aber sp\u00e4testens seit dem EUGH-Urteil unter Grundrechtsschutz. Eine neue, verfassungskonforme VDS s\u00e4he daher deutlich anders aus als das, was wir im Jahr 2010 hatten &#8211; sie entspr\u00e4che eher dem &#8222;<a href=\"http:\/\/de.wikipedia.org\/wiki\/Quick_Freeze\">Quick Freeze<\/a>&#8222;, den die ehemalige Justizministerin Leutheusser-Schnarrenberger bereits 2011 vorschlug &#8211; der damals <a href=\"http:\/\/www.bmi.bund.de\/SharedDocs\/FAQs\/DE\/Themen\/Sicherheit\/SicherheitAllgemein\/8.html\">dem Innenministerium aber viel zu eng gefasst <\/a>war.<\/p>\n<p>Es lohnt sich oft, eine Situation von einem h\u00f6heren Standpunkt aus zu betrachten. Im vorliegenden Falle scheint es, die VDS-Freunde sitzen mit Oberwasser in einem Planschbecken.<\/p>\n<p>Es gr\u00fc\u00dft herzlich<\/p>\n<p>Ihr JeanLuc7<\/p>\n<div class=\"twoclick_social_bookmarks_post_3320 social_share_privacy clearfix 1.6.4 locale-de_DE sprite-de_DE\"><\/div><div class=\"twoclick-js\"><script type=\"text\/javascript\">\/* <![CDATA[ *\/\njQuery(document).ready(function($){if($('.twoclick_social_bookmarks_post_3320')){$('.twoclick_social_bookmarks_post_3320').socialSharePrivacy({\"services\":{\"facebook\":{\"status\":\"on\",\"txt_info\":\"2 Klicks f\\u00fcr mehr Datenschutz: Erst wenn Sie hier klicken, wird der Button aktiv und Sie k\\u00f6nnen Ihre Empfehlung an Facebook senden. Schon beim Aktivieren werden Daten an Dritte \\u00fcbertragen - siehe <em>i<\\\/em>.\",\"perma_option\":\"off\",\"action\":\"recommend\",\"language\":\"de_DE\"},\"twitter\":{\"reply_to\":\"\",\"tweet_text\":\"%20Oberwasser%20im%20Planschbecken%20%C2%BB%2053%20Cent%20%23Altenbockum%20%23Bundesverfassungsericht%20%23EUGH%20...\",\"status\":\"on\",\"txt_info\":\"2 Klicks f\\u00fcr mehr Datenschutz: Erst wenn Sie hier klicken, wird der Button aktiv und Sie k\\u00f6nnen Ihre Empfehlung an Twitter senden. Schon beim Aktivieren werden Daten an Dritte \\u00fcbertragen - siehe <em>i<\\\/em>.\",\"perma_option\":\"off\",\"language\":\"de\",\"referrer_track\":\"\"},\"gplus\":{\"status\":\"on\",\"txt_info\":\"2 Klicks f\\u00fcr mehr Datenschutz: Erst wenn Sie hier klicken, wird der Button aktiv und Sie k\\u00f6nnen Ihre Empfehlung an Google+ senden. Schon beim Aktivieren werden Daten an Dritte \\u00fcbertragen - siehe <em>i<\\\/em>.\",\"perma_option\":\"off\",\"referrer_track\":\"\"},\"flattr\":{\"uid\":\"\",\"status\":\"on\",\"the_title\":\"Oberwasser%20im%20Planschbecken\",\"the_excerpt\":\"Werte%20Leserinnen%20und%20Leser%2C%0D%0A%0D%0Anachdem%20nun%20auch%20die%20Mutter%20aller%20Kanzler%20unerwartet%20deutlich%20Position%20bezogen%20hat%2C%20haben%20wir%20eine%20neue%20Diskussion%20um%20die%20Wiedereinf%C3%BChrung%20der%20Vorratsdatenspeicherung%20%28VDS%29.%20Die%20beiden%20auf-rechten%20Kommentatoren%20der%20FAZ%20M%C3%BCller%20und%20von%20Altenbockum%20-%20%C3%BCbrigens%20wahrscheinlich%20die%20letzten%20ernstzunehmenden%20Journalisten%2C%20die%20sich%20f%C3%BCr%20allgemeine%20%C3%9Cberwachung%20begeistern%20k%C3%B6n%20...\",\"txt_info\":\"2 Klicks f\\u00fcr mehr Datenschutz: Erst wenn Sie hier klicken, wird der Button aktiv und Sie k\\u00f6nnen Ihre Empfehlung an Flattr senden. Schon beim Aktivieren werden Daten an Dritte \\u00fcbertragen - siehe <em>i<\\\/em>.\",\"perma_option\":\"off\"}},\"txt_help\":\"Wenn Sie diese Felder durch einen Klick aktivieren, werden Informationen an Facebook, Twitter, Flattr, Xing, t3n, LinkedIn, Pinterest oder Google eventuell ins Ausland \\u00fcbertragen und unter Umst\\u00e4nden auch dort gespeichert. N\\u00e4heres erfahren Sie durch einen Klick auf das <em>i<\\\/em>.\",\"settings_perma\":\"Dauerhaft aktivieren und Daten\\u00fcber-tragung zustimmen:\",\"info_link\":\"http:\\\/\\\/www.heise.de\\\/ct\\\/artikel\\\/2-Klicks-fuer-mehr-Datenschutz-1333879.html\",\"uri\":\"https:\\\/\\\/www.brennecke.org\\\/?p=3320\",\"post_id\":3320,\"post_title_referrer_track\":\"Oberwasser+im+Planschbecken\",\"display_infobox\":\"on\"});}});\n\/* ]]> *\/<\/script><\/div>","protected":false},"excerpt":{"rendered":"<p>Werte Leserinnen und Leser, nachdem nun auch die Mutter aller Kanzler unerwartet deutlich Position bezogen hat, haben wir eine neue Diskussion um die Wiedereinf\u00fchrung der Vorratsdatenspeicherung (VDS). Die beiden auf-rechten Kommentatoren der FAZ M\u00fcller und von Altenbockum &#8211; \u00fcbrigens wahrscheinlich &hellip; <a href=\"https:\/\/www.brennecke.org\/?p=3320\">Weiterlesen <span class=\"meta-nav\">&rarr;<\/span><\/a><\/p>\n","protected":false},"author":1,"featured_media":0,"comment_status":"closed","ping_status":"open","sticky":false,"template":"","format":"standard","meta":{"footnotes":""},"categories":[1,3],"tags":[392,845,844,390,847,140,846,848,141],"_links":{"self":[{"href":"https:\/\/www.brennecke.org\/index.php?rest_route=\/wp\/v2\/posts\/3320"}],"collection":[{"href":"https:\/\/www.brennecke.org\/index.php?rest_route=\/wp\/v2\/posts"}],"about":[{"href":"https:\/\/www.brennecke.org\/index.php?rest_route=\/wp\/v2\/types\/post"}],"author":[{"embeddable":true,"href":"https:\/\/www.brennecke.org\/index.php?rest_route=\/wp\/v2\/users\/1"}],"replies":[{"embeddable":true,"href":"https:\/\/www.brennecke.org\/index.php?rest_route=%2Fwp%2Fv2%2Fcomments&post=3320"}],"version-history":[{"count":8,"href":"https:\/\/www.brennecke.org\/index.php?rest_route=\/wp\/v2\/posts\/3320\/revisions"}],"predecessor-version":[{"id":3328,"href":"https:\/\/www.brennecke.org\/index.php?rest_route=\/wp\/v2\/posts\/3320\/revisions\/3328"}],"wp:attachment":[{"href":"https:\/\/www.brennecke.org\/index.php?rest_route=%2Fwp%2Fv2%2Fmedia&parent=3320"}],"wp:term":[{"taxonomy":"category","embeddable":true,"href":"https:\/\/www.brennecke.org\/index.php?rest_route=%2Fwp%2Fv2%2Fcategories&post=3320"},{"taxonomy":"post_tag","embeddable":true,"href":"https:\/\/www.brennecke.org\/index.php?rest_route=%2Fwp%2Fv2%2Ftags&post=3320"}],"curies":[{"name":"wp","href":"https:\/\/api.w.org\/{rel}","templated":true}]}}