{"id":3346,"date":"2015-02-06T08:39:14","date_gmt":"2015-02-06T07:39:14","guid":{"rendered":"http:\/\/www.brennecke.org\/?p=3346"},"modified":"2018-05-14T09:02:36","modified_gmt":"2018-05-14T08:02:36","slug":"masern-partys","status":"publish","type":"post","link":"https:\/\/www.brennecke.org\/?p=3346","title":{"rendered":"Masern-Partys"},"content":{"rendered":"<p>Werte Leserinnen und Leser,<\/p>\n<p>\u00dcberschriften sind gerne ein wenig knallig, um Spannung aufzubauen, die dem Leser \u00fcber die ersten Zeilen des Artikels hinweg hilft &#8211; bis er dann voll und ganz dem Autor verfallen ist. Manchmal aber setzt das wirkliche Leben Ma\u00dfst\u00e4be, die man kaum \u00fcbertreffen kann.<\/p>\n<p>Dieser Tage wird in den Medien ein <a href=\"http:\/\/www.zeit.de\/wissen\/gesundheit\/2015-02\/masern-infektion-ausbruch-berlin-impfung\">Masernausbruch in Berlin<\/a> diskutiert, genauer gesagt, im Prenzlauer Berg. Dort leben eben jene gentrifizierten Zuz\u00fcgler, die sich f\u00fcr so intelligent halten, dass ihr Weltbild von Tatsachen weitgehend unbeeindruckt bleiben darf. Zu diesem Menschenschlag geh\u00f6rt auch die wachsende Gruppe der Impfgegner. Das sind Eltern, die eine Kleinkind-Masernimpfung f\u00fcr sch\u00e4dlicher halten als die eigentliche Krankheit. Denn erwiesenerma\u00dfen kann es bei der Impfung zu Komplikationen kommen, w\u00e4hrend die Krankheit selbst mit der harmlosen Vorsilbe &#8222;Kinder&#8220; bedacht ist, genau wie in den heimeligen Worten &#8222;Kinderspielplatz&#8220;, &#8222;Kinderfilm&#8220; und &#8222;Kinderteller&#8220;. Ok, streichen Sie das letzte.<\/p>\n<p>Eine Kinderkrankheit tr\u00e4gt aber ihren Namen, weil sie so ansteckend ist, dass niemand es schafft, ihr zehn Jahre lang zu entgehen, ohne daran zu erkranken. Weil die Impfgegner das nat\u00fcrlich auch wissen, organisieren sie inzwischen &#8222;Masern-Partys&#8220;, bei denen der Nachwuchs explizit mit an Masern erkrankten Kindern zusammengebracht wird, damit die Krankheit gezielt und geplant au\u00dferhalb der Urlaubszeiten ausbreche. In den K\u00f6pfen der Erwachsenen verf\u00fcgen sie n\u00e4mlich nach dem Durchleben der Krankheit \u00fcber ein nat\u00fcrlich gest\u00e4rktes Immunsystem ohne k\u00fcnstliche Farb- und Aromastoffe.<\/p>\n<p>Nat\u00fcrlich nur, solange das Kind den Masernausbruch \u00fcberlebt. Zwei von tausend Kleinkindern sterben daran. Und alle anderen anderen leiden erheblich &#8211; drei Wochen lang.<\/p>\n<p>Und wenn Sie, werte Leserinnen und Leser, bis hierher durchgehalten haben, habe ich heute zur Belohnung einen Verweis auf die <a href=\"http:\/\/www.spiegel.de\/netzwelt\/web\/lobo-kolumne-pseudoskepsis-zweifelt-an-allem-ausser-an-sich-selbst-a-1016636.html\">Spiegel-Kolumne von Sascha Lobo<\/a> f\u00fcr Sie, denn besser als er kann ich die Frage danach, wer diese Impfgegner nun genau sind, auch nicht formulieren:<\/p>\n<blockquote><p><strong>&#8222;Es handelt sich um hoch gebildete und tendenziell wohlhabende B\u00fcrger. Um Leute also, die Pegida ausgelacht haben, weil die wider jede Statistik wegen ihrer Bauchgef\u00fchle demonstriert haben. Und f\u00fcnf Minuten sp\u00e4ter stillen sie ihren pseudoskeptischen Durst mit informiertem Wasser, das bei Vollmond an Bachbl\u00fcten vorbeigetragen wurde.&#8220;<\/strong><\/p><\/blockquote>\n<p>Es gr\u00fc\u00dft herzlich<\/p>\n<p>Ihr JL7<\/p>\n<div class=\"twoclick_social_bookmarks_post_3346 social_share_privacy clearfix 1.6.4 locale-de_DE sprite-de_DE\"><\/div><div class=\"twoclick-js\"><script type=\"text\/javascript\">\/* <![CDATA[ *\/\njQuery(document).ready(function($){if($('.twoclick_social_bookmarks_post_3346')){$('.twoclick_social_bookmarks_post_3346').socialSharePrivacy({\"services\":{\"facebook\":{\"status\":\"on\",\"txt_info\":\"2 Klicks f\\u00fcr mehr Datenschutz: Erst wenn Sie hier klicken, wird der Button aktiv und Sie k\\u00f6nnen Ihre Empfehlung an Facebook senden. Schon beim Aktivieren werden Daten an Dritte \\u00fcbertragen - siehe <em>i<\\\/em>.\",\"perma_option\":\"off\",\"action\":\"recommend\",\"language\":\"de_DE\"},\"twitter\":{\"reply_to\":\"\",\"tweet_text\":\"%20Masern-Partys%20%C2%BB%2053%20Cent%20%23Bachbl%C3%BCten%20%23Impfgegner%20%23Masern%20%23Masern-Party%20...\",\"status\":\"on\",\"txt_info\":\"2 Klicks f\\u00fcr mehr Datenschutz: Erst wenn Sie hier klicken, wird der Button aktiv und Sie k\\u00f6nnen Ihre Empfehlung an Twitter senden. Schon beim Aktivieren werden Daten an Dritte \\u00fcbertragen - siehe <em>i<\\\/em>.\",\"perma_option\":\"off\",\"language\":\"de\",\"referrer_track\":\"\"},\"gplus\":{\"status\":\"on\",\"txt_info\":\"2 Klicks f\\u00fcr mehr Datenschutz: Erst wenn Sie hier klicken, wird der Button aktiv und Sie k\\u00f6nnen Ihre Empfehlung an Google+ senden. Schon beim Aktivieren werden Daten an Dritte \\u00fcbertragen - siehe <em>i<\\\/em>.\",\"perma_option\":\"off\",\"referrer_track\":\"\"},\"flattr\":{\"uid\":\"\",\"status\":\"on\",\"the_title\":\"Masern-Partys\",\"the_excerpt\":\"Werte%20Leserinnen%20und%20Leser%2C%0D%0A%0D%0A%C3%9Cberschriften%20sind%20gerne%20ein%20wenig%20knallig%2C%20um%20Spannung%20aufzubauen%2C%20die%20dem%20Leser%20%C3%BCber%20die%20ersten%20Zeilen%20des%20Artikels%20hinweg%20hilft%20-%20bis%20er%20dann%20voll%20und%20ganz%20dem%20Autor%20verfallen%20ist.%20Manchmal%20aber%20setzt%20das%20wirkliche%20Leben%20Ma%C3%9Fst%C3%A4be%2C%20die%20man%20kaum%20%C3%BCbertreffen%20kann.%0D%0A%0D%0ADieser%20Tage%20wird%20in%20den%20Medien%20ein%20Masernausbruch%20in%20Berlin%20diskutiert%2C%20genauer%20gesagt%2C%20im%20Prenzl%20...\",\"txt_info\":\"2 Klicks f\\u00fcr mehr Datenschutz: Erst wenn Sie hier klicken, wird der Button aktiv und Sie k\\u00f6nnen Ihre Empfehlung an Flattr senden. Schon beim Aktivieren werden Daten an Dritte \\u00fcbertragen - siehe <em>i<\\\/em>.\",\"perma_option\":\"off\"}},\"txt_help\":\"Wenn Sie diese Felder durch einen Klick aktivieren, werden Informationen an Facebook, Twitter, Flattr, Xing, t3n, LinkedIn, Pinterest oder Google eventuell ins Ausland \\u00fcbertragen und unter Umst\\u00e4nden auch dort gespeichert. N\\u00e4heres erfahren Sie durch einen Klick auf das <em>i<\\\/em>.\",\"settings_perma\":\"Dauerhaft aktivieren und Daten\\u00fcber-tragung zustimmen:\",\"info_link\":\"http:\\\/\\\/www.heise.de\\\/ct\\\/artikel\\\/2-Klicks-fuer-mehr-Datenschutz-1333879.html\",\"uri\":\"https:\\\/\\\/www.brennecke.org\\\/?p=3346\",\"post_id\":3346,\"post_title_referrer_track\":\"Masern-Partys\",\"display_infobox\":\"on\"});}});\n\/* ]]> *\/<\/script><\/div>","protected":false},"excerpt":{"rendered":"<p>Werte Leserinnen und Leser, \u00dcberschriften sind gerne ein wenig knallig, um Spannung aufzubauen, die dem Leser \u00fcber die ersten Zeilen des Artikels hinweg hilft &#8211; bis er dann voll und ganz dem Autor verfallen ist. Manchmal aber setzt das wirkliche &hellip; <a href=\"https:\/\/www.brennecke.org\/?p=3346\">Weiterlesen <span class=\"meta-nav\">&rarr;<\/span><\/a><\/p>\n","protected":false},"author":1,"featured_media":0,"comment_status":"closed","ping_status":"open","sticky":false,"template":"","format":"standard","meta":{"footnotes":""},"categories":[1,447],"tags":[209,858,859,861,860],"_links":{"self":[{"href":"https:\/\/www.brennecke.org\/index.php?rest_route=\/wp\/v2\/posts\/3346"}],"collection":[{"href":"https:\/\/www.brennecke.org\/index.php?rest_route=\/wp\/v2\/posts"}],"about":[{"href":"https:\/\/www.brennecke.org\/index.php?rest_route=\/wp\/v2\/types\/post"}],"author":[{"embeddable":true,"href":"https:\/\/www.brennecke.org\/index.php?rest_route=\/wp\/v2\/users\/1"}],"replies":[{"embeddable":true,"href":"https:\/\/www.brennecke.org\/index.php?rest_route=%2Fwp%2Fv2%2Fcomments&post=3346"}],"version-history":[{"count":2,"href":"https:\/\/www.brennecke.org\/index.php?rest_route=\/wp\/v2\/posts\/3346\/revisions"}],"predecessor-version":[{"id":3348,"href":"https:\/\/www.brennecke.org\/index.php?rest_route=\/wp\/v2\/posts\/3346\/revisions\/3348"}],"wp:attachment":[{"href":"https:\/\/www.brennecke.org\/index.php?rest_route=%2Fwp%2Fv2%2Fmedia&parent=3346"}],"wp:term":[{"taxonomy":"category","embeddable":true,"href":"https:\/\/www.brennecke.org\/index.php?rest_route=%2Fwp%2Fv2%2Fcategories&post=3346"},{"taxonomy":"post_tag","embeddable":true,"href":"https:\/\/www.brennecke.org\/index.php?rest_route=%2Fwp%2Fv2%2Ftags&post=3346"}],"curies":[{"name":"wp","href":"https:\/\/api.w.org\/{rel}","templated":true}]}}