{"id":3375,"date":"2015-03-18T14:19:53","date_gmt":"2015-03-18T13:19:53","guid":{"rendered":"http:\/\/www.brennecke.org\/?p=3375"},"modified":"2018-05-14T09:02:36","modified_gmt":"2018-05-14T08:02:36","slug":"futureworld-siggi","status":"publish","type":"post","link":"https:\/\/www.brennecke.org\/?p=3375","title":{"rendered":"Futureworld-Siggi"},"content":{"rendered":"<p>Werte Leserinnen und Leser,<\/p>\n<p>dieser Tage h\u00e4ufen sich die Berichte \u00fcber unseren Vizekanzler und Bundeswirtschaftsminister Sigmar Gabriel. Der Vollst\u00e4ndigkeit halber sollte erw\u00e4hnt werden, dass Siggi auch noch Vorsitzender der SPD ist, diesen Posten aber offenbar derzeit nicht aus\u00fcbt. Denn anders ist kaum erkl\u00e4rbar, dass Siggi sich im Sinne seiner Partei eine Bereichs\u00fcberschreitung nach der anderen leistet &#8211; oder doch?<\/p>\n<ul>\n<li>Siggi und TTIP: Nachdem seine Partei ihm abgerungen hatte, dass die viel kritisierten Schiedsgerichte mit der SPD nicht zu machen seien, belehrte der Wirtschaftsminister die verbl\u00fcfften Abgeordneten im Parlament: <em>Eine komplette Streichung werde auch von niemandem in Europa unterst\u00fctzt. &#8222;Auch von keiner anderen sozialdemokratischen Regierung.&#8220; Und: &#8222;Ich bin sicher: Die SPD wird sich nicht gegen ganz Europa und gegen alle anderen sozialdemokratischen Regierungen in Europa stellen.&#8220; <\/em><strong>Ein Sozialdemokrat, der die Interessen globaler Wirtschaftskonzerne vertritt&#8230;<\/strong><\/li>\n<li>Siggi und Saudi-Arabien: Der Minister k\u00fcndigte an, &#8222;nat\u00fcrlich auch Menschenrechtsfragen&#8220; ansprechen zu wollen. Er sagte aber auch, dass er sich eigentlich auf einer Wirtschaftsreise befinde. &#8222;Der saudische Finanzminister ist, das werden alle verstehen, auch nicht so ganz der richtige Ansprechpartner f\u00fcr Menschenrechte&#8220;. <strong>Ein Sozialdemokrat, der die Menschenrechte f\u00fcr ein paar Wirtschaftsauftr\u00e4ge verkauft&#8230;<\/strong><\/li>\n<li>Siggi und PEGIDA: <em>Die Pegida-Bewegung [geh\u00f6rt] &#8222;ganz offensichtlich&#8220; zu Deutschland. &#8222;Es gibt ein demokratisches Recht darauf, rechts zu sein oder deutschnational. Egal, ob es einem gef\u00e4llt oder nicht.&#8220; Man habe auch das Recht, Dummheiten zu verbreiten wie die angebliche Islamisierung Deutschlands.<\/em> &#8211; <em>Solange man nicht der SPD angeh\u00f6rt<\/em>, m\u00f6chte ich hinzuf\u00fcgen. Siggi hat das aber leider nicht gesagt. <strong>Ein Sozialdemokrat, der sich rechtspopulistische Aussagen zu eigen macht&#8230;<\/strong><\/li>\n<li>Siggi und die Vorratsdatenspeicherung: &#8222;Ich bin der \u00dcberzeugung, wir brauchen das, ich wei\u00df aber, dass das hochumstritten ist. Ich glaube nur, dass die Debatte eine sehr ideologische ist.&#8220; Im weiteren Verlauf des <a href=\"http:\/\/www.deutschlandfunk.de\/sigmar-gabriel-wir-brauchen-die-vorratsdatenspeicherung.868.de.html?dram:article_id=314247\">Interviews mit dem DLF<\/a> erz\u00e4hlt uns Siggi dann erneut sein M\u00e4rchen von der norwegischen VDS und dem Fahndungserfolg beim Attent\u00e4ter Breivik. Nur: Norwegen hatte nie eine VDS. <strong>Ein Sozialdemokrat, der beratungsresistent\u00a0ist und \u00fcberdies\u00a0L\u00fcgen erz\u00e4hlt&#8230;<\/strong><\/li>\n<li>Siggi und EZB vs. Blockupy: <em>Die Gewalt [der Blockupy-Demonstranten, Anm. JL7] sei &#8222;durch nichts, aber auch gar nichts zu rechtfertigen&#8220;. &#8222;Ausgerechnet die EZB zum Verantwortlichen zu machen, zeugt auch von einem ganz erheblichen Unverst\u00e4ndnis dar\u00fcber, was die EZB derzeit f\u00fcr den Zusammenhalt in Europa leistet.&#8220; Das sei eine &#8222;intellektuelle Fehlleistung&#8220;.<\/em> Die EZB &#8211; ist das nicht jene Bank, die gerade 1,2 Billionen Euro druckt, um den Banken und damit den Superreichen unter die Arme zu greifen, indem sie ihnen Staatsanleihen abkauft. <strong>Ein Sozialdemokrat, der die Superreichen f\u00fcttert&#8230;<\/strong><\/li>\n<\/ul>\n<p>Mal ganz ehrlich &#8211; der Siggi ist doch kein Sozialdemokrat mehr? Den haben sie doch rechtzeitig durch eine Kopie ersetzt wie <a href=\"http:\/\/de.wikipedia.org\/wiki\/Futureworld_%E2%80%93_Das_Land_von_%C3%9Cbermorgen\">damals in diesem Film mit Peter Fonda<\/a>. Ich bin mir nur noch nicht sicher, wer ihn steuert: die Wirtschaftslobbyisten oder das Kanzleramt&#8230;<\/p>\n<p>Es gr\u00fc\u00dft herzlich<\/p>\n<p>Ihr JL7<\/p>\n<div class=\"twoclick_social_bookmarks_post_3375 social_share_privacy clearfix 1.6.4 locale-de_DE sprite-de_DE\"><\/div><div class=\"twoclick-js\"><script type=\"text\/javascript\">\/* <![CDATA[ *\/\njQuery(document).ready(function($){if($('.twoclick_social_bookmarks_post_3375')){$('.twoclick_social_bookmarks_post_3375').socialSharePrivacy({\"services\":{\"facebook\":{\"status\":\"on\",\"txt_info\":\"2 Klicks f\\u00fcr mehr Datenschutz: Erst wenn Sie hier klicken, wird der Button aktiv und Sie k\\u00f6nnen Ihre Empfehlung an Facebook senden. Schon beim Aktivieren werden Daten an Dritte \\u00fcbertragen - siehe <em>i<\\\/em>.\",\"perma_option\":\"off\",\"action\":\"recommend\",\"language\":\"de_DE\"},\"twitter\":{\"reply_to\":\"\",\"tweet_text\":\"%20Futureworld-Siggi%20%C2%BB%2053%20Cent%20%23Blockupy%20%23Breivik%20%23EZB%20%23Norwegen%20%23PEGIDA%20...\",\"status\":\"on\",\"txt_info\":\"2 Klicks f\\u00fcr mehr Datenschutz: Erst wenn Sie hier klicken, wird der Button aktiv und Sie k\\u00f6nnen Ihre Empfehlung an Twitter senden. Schon beim Aktivieren werden Daten an Dritte \\u00fcbertragen - siehe <em>i<\\\/em>.\",\"perma_option\":\"off\",\"language\":\"de\",\"referrer_track\":\"\"},\"gplus\":{\"status\":\"on\",\"txt_info\":\"2 Klicks f\\u00fcr mehr Datenschutz: Erst wenn Sie hier klicken, wird der Button aktiv und Sie k\\u00f6nnen Ihre Empfehlung an Google+ senden. Schon beim Aktivieren werden Daten an Dritte \\u00fcbertragen - siehe <em>i<\\\/em>.\",\"perma_option\":\"off\",\"referrer_track\":\"\"},\"flattr\":{\"uid\":\"\",\"status\":\"on\",\"the_title\":\"Futureworld-Siggi\",\"the_excerpt\":\"Werte%20Leserinnen%20und%20Leser%2C%0D%0A%0D%0Adieser%20Tage%20h%C3%A4ufen%20sich%20die%20Berichte%20%C3%BCber%20unseren%20Vizekanzler%20und%20Bundeswirtschaftsminister%20Sigmar%20Gabriel.%20Der%20Vollst%C3%A4ndigkeit%20halber%20sollte%20erw%C3%A4hnt%20werden%2C%20dass%20Siggi%20auch%20noch%20Vorsitzender%20der%20SPD%20ist%2C%20diesen%20Posten%20aber%20offenbar%20derzeit%20nicht%20aus%C3%BCbt.%20Denn%20anders%20ist%20kaum%20erkl%C3%A4rbar%2C%20dass%20Siggi%20sich%20im%20Sinne%20seiner%20Partei%20eine%20Bereichs%C3%BCberschreitung%20nach%20der%20an%20...\",\"txt_info\":\"2 Klicks f\\u00fcr mehr Datenschutz: Erst wenn Sie hier klicken, wird der Button aktiv und Sie k\\u00f6nnen Ihre Empfehlung an Flattr senden. Schon beim Aktivieren werden Daten an Dritte \\u00fcbertragen - siehe <em>i<\\\/em>.\",\"perma_option\":\"off\"}},\"txt_help\":\"Wenn Sie diese Felder durch einen Klick aktivieren, werden Informationen an Facebook, Twitter, Flattr, Xing, t3n, LinkedIn, Pinterest oder Google eventuell ins Ausland \\u00fcbertragen und unter Umst\\u00e4nden auch dort gespeichert. N\\u00e4heres erfahren Sie durch einen Klick auf das <em>i<\\\/em>.\",\"settings_perma\":\"Dauerhaft aktivieren und Daten\\u00fcber-tragung zustimmen:\",\"info_link\":\"http:\\\/\\\/www.heise.de\\\/ct\\\/artikel\\\/2-Klicks-fuer-mehr-Datenschutz-1333879.html\",\"uri\":\"https:\\\/\\\/www.brennecke.org\\\/?p=3375\",\"post_id\":3375,\"post_title_referrer_track\":\"Futureworld-Siggi\",\"display_infobox\":\"on\"});}});\n\/* ]]> *\/<\/script><\/div>","protected":false},"excerpt":{"rendered":"<p>Werte Leserinnen und Leser, dieser Tage h\u00e4ufen sich die Berichte \u00fcber unseren Vizekanzler und Bundeswirtschaftsminister Sigmar Gabriel. Der Vollst\u00e4ndigkeit halber sollte erw\u00e4hnt werden, dass Siggi auch noch Vorsitzender der SPD ist, diesen Posten aber offenbar derzeit nicht aus\u00fcbt. Denn anders &hellip; <a href=\"https:\/\/www.brennecke.org\/?p=3375\">Weiterlesen <span class=\"meta-nav\">&rarr;<\/span><\/a><\/p>\n","protected":false},"author":1,"featured_media":0,"comment_status":"closed","ping_status":"open","sticky":false,"template":"","format":"standard","meta":{"footnotes":""},"categories":[1,3],"tags":[575,401,862,863,825,789,835,797,141],"_links":{"self":[{"href":"https:\/\/www.brennecke.org\/index.php?rest_route=\/wp\/v2\/posts\/3375"}],"collection":[{"href":"https:\/\/www.brennecke.org\/index.php?rest_route=\/wp\/v2\/posts"}],"about":[{"href":"https:\/\/www.brennecke.org\/index.php?rest_route=\/wp\/v2\/types\/post"}],"author":[{"embeddable":true,"href":"https:\/\/www.brennecke.org\/index.php?rest_route=\/wp\/v2\/users\/1"}],"replies":[{"embeddable":true,"href":"https:\/\/www.brennecke.org\/index.php?rest_route=%2Fwp%2Fv2%2Fcomments&post=3375"}],"version-history":[{"count":5,"href":"https:\/\/www.brennecke.org\/index.php?rest_route=\/wp\/v2\/posts\/3375\/revisions"}],"predecessor-version":[{"id":3394,"href":"https:\/\/www.brennecke.org\/index.php?rest_route=\/wp\/v2\/posts\/3375\/revisions\/3394"}],"wp:attachment":[{"href":"https:\/\/www.brennecke.org\/index.php?rest_route=%2Fwp%2Fv2%2Fmedia&parent=3375"}],"wp:term":[{"taxonomy":"category","embeddable":true,"href":"https:\/\/www.brennecke.org\/index.php?rest_route=%2Fwp%2Fv2%2Fcategories&post=3375"},{"taxonomy":"post_tag","embeddable":true,"href":"https:\/\/www.brennecke.org\/index.php?rest_route=%2Fwp%2Fv2%2Ftags&post=3375"}],"curies":[{"name":"wp","href":"https:\/\/api.w.org\/{rel}","templated":true}]}}