{"id":3378,"date":"2015-03-18T14:52:52","date_gmt":"2015-03-18T13:52:52","guid":{"rendered":"http:\/\/www.brennecke.org\/?p=3378"},"modified":"2018-05-14T09:02:36","modified_gmt":"2018-05-14T08:02:36","slug":"ezb-macht-reich","status":"publish","type":"post","link":"https:\/\/www.brennecke.org\/?p=3378","title":{"rendered":"EZB! Macht! Reich!"},"content":{"rendered":"<p>Liebe versammelte Vorst\u00e4nde der Gro\u00dfbanken,<\/p>\n<p>mit Freuden habe ich heute der Er\u00f6ffnung des neuen Palasts der Europ\u00e4ischen Zentralbank beigewohnt. Eindrucksvoller kann man kaum darstellen, welche Machtposition unser Bankensektor im Gef\u00fcge des europ\u00e4ischen Wirtschaftsraums einnimmt. Wir haben die schwierigen Zeiten ab 2008 nicht nur \u00fcberstanden, nein, wir sind besser, gr\u00f6\u00dfer und unverzichtbarer als je zuvor.<\/p>\n<p>Ich m\u00f6chte insbesondere dem Vizekanzler und Wirtschaftsminister der Bundesrepublik Deutschland, Herrn Sigmar Gabriel, f\u00fcr seine klaren Wort zu den Protesten drau\u00dfen auf den Stra\u00dfen Frankfurts danken, und ich m\u00f6chte seine Worte hier best\u00e4tigen: ausgerechnet die EZB zum Verantwortlichen zu machen, zeugt\u00a0 von einem ganz erheblichen Unverst\u00e4ndnis dar\u00fcber, was die EZB derzeit f\u00fcr den Zusammenhalt in Europa leistet. Das ist, da hat Herr Gabriel v\u00f6llig recht, eine intellektuelle Fehlleistung.<\/p>\n<p>Die EZB hat dieser Tage das gr\u00f6\u00dfte Gelddruckprogramm der Geschichte Europas gestartet. Bis September 2016 werden wir in jedem Monat den Banken Staatsanleihen im Werte von 60 Milliarden Euro abkaufen. Meine Herren, das sind 1,2 Billionen Euro, die die Bilanzen Ihrer Unternehmen in ungeahntem Ausma\u00df sch\u00f6nen werden. Dieses Geld geh\u00f6rt allein Ihnen und nicht dem P\u00f6bel auf der Stra\u00dfe. Es wird nicht f\u00fcr einen Kita-Ausbau verschwendet, nicht f\u00fcr Mindestl\u00f6hne f\u00fcr Frauen und schon gar nicht f\u00fcr das \u00dcberleben des Prekariats. Ganz nebenbei sichern wir Ihnen damit deutlich h\u00f6here Millionen-Boni als bisher zu. Kaufen Sie sich davon etwas Nettes, oder machen Sie Ihrer Frau ein sch\u00f6nes Geschenk &#8211; es gibt nichs und niemand, das oder den Sie mit Geld nicht kaufen k\u00f6nnten.<\/p>\n<p>Bedenken wir auch unsere Bedeutung f\u00fcr den Finanzplatz &#8222;Erde&#8220;: Die weltweite Deregulierung der Banken und die darauf folgende Erfindung undurchschaubarer Finanzprodukte in den Neunzigern hat uns f\u00fcr die Welt und ihre Wirtschaft unverzichtbar gemacht. Man bezahlt unsere Verluste, egal was wir tun und welche realwirtschaftlichen Folgen es hat, w\u00e4hrend wir unsere Gewinne dank Kleinstaaten wie Luxemburg unversteuert behalten d\u00fcrfen. Wir gelten als too-big-to-fail &#8211; und wir tun alles daf\u00fcr, es auch zu bleiben.<\/p>\n<p>[Drau\u00dfen fliegen Steine gegen das kugelsichere Glas. Falls keine Blockupy-Gegner in der N\u00e4he sind, bitte unwichtige Angestellte abordnen und entsprechend einkleiden.]<\/p>\n<p>Meine Herren, Sie wissen, wir lassen uns nicht beunruhigen, nicht von den aufst\u00e4ndischen Kommunisten oder den Terroristen da drau\u00dfen und in der Welt, nicht von Klimawandel oder Ressourcenknappheit, nicht von Demokratie oder Diktatur. Denn <strong>wir<\/strong> regieren die Welt. <strong>Wir<\/strong> steuern das Klima, den Terror, Armut und Reichtum. <strong>Wir<\/strong> haben die Verantwortung \u00fcbernommen, und wir werden sie nie wieder hergeben. <strong>Wir<\/strong> sind unbesiegbar.<\/p>\n<p>Lassen Sie uns an diesem Tag feiern &#8211; uns, unsere grenzenlose Gier und die Chuzpe, die B\u00fcrger Europas unseren Reichtum bezahlen zu lassen. Ich w\u00fcnsche uns allen weiterhin beste Gesch\u00e4fte. M\u00f6ge sich das Geld in unseren Taschen vermehren in alle Ewigkeit. Amen.<\/p>\n<p>(F\u00fcr Mario Draghi zur Er\u00f6ffnung des neuen EZB-Palasts in Frankfurt von JL7 geschriebene Rede.<\/p>\n<p>W\u00e4hrend der (realen) Er\u00f6ffnung fand in Frankfurt eine (friedliche) Demonstration mit mehr als 10.000 Teilnehmern gegen die Austerit\u00e4tspolitik der EU statt. Zuvor hatte es bereits gewaltt\u00e4tige Ausschreitungen gegeben.<\/p>\n<p>&nbsp;<\/p>\n<div class=\"twoclick_social_bookmarks_post_3378 social_share_privacy clearfix 1.6.4 locale-de_DE sprite-de_DE\"><\/div><div class=\"twoclick-js\"><script type=\"text\/javascript\">\/* <![CDATA[ *\/\njQuery(document).ready(function($){if($('.twoclick_social_bookmarks_post_3378')){$('.twoclick_social_bookmarks_post_3378').socialSharePrivacy({\"services\":{\"facebook\":{\"status\":\"on\",\"txt_info\":\"2 Klicks f\\u00fcr mehr Datenschutz: Erst wenn Sie hier klicken, wird der Button aktiv und Sie k\\u00f6nnen Ihre Empfehlung an Facebook senden. Schon beim Aktivieren werden Daten an Dritte \\u00fcbertragen - siehe <em>i<\\\/em>.\",\"perma_option\":\"off\",\"action\":\"recommend\",\"language\":\"de_DE\"},\"twitter\":{\"reply_to\":\"\",\"tweet_text\":\"EZB%21%20Macht%21%20Reich%21%20%C2%BB%2053%20Cent%20%23Draghi%20%23EZB%20%23Frankfurt%20%23Gabriel\",\"status\":\"on\",\"txt_info\":\"2 Klicks f\\u00fcr mehr Datenschutz: Erst wenn Sie hier klicken, wird der Button aktiv und Sie k\\u00f6nnen Ihre Empfehlung an Twitter senden. Schon beim Aktivieren werden Daten an Dritte \\u00fcbertragen - siehe <em>i<\\\/em>.\",\"perma_option\":\"off\",\"language\":\"de\",\"referrer_track\":\"\"},\"gplus\":{\"status\":\"on\",\"txt_info\":\"2 Klicks f\\u00fcr mehr Datenschutz: Erst wenn Sie hier klicken, wird der Button aktiv und Sie k\\u00f6nnen Ihre Empfehlung an Google+ senden. Schon beim Aktivieren werden Daten an Dritte \\u00fcbertragen - siehe <em>i<\\\/em>.\",\"perma_option\":\"off\",\"referrer_track\":\"\"},\"flattr\":{\"uid\":\"\",\"status\":\"on\",\"the_title\":\"EZB%21%20Macht%21%20Reich%21\",\"the_excerpt\":\"Liebe%20versammelte%20Vorst%C3%A4nde%20der%20Gro%C3%9Fbanken%2C%0D%0A%0D%0Amit%20Freuden%20habe%20ich%20heute%20der%20Er%C3%B6ffnung%20des%20neuen%20Palasts%20der%20Europ%C3%A4ischen%20Zentralbank%20beigewohnt.%20Eindrucksvoller%20kann%20man%20kaum%20darstellen%2C%20welche%20Machtposition%20unser%20Bankensektor%20im%20Gef%C3%BCge%20des%20europ%C3%A4ischen%20Wirtschaftsraums%20einnimmt.%20Wir%20haben%20die%20schwierigen%20Zeiten%20ab%202008%20nicht%20nur%20%C3%BCberstanden%2C%20nein%2C%20wir%20sind%20besser%2C%20gr%C3%B6%C3%9Fer%20und%20unverzichtbarer%20...\",\"txt_info\":\"2 Klicks f\\u00fcr mehr Datenschutz: Erst wenn Sie hier klicken, wird der Button aktiv und Sie k\\u00f6nnen Ihre Empfehlung an Flattr senden. Schon beim Aktivieren werden Daten an Dritte \\u00fcbertragen - siehe <em>i<\\\/em>.\",\"perma_option\":\"off\"}},\"txt_help\":\"Wenn Sie diese Felder durch einen Klick aktivieren, werden Informationen an Facebook, Twitter, Flattr, Xing, t3n, LinkedIn, Pinterest oder Google eventuell ins Ausland \\u00fcbertragen und unter Umst\\u00e4nden auch dort gespeichert. N\\u00e4heres erfahren Sie durch einen Klick auf das <em>i<\\\/em>.\",\"settings_perma\":\"Dauerhaft aktivieren und Daten\\u00fcber-tragung zustimmen:\",\"info_link\":\"http:\\\/\\\/www.heise.de\\\/ct\\\/artikel\\\/2-Klicks-fuer-mehr-Datenschutz-1333879.html\",\"uri\":\"https:\\\/\\\/www.brennecke.org\\\/?p=3378\",\"post_id\":3378,\"post_title_referrer_track\":\"EZB%21+Macht%21+Reich%21\",\"display_infobox\":\"on\"});}});\n\/* ]]> *\/<\/script><\/div>","protected":false},"excerpt":{"rendered":"<p>Liebe versammelte Vorst\u00e4nde der Gro\u00dfbanken, mit Freuden habe ich heute der Er\u00f6ffnung des neuen Palasts der Europ\u00e4ischen Zentralbank beigewohnt. Eindrucksvoller kann man kaum darstellen, welche Machtposition unser Bankensektor im Gef\u00fcge des europ\u00e4ischen Wirtschaftsraums einnimmt. Wir haben die schwierigen Zeiten ab &hellip; <a href=\"https:\/\/www.brennecke.org\/?p=3378\">Weiterlesen <span class=\"meta-nav\">&rarr;<\/span><\/a><\/p>\n","protected":false},"author":1,"featured_media":0,"comment_status":"closed","ping_status":"open","sticky":false,"template":"","format":"standard","meta":{"footnotes":""},"categories":[1,3,447],"tags":[864,862,865,279],"_links":{"self":[{"href":"https:\/\/www.brennecke.org\/index.php?rest_route=\/wp\/v2\/posts\/3378"}],"collection":[{"href":"https:\/\/www.brennecke.org\/index.php?rest_route=\/wp\/v2\/posts"}],"about":[{"href":"https:\/\/www.brennecke.org\/index.php?rest_route=\/wp\/v2\/types\/post"}],"author":[{"embeddable":true,"href":"https:\/\/www.brennecke.org\/index.php?rest_route=\/wp\/v2\/users\/1"}],"replies":[{"embeddable":true,"href":"https:\/\/www.brennecke.org\/index.php?rest_route=%2Fwp%2Fv2%2Fcomments&post=3378"}],"version-history":[{"count":5,"href":"https:\/\/www.brennecke.org\/index.php?rest_route=\/wp\/v2\/posts\/3378\/revisions"}],"predecessor-version":[{"id":3391,"href":"https:\/\/www.brennecke.org\/index.php?rest_route=\/wp\/v2\/posts\/3378\/revisions\/3391"}],"wp:attachment":[{"href":"https:\/\/www.brennecke.org\/index.php?rest_route=%2Fwp%2Fv2%2Fmedia&parent=3378"}],"wp:term":[{"taxonomy":"category","embeddable":true,"href":"https:\/\/www.brennecke.org\/index.php?rest_route=%2Fwp%2Fv2%2Fcategories&post=3378"},{"taxonomy":"post_tag","embeddable":true,"href":"https:\/\/www.brennecke.org\/index.php?rest_route=%2Fwp%2Fv2%2Ftags&post=3378"}],"curies":[{"name":"wp","href":"https:\/\/api.w.org\/{rel}","templated":true}]}}