{"id":3398,"date":"2015-04-15T11:27:16","date_gmt":"2015-04-15T10:27:16","guid":{"rendered":"http:\/\/www.brennecke.org\/?p=3398"},"modified":"2018-05-14T09:02:08","modified_gmt":"2018-05-14T08:02:08","slug":"hoechstspeicherfrist-der-neuste-schrei-aus-berlin","status":"publish","type":"post","link":"https:\/\/www.brennecke.org\/?p=3398","title":{"rendered":"H\u00f6chstspeicherfrist &#8211; der neuste Schrei aus Berlin"},"content":{"rendered":"<p>Werte Leserinnen und Leser,<\/p>\n<p>heute haben Justiz- und Innenministerium die neuen \u00dcberwachungspl\u00e4ne der Bundesregierung vorgestellt. nachdem nun die meisten B\u00fcrger begriffen haben, dass die Vorratsdatenspeicherung ein Unding ist und Unschuldige verd\u00e4chtigt, statt Schuldige zu liefern, hat die Regierung nun einen neuen Namen daf\u00fcr: Die <em>H\u00f6chstspeicherfrist<\/em> soll es nun richten, und sie soll f\u00fcr maximal 10 Wochen gelten.<\/p>\n<p>Am Grundproblem der VDS in Bezug auf ihre rechtliche Einordnung \u00e4ndert das neue Vorhaben leider gar nichts: Eine anlasslose \u00dcberwachung der gesamten Bev\u00f6lkerung verst\u00f6\u00dft nach dem Grundsatzurteil des EuGH gegen die Menschenrechte und ist damit verfassungswidrig. Man darf gespannt sein, welche juristischen Tricks die Regierung diesmal anwendet, um doch noch die Erf\u00fcllung ihrer feuchten \u00dcberwachungstr\u00e4ume zu erleben.<\/p>\n<p>F\u00fcr alle anderen gilt: K\u00e4mpft gegen diesen Unsinn. Und an die SPD-Mitglieder: Setzt endlich diesen irrlichternden Gabriel ab &#8211; Ihr landet sonst bei genau den 18%, die die FDP einstmals erreichen wollte.<\/p>\n<div class=\"twoclick_social_bookmarks_post_3398 social_share_privacy clearfix 1.6.4 locale-de_DE sprite-de_DE\"><\/div><div class=\"twoclick-js\"><script type=\"text\/javascript\">\/* <![CDATA[ *\/\njQuery(document).ready(function($){if($('.twoclick_social_bookmarks_post_3398')){$('.twoclick_social_bookmarks_post_3398').socialSharePrivacy({\"services\":{\"facebook\":{\"status\":\"on\",\"txt_info\":\"2 Klicks f\\u00fcr mehr Datenschutz: Erst wenn Sie hier klicken, wird der Button aktiv und Sie k\\u00f6nnen Ihre Empfehlung an Facebook senden. Schon beim Aktivieren werden Daten an Dritte \\u00fcbertragen - siehe <em>i<\\\/em>.\",\"perma_option\":\"off\",\"action\":\"recommend\",\"language\":\"de_DE\"},\"twitter\":{\"reply_to\":\"\",\"tweet_text\":\"H%C3%B6chstspeicherfrist%20%E2%80%93%20der%20neuste%20Schrei%20aus%20Berlin%20%C2%BB%2053%20Cent\",\"status\":\"on\",\"txt_info\":\"2 Klicks f\\u00fcr mehr Datenschutz: Erst wenn Sie hier klicken, wird der Button aktiv und Sie k\\u00f6nnen Ihre Empfehlung an Twitter senden. Schon beim Aktivieren werden Daten an Dritte \\u00fcbertragen - siehe <em>i<\\\/em>.\",\"perma_option\":\"off\",\"language\":\"de\",\"referrer_track\":\"\"},\"gplus\":{\"status\":\"on\",\"txt_info\":\"2 Klicks f\\u00fcr mehr Datenschutz: Erst wenn Sie hier klicken, wird der Button aktiv und Sie k\\u00f6nnen Ihre Empfehlung an Google+ senden. Schon beim Aktivieren werden Daten an Dritte \\u00fcbertragen - siehe <em>i<\\\/em>.\",\"perma_option\":\"off\",\"referrer_track\":\"\"},\"flattr\":{\"uid\":\"\",\"status\":\"on\",\"the_title\":\"H%C3%B6chstspeicherfrist%20%26%238211%3B%20der%20neuste%20Schrei%20aus%20Berlin\",\"the_excerpt\":\"Werte%20Leserinnen%20und%20Leser%2C%0D%0A%0D%0Aheute%20haben%20Justiz-%20und%20Innenministerium%20die%20neuen%20%C3%9Cberwachungspl%C3%A4ne%20der%20Bundesregierung%20vorgestellt.%20nachdem%20nun%20die%20meisten%20B%C3%BCrger%20begriffen%20haben%2C%20dass%20die%20Vorratsdatenspeicherung%20ein%20Unding%20ist%20und%20Unschuldige%20verd%C3%A4chtigt%2C%20statt%20Schuldige%20zu%20liefern%2C%20hat%20die%20Regierung%20nun%20einen%20neuen%20Namen%20daf%C3%BCr%3A%20Die%20H%C3%B6chstspeicherfrist%20soll%20es%20nun%20richten%2C%20und%20sie%20soll%20f%C3%BCr%20m%20...\",\"txt_info\":\"2 Klicks f\\u00fcr mehr Datenschutz: Erst wenn Sie hier klicken, wird der Button aktiv und Sie k\\u00f6nnen Ihre Empfehlung an Flattr senden. Schon beim Aktivieren werden Daten an Dritte \\u00fcbertragen - siehe <em>i<\\\/em>.\",\"perma_option\":\"off\"}},\"txt_help\":\"Wenn Sie diese Felder durch einen Klick aktivieren, werden Informationen an Facebook, Twitter, Flattr, Xing, t3n, LinkedIn, Pinterest oder Google eventuell ins Ausland \\u00fcbertragen und unter Umst\\u00e4nden auch dort gespeichert. N\\u00e4heres erfahren Sie durch einen Klick auf das <em>i<\\\/em>.\",\"settings_perma\":\"Dauerhaft aktivieren und Daten\\u00fcber-tragung zustimmen:\",\"info_link\":\"http:\\\/\\\/www.heise.de\\\/ct\\\/artikel\\\/2-Klicks-fuer-mehr-Datenschutz-1333879.html\",\"uri\":\"https:\\\/\\\/www.brennecke.org\\\/?p=3398\",\"post_id\":3398,\"post_title_referrer_track\":\"H%C3%B6chstspeicherfrist+%26%238211%3B+der+neuste+Schrei+aus+Berlin\",\"display_infobox\":\"on\"});}});\n\/* ]]> *\/<\/script><\/div>","protected":false},"excerpt":{"rendered":"<p>Werte Leserinnen und Leser, heute haben Justiz- und Innenministerium die neuen \u00dcberwachungspl\u00e4ne der Bundesregierung vorgestellt. nachdem nun die meisten B\u00fcrger begriffen haben, dass die Vorratsdatenspeicherung ein Unding ist und Unschuldige verd\u00e4chtigt, statt Schuldige zu liefern, hat die Regierung nun einen &hellip; <a href=\"https:\/\/www.brennecke.org\/?p=3398\">Weiterlesen <span class=\"meta-nav\">&rarr;<\/span><\/a><\/p>\n","protected":false},"author":1,"featured_media":0,"comment_status":"closed","ping_status":"open","sticky":false,"template":"","format":"standard","meta":{"footnotes":""},"categories":[1],"tags":[],"_links":{"self":[{"href":"https:\/\/www.brennecke.org\/index.php?rest_route=\/wp\/v2\/posts\/3398"}],"collection":[{"href":"https:\/\/www.brennecke.org\/index.php?rest_route=\/wp\/v2\/posts"}],"about":[{"href":"https:\/\/www.brennecke.org\/index.php?rest_route=\/wp\/v2\/types\/post"}],"author":[{"embeddable":true,"href":"https:\/\/www.brennecke.org\/index.php?rest_route=\/wp\/v2\/users\/1"}],"replies":[{"embeddable":true,"href":"https:\/\/www.brennecke.org\/index.php?rest_route=%2Fwp%2Fv2%2Fcomments&post=3398"}],"version-history":[{"count":3,"href":"https:\/\/www.brennecke.org\/index.php?rest_route=\/wp\/v2\/posts\/3398\/revisions"}],"predecessor-version":[{"id":3401,"href":"https:\/\/www.brennecke.org\/index.php?rest_route=\/wp\/v2\/posts\/3398\/revisions\/3401"}],"wp:attachment":[{"href":"https:\/\/www.brennecke.org\/index.php?rest_route=%2Fwp%2Fv2%2Fmedia&parent=3398"}],"wp:term":[{"taxonomy":"category","embeddable":true,"href":"https:\/\/www.brennecke.org\/index.php?rest_route=%2Fwp%2Fv2%2Fcategories&post=3398"},{"taxonomy":"post_tag","embeddable":true,"href":"https:\/\/www.brennecke.org\/index.php?rest_route=%2Fwp%2Fv2%2Ftags&post=3398"}],"curies":[{"name":"wp","href":"https:\/\/api.w.org\/{rel}","templated":true}]}}