{"id":3412,"date":"2015-05-04T10:54:00","date_gmt":"2015-05-04T09:54:00","guid":{"rendered":"http:\/\/www.brennecke.org\/?p=3412"},"modified":"2018-05-14T09:02:08","modified_gmt":"2018-05-14T08:02:08","slug":"neues-von-der-bahn","status":"publish","type":"post","link":"https:\/\/www.brennecke.org\/?p=3412","title":{"rendered":"Neues von der Bahn"},"content":{"rendered":"<p>Werte Leserinnen und Leser,<\/p>\n<p>die Gewerkschaft der Lokf\u00fchrer (GdL) hat im aktuellen Tarifkonflikt nun den siebten Streik angek\u00fcndigt &#8211; sechs Tage soll er dauern. Netterweise hat man ihn zwei Tage vorher angek\u00fcndigt, so dass sich Bahnfahrer und Autofahrer, Industrie und Taxigewerbe, Berufspendler und Touristen, Autovermieter und Rikschafahrer und alle anderen Betroffenen rechtzeitig auf den Ausstand einstellen k\u00f6nnen.<\/p>\n<p>Es bedarf keiner gro\u00dfen prophetischen F\u00e4higkeiten vorauszusagen, dass dieser Streik der letzte im aktuellen Konflikt sein wird. Der GdL-Chef Weselsky verordnet uns sechs Tage lang das volle Programm &#8211; alle GdL-Lokf\u00fcher streiken. Damit besteht keine Chance einer sp\u00e4teren Eskalation (z.B. erst die G\u00fcterz\u00fcge, dann, wenn sich nichts aufseiten der Bahn bewegt, die Personenz\u00fcge usw.). Er hat nur noch eine einzige Karte auf der Hand: die eines unbefristeten Streiks. Und da Herr Weselsky den Streik unter anderem mit in der Verfasssung garantierten Rechten begr\u00fcndet, kennt er sicher auch Absatz 4, Satz 1 des Grundgesetz-Artikels 87e:<\/p>\n<blockquote><p>&#8222;Der Bund gew\u00e4hrleistet, dass dem Wohl der Allgemeinheit, insbesondere den Verkehrsbed\u00fcrfnissen, beim Ausbau und Erhalt des Schienennetzes der Eisenbahnen des Bundes sowie bei deren Verkehrsangeboten auf diesem Schienennetz, soweit diese nicht den Schienenpersonennahverkehr betreffen, Rechnung getragen wird.&#8220;<\/p><\/blockquote>\n<p>Weselskys letzte Karte ist also nichts wert, denn ein unbefristeter Streik w\u00e4re ein Verfassungsversto\u00df und damit unrechtm\u00e4\u00dfig.<\/p>\n<p>Auch vonseiten des Gesetzgebers ist die Stellung der GdL bedroht: dort arbeitet man an einem Gesetz zur Tarifeinheit, das in den Betrieben den Vorrang der gr\u00f6\u00dften Gerwerkschaft vorschreiben will &#8211; das w\u00e4re im Falle der Bahn in den meisten F\u00e4llen die konkurrierende <a href=\"http:\/\/de.wikipedia.org\/wiki\/Eisenbahn-_und_Verkehrsgewerkschaft\">Eisenbahn- und Verkehrsgewerkschaft<\/a> (EVG). Das Gesetz wird zur Mitte des Jahres erwartet. Es ist allerdings umstritten, ob es verfassungskonform ist &#8211; Klagen dagegen werden sich allerdings mehrere Jahre hinziehen, und solange wird es wohl in Kraft bleiben.<\/p>\n<p>Keine rosigen Aussichten also f\u00fcr Weselsky &#8211; und f\u00fcr uns Betroffene bleibt der Trost, dass die GdL \u00e4hnlich enden wird wie ein \u00fcberfl\u00fcssiger Wintereinbruch im April: nervig &#8211; aber morgen schon Schnee von gestern.<\/p>\n<p>Es gr\u00fc\u00dft herzlich<\/p>\n<p>Ihr JL7<\/p>\n<p>P.S.: Falls Sie w\u00e4hrend des Streiks gerade etwas Zeit \u00fcbrig haben, sei Ihnen das neue <a href=\"http:\/\/www.spiegel.de\/spam\/satire-spiegel-online-bahnstreik-weselsky-maerklin-a-1031926.html\">Modelleisenbahn-Set &#8222;Weselsky Edition&#8220; von M\u00e4rklin<\/a> ans Herz gelegt. Aus der Produktbeschreibung:<\/p>\n<blockquote><p>Neben Gleisen und Weichen im Format H0 beinhaltet der Kasten eine Elektrolokomotive samt zweier Reisezugwagen, einen Nahverkehrstriebwagen und eine schwere Diesellok mit drei Sch\u00fcttgutwaggons. Das Einzigartige daran: Keiner der Z\u00fcge l\u00e4sst sich mit elektrischem Strom auch nur einen Millimeter vorw\u00e4rtsbewegen. Das will M\u00e4rklin den Kunden garantieren. Falls eine Lok doch \u00fcberraschend losfahre, werde man den Kaufpreis umgehend zur\u00fcckerstatten.<\/p><\/blockquote>\n<p>&nbsp;<\/p>\n<div class=\"twoclick_social_bookmarks_post_3412 social_share_privacy clearfix 1.6.4 locale-de_DE sprite-de_DE\"><\/div><div class=\"twoclick-js\"><script type=\"text\/javascript\">\/* <![CDATA[ *\/\njQuery(document).ready(function($){if($('.twoclick_social_bookmarks_post_3412')){$('.twoclick_social_bookmarks_post_3412').socialSharePrivacy({\"services\":{\"facebook\":{\"status\":\"on\",\"txt_info\":\"2 Klicks f\\u00fcr mehr Datenschutz: Erst wenn Sie hier klicken, wird der Button aktiv und Sie k\\u00f6nnen Ihre Empfehlung an Facebook senden. Schon beim Aktivieren werden Daten an Dritte \\u00fcbertragen - siehe <em>i<\\\/em>.\",\"perma_option\":\"off\",\"action\":\"recommend\",\"language\":\"de_DE\"},\"twitter\":{\"reply_to\":\"\",\"tweet_text\":\"%20Neues%20von%20der%20Bahn%20%C2%BB%2053%20Cent%20%23Bahn%20%23EVG%20%23GDL%20%23M%C3%A4rklin%20%23Streik%20...\",\"status\":\"on\",\"txt_info\":\"2 Klicks f\\u00fcr mehr Datenschutz: Erst wenn Sie hier klicken, wird der Button aktiv und Sie k\\u00f6nnen Ihre Empfehlung an Twitter senden. Schon beim Aktivieren werden Daten an Dritte \\u00fcbertragen - siehe <em>i<\\\/em>.\",\"perma_option\":\"off\",\"language\":\"de\",\"referrer_track\":\"\"},\"gplus\":{\"status\":\"on\",\"txt_info\":\"2 Klicks f\\u00fcr mehr Datenschutz: Erst wenn Sie hier klicken, wird der Button aktiv und Sie k\\u00f6nnen Ihre Empfehlung an Google+ senden. Schon beim Aktivieren werden Daten an Dritte \\u00fcbertragen - siehe <em>i<\\\/em>.\",\"perma_option\":\"off\",\"referrer_track\":\"\"},\"flattr\":{\"uid\":\"\",\"status\":\"on\",\"the_title\":\"Neues%20von%20der%20Bahn\",\"the_excerpt\":\"Werte%20Leserinnen%20und%20Leser%2C%0D%0A%0D%0Adie%20Gewerkschaft%20der%20Lokf%C3%BChrer%20%28GdL%29%20hat%20im%20aktuellen%20Tarifkonflikt%20nun%20den%20siebten%20Streik%20angek%C3%BCndigt%20-%20sechs%20Tage%20soll%20er%20dauern.%20Netterweise%20hat%20man%20ihn%20zwei%20Tage%20vorher%20angek%C3%BCndigt%2C%20so%20dass%20sich%20Bahnfahrer%20und%20Autofahrer%2C%20Industrie%20und%20Taxigewerbe%2C%20Berufspendler%20und%20Touristen%2C%20Autovermieter%20und%20Rikschafahrer%20und%20alle%20anderen%20Betroffenen%20rechtzeitig%20auf%20den%20Au%20...\",\"txt_info\":\"2 Klicks f\\u00fcr mehr Datenschutz: Erst wenn Sie hier klicken, wird der Button aktiv und Sie k\\u00f6nnen Ihre Empfehlung an Flattr senden. Schon beim Aktivieren werden Daten an Dritte \\u00fcbertragen - siehe <em>i<\\\/em>.\",\"perma_option\":\"off\"}},\"txt_help\":\"Wenn Sie diese Felder durch einen Klick aktivieren, werden Informationen an Facebook, Twitter, Flattr, Xing, t3n, LinkedIn, Pinterest oder Google eventuell ins Ausland \\u00fcbertragen und unter Umst\\u00e4nden auch dort gespeichert. N\\u00e4heres erfahren Sie durch einen Klick auf das <em>i<\\\/em>.\",\"settings_perma\":\"Dauerhaft aktivieren und Daten\\u00fcber-tragung zustimmen:\",\"info_link\":\"http:\\\/\\\/www.heise.de\\\/ct\\\/artikel\\\/2-Klicks-fuer-mehr-Datenschutz-1333879.html\",\"uri\":\"https:\\\/\\\/www.brennecke.org\\\/?p=3412\",\"post_id\":3412,\"post_title_referrer_track\":\"Neues+von+der+Bahn\",\"display_infobox\":\"on\"});}});\n\/* ]]> *\/<\/script><\/div>","protected":false},"excerpt":{"rendered":"<p>Werte Leserinnen und Leser, die Gewerkschaft der Lokf\u00fchrer (GdL) hat im aktuellen Tarifkonflikt nun den siebten Streik angek\u00fcndigt &#8211; sechs Tage soll er dauern. Netterweise hat man ihn zwei Tage vorher angek\u00fcndigt, so dass sich Bahnfahrer und Autofahrer, Industrie und &hellip; <a href=\"https:\/\/www.brennecke.org\/?p=3412\">Weiterlesen <span class=\"meta-nav\">&rarr;<\/span><\/a><\/p>\n","protected":false},"author":1,"featured_media":0,"comment_status":"closed","ping_status":"open","sticky":false,"template":"","format":"standard","meta":{"footnotes":""},"categories":[1,3],"tags":[457,798,799,879,800,880,801],"_links":{"self":[{"href":"https:\/\/www.brennecke.org\/index.php?rest_route=\/wp\/v2\/posts\/3412"}],"collection":[{"href":"https:\/\/www.brennecke.org\/index.php?rest_route=\/wp\/v2\/posts"}],"about":[{"href":"https:\/\/www.brennecke.org\/index.php?rest_route=\/wp\/v2\/types\/post"}],"author":[{"embeddable":true,"href":"https:\/\/www.brennecke.org\/index.php?rest_route=\/wp\/v2\/users\/1"}],"replies":[{"embeddable":true,"href":"https:\/\/www.brennecke.org\/index.php?rest_route=%2Fwp%2Fv2%2Fcomments&post=3412"}],"version-history":[{"count":2,"href":"https:\/\/www.brennecke.org\/index.php?rest_route=\/wp\/v2\/posts\/3412\/revisions"}],"predecessor-version":[{"id":3424,"href":"https:\/\/www.brennecke.org\/index.php?rest_route=\/wp\/v2\/posts\/3412\/revisions\/3424"}],"wp:attachment":[{"href":"https:\/\/www.brennecke.org\/index.php?rest_route=%2Fwp%2Fv2%2Fmedia&parent=3412"}],"wp:term":[{"taxonomy":"category","embeddable":true,"href":"https:\/\/www.brennecke.org\/index.php?rest_route=%2Fwp%2Fv2%2Fcategories&post=3412"},{"taxonomy":"post_tag","embeddable":true,"href":"https:\/\/www.brennecke.org\/index.php?rest_route=%2Fwp%2Fv2%2Ftags&post=3412"}],"curies":[{"name":"wp","href":"https:\/\/api.w.org\/{rel}","templated":true}]}}