{"id":3414,"date":"2015-05-04T14:30:11","date_gmt":"2015-05-04T13:30:11","guid":{"rendered":"http:\/\/www.brennecke.org\/?p=3414"},"modified":"2018-05-14T09:02:07","modified_gmt":"2018-05-14T08:02:07","slug":"der-einsame-kampf-der-faz","status":"publish","type":"post","link":"https:\/\/www.brennecke.org\/?p=3414","title":{"rendered":"Der einsame Kampf der FAZ"},"content":{"rendered":"<p>Werte Leserinnen und Leser,<\/p>\n<p>w\u00e4hrend wir Tag f\u00fcr Tag neue Ungeheuerlichkeiten \u00fcber den BND und seine (Nicht-)Kontrolleure h\u00f6ren und lesen m\u00fcssen, arbeitet sich das Politikressort der FAZ in Don-Quijote-Manier einsam daran ab, den Lesern obrigkeitsstaatliches Denken beizubringen.<\/p>\n<p>Meinem pers\u00f6nlicher politischer S\u00fcdpol Jasper von Altenbockum (JvA) versucht sich in gleich vier Kommentaren an dem Kunstst\u00fcck, die Arbeit des BND als alternativlos und vor allem als wohlt\u00e4tig sch\u00f6nzureden. Es begann harmlos mit einer Belobigung des stets aufkl\u00e4rerischen Verhaltens der Bundesregierung:<\/p>\n<p>Es ist das Verdienst des Untersuchungsausschusses im Bundestag, diese Pflichtverletzung [des BND, Anm. JL7] ans Tageslicht gebracht zu haben. Dass Kanzleramtsminister Peter Altmaier die Abgeordneten dar\u00fcber informierte, zeigt, wie ernst die Bundesregierung die Angelegenheit nimmt. (<a href=\"http:\/\/www.faz.net\/aktuell\/politik\/kommentar-der-bnd-im-circus-maximus-13557254.html\">faz.net vom 23.04.2015<\/a>)<\/p>\n<p>Doch schon am Tage darauf hatte JvA erkannt, dass die Geheimdienste und die Regierung seiner F\u00fcrsprache bed\u00fcrfen.<\/p>\n<blockquote><p>Ohne die Zusammenarbeit [mit der NSA, Erg. JL7] w\u00e4re die Sicherheit Deutschlands gef\u00e4hrdet. Da das so ist, haben alle diese Angriffe f\u00fcr die Arbeit des BND untergeordnete Bedeutung. (<a href=\"http:\/\/www.faz.net\/aktuell\/politik\/kommentar-der-bnd-im-circus-maximus-13557254.html\">faz.net vom 24.04.2015<\/a>)<\/p><\/blockquote>\n<p>Der Zweck heiligt also f\u00fcr JvA die Mittel. Und er wei\u00df fr\u00fchzeitig, was an den kolportierten Berichten stimmt und was nicht. Also schreibt er verharmlosend:<\/p>\n<blockquote><p>Im Kern der BND-Aff\u00e4re geht es um zweitausend \u201eSelektoren\u201c der NSA, die der BND zu sp\u00e4t als nicht rechtm\u00e4\u00dfig identifizierte. Alles andere ist hei\u00dfe Berliner Luft. Weder stimmt es, wie zun\u00e4chst berichtet wurde, dass der BND die NSA \u201ebedient\u201c habe, noch l\u00e4sst sich sagen, ob es sich dabei tats\u00e4chlich um Wirtschaftsspionage gehandelt habe, wie es immer wieder hei\u00dft. Vielleicht ging es auch um R\u00fcstungskontrolle, um Proliferation, um Aufkl\u00e4rung &#8211; oder um gar nichts. <a href=\"http:\/\/www.faz.net\/aktuell\/politik\/bnd-affaere-luegner-verrat-volksverraeter-13566645.html\">(faz.net vom 29.04.2015)<\/a><\/p><\/blockquote>\n<p>JVA relativiert, zweifelt an, was in seinen Augen nicht sein darf und verharmlost, indem er uns die seiner Meinung nach &#8222;echten&#8220; Gefahren vor Augen f\u00fchrt. Und er warnt nicht etwa die Verantwortlichen, sondern die Opposition im Bundestag:<\/p>\n<blockquote><p>Eine Opposition, die glaubw\u00fcrdig bleiben will, sollte allerdings nicht au\u00dfer Rand und Band geraten. Diffamierungen (\u201eLandesverrat!\u201c) kann die Opposition getrost Pegida \u00fcberlassen. Sonst rutscht ihr eines Tages noch deren Wort von den \u201eVolksverr\u00e4tern\u201c \u00fcber die Lippen. <a href=\"http:\/\/www.faz.net\/aktuell\/politik\/bnd-affaere-luegner-verrat-volksverraeter-13566645.html\">(faz.net vom 29.04.2015)<\/a><strong><br \/>\n<\/strong><\/p><\/blockquote>\n<p>JvA ist \u00fcbrigens Pegida-Gegner, gleichwohl seine Kommentarsprache dem dort \u00fcblichen markschreierischen Schema folgt. Und gleich nach dem Maifeiertag relativiert er den BND-Skandal noch weiter, indem er ihn in einen globalgalaktischen Zusammenhang stellt.<\/p>\n<blockquote><p>Der Wirbel, der jetzt gemacht wird, k\u00f6nnte nicht gr\u00f6\u00dfer sein. Auf BND, Polizei und Verfassungsschutz muss er wirken wie politischer Wirklichkeitsverlust. Es ist zu hoffen, dass sich die Beh\u00f6rden angesichts der Anschlagspl\u00e4ne, die in Oberursel und anderswo ausgeheckt wurden und werden, \u00fcber ganz andere Fragen viel mehr den Kopf zerbrechen. Denn die Wirklichkeit besteht aus Russland und China, aus Arabellion, Syrien und dem Irak, aus der schlagartigen Vervielf\u00e4ltigung salafistischer Extremisten. <a href=\"http:\/\/www.faz.net\/aktuell\/politik\/bnd-affaere-luegner-verrat-volksverraeter-13566645.html\">(faz.net vom 02.05.2015)<\/a><\/p><\/blockquote>\n<p>Oberursel &#8230; &#8222;<em>und anderswo<\/em>&#8222;. Wissen Sie, wo das liegt? Offenbar m\u00f6chte JVA die unbestimmte Angst sch\u00fcren, dass Oberursel nur die entdeckte Spitze des Eisbergs ist. Und da liegt nat\u00fcrlich der Sprung zur Vorratsdatenspeicherung (VDS) einfach zu nahe, als dass man ihn vermeiden wollte:<\/p>\n<blockquote><p>Statt die Kriminalit\u00e4tsbek\u00e4mpfung endlich dem Stand der Technik anzupassen, wird unterstellt, mit diesem Instrument [der VDS, Anm. JL7] solle das Volk unterjocht werden \u2013 mit abenteuerlichen Behauptungen, die mit der Wirklichkeit der Fahnder, der Verbrecher und der Opfer nichts zu tun haben. <a href=\"http:\/\/www.faz.net\/aktuell\/politik\/bnd-affaere-luegner-verrat-volksverraeter-13566645.html\">(faz.net vom 02.05.2015)<\/a><strong><br \/>\n<\/strong><\/p><\/blockquote>\n<p>Ich ziehe daraus folgenden Schluss: Niemand plant, eine Mauer zu bauen, um das Volk zu unterjochen. Klingt irgendwie vertraut &#8211; nur leider nicht vertrauenerweckend.<\/p>\n<p>Ein einzelner Kommentator macht noch keine Stimmung, aber das politische Ressort der FAZ kennt nicht nur JvA, sondern auch noch Volker Zastrow und Reinhard M\u00fcller. Der erste von beiden erkl\u00e4rte uns am vergangenen Wochenende den asymmetrischen Krieg zwischen gewaltbereiten Islamisten und unseren Schlapphutkriegern:<\/p>\n<blockquote><p>Aber auf beiden Seiten planen, entscheiden und handeln Krieger mit nachrichtendienstlichen Methoden und Mitteln. Wir sind Teil davon. Wir brauchen f\u00e4hige Dienste, pr\u00e4ventive \u00dcberwachung, Vorratsdatenspeicherung, gesetzliche IT-Sicherheitsanforderungen auch f\u00fcr Beh\u00f6rden und Firmen. Wenn wir diesen Krieg nicht gewinnen, werden wir ihn verlieren. <a href=\"http:\/\/www.faz.net\/aktuell\/politik\/kommentar-deutschland-braucht-faehige-nachrichtendienste-13571457.html\">(faz.net vom 03.05.2015)<\/a><strong><br \/>\n<\/strong><\/p><\/blockquote>\n<p>Man wagt es kaum zu glauben, was die eigenen Augen da ins Hirn projizieren. Pr\u00e4ventive \u00dcberwachung? Ja, hat der sie noch alle? Haben wir nicht gerade gesehen, was passiert, wenn Geheimdienste alles tun, um uns pr\u00e4ventiv \u00fcberwachen zu k\u00f6nnen?<\/p>\n<p>Ganz nebenbei wird \u00fcbrigens elegant das Wort &#8222;Krieg&#8220; eingeflochten. Sind Sie im Krieg? Ich nicht. Und ich mag mir auch nicht vorstellen, wie der Zastrowsche gewonnene Krieg aussehen mag&#8230;<\/p>\n<p>Kommen wir zu Herrn M\u00fcller. Sein Kommentar ist in Erinnerung an Thilo Sarrazin als &#8222;Deutschland setzt sich matt&#8220; \u00fcberschrieben und kommt gleich zur Sache:<\/p>\n<blockquote><p>Gegen die Feinde im Inneren wird es immer schwerer, die m\u00fchsam erk\u00e4mpften Errungenschaften des freiheitlichen Verfassungsstaates zu verteidigen. Deshalb ist es an jedem einzelnen B\u00fcrger, f\u00fcr ihn einzustehen.<a href=\"http:\/\/www.faz.net\/aktuell\/politik\/inland\/kommentar-deutschland-setzt-sich-matt-13572670.html\"> (faz.net vom 03.05.2015)<\/a><\/p><\/blockquote>\n<p>Haben Sie Feinde? Diese Frage kenne ich noch aus den Lockfrageb\u00f6gen von Scientology. Herr M\u00fcller meint damit jedoch nicht naheliegend den Freunde-abh\u00f6renden BND &#8211; er hat ein ganz anderes, klares Bild seiner inneren Feinde vor Augen:<\/p>\n<blockquote><p>Am Ende dieses Horrortrips, der alle Freiheiten und Institutionen negiert, von denen sich auch ihre Zerst\u00f6rer n\u00e4hren, stehen dann Stra\u00dfenschlachten wie k\u00fcrzlich bei der EZB-Er\u00f6ffnung in Frankfurt und gerade bei der Weltausstellung in Mailand. Die Demonstranten, bestens ausger\u00fcstet, f\u00fchren einen Krieg gegen den Staat und seine Diener und alles, was sie heil vorfinden. Sie sind vereint im Ziel, zu zerst\u00f6ren. Darin sind sie dem \u201eIslamischen Staat\u201c nicht un\u00e4hnlich.<a href=\"http:\/\/www.faz.net\/aktuell\/politik\/inland\/kommentar-deutschland-setzt-sich-matt-13572670.html\"> (faz.net vom 04.05.2015)<\/a><\/p><\/blockquote>\n<p>Aber nicht nur Demonstranten sind Feinde, auch Asylanten und Fl\u00fcchtlinge:<\/p>\n<blockquote><p>Gegen das Einsickern von Terroristen hilft vor allem ein Fremdenrecht, das diesen Namen verdient. Das reicht von der Asyl- und Fl\u00fcchtlingspolitik bis zu Grenzkontrollen und Observationen. <a href=\"http:\/\/www.faz.net\/aktuell\/politik\/inland\/kommentar-deutschland-setzt-sich-matt-13572670.html\">(faz.net vom 04.05.2015)<\/a><\/p><\/blockquote>\n<p>Ob Herr M\u00fcller wirklich glaubt, was er da verzapft? Terroristen beantragen Asyl oder kommen als Fl\u00fcchtlinge, ganz sicher! Und die Fl\u00fcchtlinge werden erst einmal observiert. K\u00f6nnte ja sein, dass sie aufgrund ihrer durchlebten Leiden bereits voll auf Al-Qaida-Linie sind oder von Boko Haram ferngesteuert. Ist ja keine gro\u00dfe Sache, wir haben bald die VDS, und das Grundgesetz sch\u00fctzt nur deutsche B\u00fcrger vor \u00dcberwachung (sagt der BND).<\/p>\n<p>Die FAZ wirbt gerne mit dem Slogan &#8222;Dahinter steckt immer ein kluger Kopf&#8220;. Sie sollte \u00fcberdenken, ob diese Information bereits im eigenen Politik- und Innenressort angekommen ist.<\/p>\n<p>Es gr\u00fc\u00dft herzlich<\/p>\n<p>JL7<\/p>\n<div class=\"twoclick_social_bookmarks_post_3414 social_share_privacy clearfix 1.6.4 locale-de_DE sprite-de_DE\"><\/div><div class=\"twoclick-js\"><script type=\"text\/javascript\">\/* <![CDATA[ *\/\njQuery(document).ready(function($){if($('.twoclick_social_bookmarks_post_3414')){$('.twoclick_social_bookmarks_post_3414').socialSharePrivacy({\"services\":{\"facebook\":{\"status\":\"on\",\"txt_info\":\"2 Klicks f\\u00fcr mehr Datenschutz: Erst wenn Sie hier klicken, wird der Button aktiv und Sie k\\u00f6nnen Ihre Empfehlung an Facebook senden. Schon beim Aktivieren werden Daten an Dritte \\u00fcbertragen - siehe <em>i<\\\/em>.\",\"perma_option\":\"off\",\"action\":\"recommend\",\"language\":\"de_DE\"},\"twitter\":{\"reply_to\":\"\",\"tweet_text\":\"%20Der%20einsame%20Kampf%20der%20FAZ%20%C2%BB%2053%20Cent%20%23Al%20Qaida%20%23Altenbockum%20%23BND-Skandal%20...\",\"status\":\"on\",\"txt_info\":\"2 Klicks f\\u00fcr mehr Datenschutz: Erst wenn Sie hier klicken, wird der Button aktiv und Sie k\\u00f6nnen Ihre Empfehlung an Twitter senden. Schon beim Aktivieren werden Daten an Dritte \\u00fcbertragen - siehe <em>i<\\\/em>.\",\"perma_option\":\"off\",\"language\":\"de\",\"referrer_track\":\"\"},\"gplus\":{\"status\":\"on\",\"txt_info\":\"2 Klicks f\\u00fcr mehr Datenschutz: Erst wenn Sie hier klicken, wird der Button aktiv und Sie k\\u00f6nnen Ihre Empfehlung an Google+ senden. Schon beim Aktivieren werden Daten an Dritte \\u00fcbertragen - siehe <em>i<\\\/em>.\",\"perma_option\":\"off\",\"referrer_track\":\"\"},\"flattr\":{\"uid\":\"\",\"status\":\"on\",\"the_title\":\"Der%20einsame%20Kampf%20der%20FAZ\",\"the_excerpt\":\"Werte%20Leserinnen%20und%20Leser%2C%0D%0A%0D%0Aw%C3%A4hrend%20wir%20Tag%20f%C3%BCr%20Tag%20neue%20Ungeheuerlichkeiten%20%C3%BCber%20den%20BND%20und%20seine%20%28Nicht-%29Kontrolleure%20h%C3%B6ren%20und%20lesen%20m%C3%BCssen%2C%20arbeitet%20sich%20das%20Politikressort%20der%20FAZ%20in%20Don-Quijote-Manier%20einsam%20daran%20ab%2C%20den%20Lesern%20obrigkeitsstaatliches%20Denken%20beizubringen.%0D%0A%0D%0AMeinem%20pers%C3%B6nlicher%20politischer%20S%C3%BCdpol%20Jasper%20von%20Altenbockum%20%28JvA%29%20versucht%20sich%20in%20gleich%20vier%20Kommentaren%20an%20...\",\"txt_info\":\"2 Klicks f\\u00fcr mehr Datenschutz: Erst wenn Sie hier klicken, wird der Button aktiv und Sie k\\u00f6nnen Ihre Empfehlung an Flattr senden. Schon beim Aktivieren werden Daten an Dritte \\u00fcbertragen - siehe <em>i<\\\/em>.\",\"perma_option\":\"off\"}},\"txt_help\":\"Wenn Sie diese Felder durch einen Klick aktivieren, werden Informationen an Facebook, Twitter, Flattr, Xing, t3n, LinkedIn, Pinterest oder Google eventuell ins Ausland \\u00fcbertragen und unter Umst\\u00e4nden auch dort gespeichert. N\\u00e4heres erfahren Sie durch einen Klick auf das <em>i<\\\/em>.\",\"settings_perma\":\"Dauerhaft aktivieren und Daten\\u00fcber-tragung zustimmen:\",\"info_link\":\"http:\\\/\\\/www.heise.de\\\/ct\\\/artikel\\\/2-Klicks-fuer-mehr-Datenschutz-1333879.html\",\"uri\":\"https:\\\/\\\/www.brennecke.org\\\/?p=3414\",\"post_id\":3414,\"post_title_referrer_track\":\"Der+einsame+Kampf+der+FAZ\",\"display_infobox\":\"on\"});}});\n\/* ]]> *\/<\/script><\/div>","protected":false},"excerpt":{"rendered":"<p>Werte Leserinnen und Leser, w\u00e4hrend wir Tag f\u00fcr Tag neue Ungeheuerlichkeiten \u00fcber den BND und seine (Nicht-)Kontrolleure h\u00f6ren und lesen m\u00fcssen, arbeitet sich das Politikressort der FAZ in Don-Quijote-Manier einsam daran ab, den Lesern obrigkeitsstaatliches Denken beizubringen. Meinem pers\u00f6nlicher politischer &hellip; <a href=\"https:\/\/www.brennecke.org\/?p=3414\">Weiterlesen <span class=\"meta-nav\">&rarr;<\/span><\/a><\/p>\n","protected":false},"author":1,"featured_media":0,"comment_status":"closed","ping_status":"open","sticky":false,"template":"","format":"standard","meta":{"footnotes":""},"categories":[1,3],"tags":[882,392,886,883,862,390,846,885,884,141,881],"_links":{"self":[{"href":"https:\/\/www.brennecke.org\/index.php?rest_route=\/wp\/v2\/posts\/3414"}],"collection":[{"href":"https:\/\/www.brennecke.org\/index.php?rest_route=\/wp\/v2\/posts"}],"about":[{"href":"https:\/\/www.brennecke.org\/index.php?rest_route=\/wp\/v2\/types\/post"}],"author":[{"embeddable":true,"href":"https:\/\/www.brennecke.org\/index.php?rest_route=\/wp\/v2\/users\/1"}],"replies":[{"embeddable":true,"href":"https:\/\/www.brennecke.org\/index.php?rest_route=%2Fwp%2Fv2%2Fcomments&post=3414"}],"version-history":[{"count":9,"href":"https:\/\/www.brennecke.org\/index.php?rest_route=\/wp\/v2\/posts\/3414\/revisions"}],"predecessor-version":[{"id":3423,"href":"https:\/\/www.brennecke.org\/index.php?rest_route=\/wp\/v2\/posts\/3414\/revisions\/3423"}],"wp:attachment":[{"href":"https:\/\/www.brennecke.org\/index.php?rest_route=%2Fwp%2Fv2%2Fmedia&parent=3414"}],"wp:term":[{"taxonomy":"category","embeddable":true,"href":"https:\/\/www.brennecke.org\/index.php?rest_route=%2Fwp%2Fv2%2Fcategories&post=3414"},{"taxonomy":"post_tag","embeddable":true,"href":"https:\/\/www.brennecke.org\/index.php?rest_route=%2Fwp%2Fv2%2Ftags&post=3414"}],"curies":[{"name":"wp","href":"https:\/\/api.w.org\/{rel}","templated":true}]}}