{"id":3426,"date":"2015-05-23T13:08:28","date_gmt":"2015-05-23T12:08:28","guid":{"rendered":"http:\/\/www.brennecke.org\/?p=3426"},"modified":"2018-05-14T09:02:07","modified_gmt":"2018-05-14T08:02:07","slug":"irland-wow","status":"publish","type":"post","link":"https:\/\/www.brennecke.org\/?p=3426","title":{"rendered":"Irland! Wow!"},"content":{"rendered":"<p>Werte Leserinnen und Leser,<\/p>\n<p>die Iren durften gestern entscheiden, ob die Homo-Ehe Gesetz wird oder verboten, und ich hatte \u00fcbles Bauchweh bei dem Gedanken, dass ein europ\u00e4isches Land es den B\u00fcrgern erlaubt, explizit \u00fcber die Rechte einer Minderheit abzustimmen.<\/p>\n<p>Aber welch ein Erfolg! Welch ein Sieg! Mit 2\/3-Mehrheit wurde die Homo-Ehe Gesetz, und das ausgerechnet im erzkatholischen Irland, wo die Kirche jahrhundertelang gehaust geknechtet und missbraucht hat. Danke daf\u00fcr!<\/p>\n<p>Und jetzt schauen wir wieder nach Berlin, wo Merkels CDU immer noch glaubt, die Ehe sei ein Sakrament zwischen Mann und Frau, wo der Justizminister der SPD neuerdings erkl\u00e4rt, f\u00fcr eine echte Homo-Ehe m\u00fcsse das Grundgesetz ge\u00e4ndert werden &#8211; und wo auch dieses Jahr wieder bunte Parteiwagen auf dem CSD mitfahren werden, um Solidarit\u00e4t mit Menschen zu heucheln, denen man eigentlich lieber nicht die Hand geben m\u00f6chte aus Angst, AIDS zu bekommen oder schlimmeres.<\/p>\n<p>Wie w\u00e4re es, wenn Ihr die bunten Wagen dieses Jahr einfach in der Garage lasst und statt dessen einmal Euer Volk fragt? Die sind wahrscheinlich im \u00dcberwinden der Homophobie viel weiter als Ihr. Ich sch\u00e4tze, eine Zweidrittelmehrheit bek\u00e4men wir hier auch hin &#8211; wenn man uns denn lie\u00dfe.<\/p>\n<p>Bis dahin schau ich noch ein wenig nach Irland und freue mich.<\/p>\n<p>Es gr\u00fc\u00dft herzlich<\/p>\n<p>Ihr JL7<\/p>\n<div class=\"twoclick_social_bookmarks_post_3426 social_share_privacy clearfix 1.6.4 locale-de_DE sprite-de_DE\"><\/div><div class=\"twoclick-js\"><script type=\"text\/javascript\">\/* <![CDATA[ *\/\njQuery(document).ready(function($){if($('.twoclick_social_bookmarks_post_3426')){$('.twoclick_social_bookmarks_post_3426').socialSharePrivacy({\"services\":{\"facebook\":{\"status\":\"on\",\"txt_info\":\"2 Klicks f\\u00fcr mehr Datenschutz: Erst wenn Sie hier klicken, wird der Button aktiv und Sie k\\u00f6nnen Ihre Empfehlung an Facebook senden. Schon beim Aktivieren werden Daten an Dritte \\u00fcbertragen - siehe <em>i<\\\/em>.\",\"perma_option\":\"off\",\"action\":\"recommend\",\"language\":\"de_DE\"},\"twitter\":{\"reply_to\":\"\",\"tweet_text\":\"%20Irland%21%20Wow%21%20%C2%BB%2053%20Cent%20%23CDU%20%23CSD%20%23Homo-Ehe%20%23Homophobie%20%23Irland%20...\",\"status\":\"on\",\"txt_info\":\"2 Klicks f\\u00fcr mehr Datenschutz: Erst wenn Sie hier klicken, wird der Button aktiv und Sie k\\u00f6nnen Ihre Empfehlung an Twitter senden. Schon beim Aktivieren werden Daten an Dritte \\u00fcbertragen - siehe <em>i<\\\/em>.\",\"perma_option\":\"off\",\"language\":\"de\",\"referrer_track\":\"\"},\"gplus\":{\"status\":\"on\",\"txt_info\":\"2 Klicks f\\u00fcr mehr Datenschutz: Erst wenn Sie hier klicken, wird der Button aktiv und Sie k\\u00f6nnen Ihre Empfehlung an Google+ senden. Schon beim Aktivieren werden Daten an Dritte \\u00fcbertragen - siehe <em>i<\\\/em>.\",\"perma_option\":\"off\",\"referrer_track\":\"\"},\"flattr\":{\"uid\":\"\",\"status\":\"on\",\"the_title\":\"Irland%21%20Wow%21\",\"the_excerpt\":\"Werte%20Leserinnen%20und%20Leser%2C%0D%0A%0D%0Adie%20Iren%20durften%20gestern%20entscheiden%2C%20ob%20die%20Homo-Ehe%20Gesetz%20wird%20oder%20verboten%2C%20und%20ich%20hatte%20%C3%BCbles%20Bauchweh%20bei%20dem%20Gedanken%2C%20dass%20ein%20europ%C3%A4isches%20Land%20es%20den%20B%C3%BCrgern%20erlaubt%2C%20explizit%20%C3%BCber%20die%20Rechte%20einer%20Minderheit%20abzustimmen.%0D%0A%0D%0AAber%20welch%20ein%20Erfolg%21%20Welch%20ein%20Sieg%21%20Mit%202%2F3-Mehrheit%20wurde%20die%20Homo-Ehe%20Gesetz%2C%20und%20das%20ausgerechnet%20im%20erzkatholischen%20Irlan%20...\",\"txt_info\":\"2 Klicks f\\u00fcr mehr Datenschutz: Erst wenn Sie hier klicken, wird der Button aktiv und Sie k\\u00f6nnen Ihre Empfehlung an Flattr senden. Schon beim Aktivieren werden Daten an Dritte \\u00fcbertragen - siehe <em>i<\\\/em>.\",\"perma_option\":\"off\"}},\"txt_help\":\"Wenn Sie diese Felder durch einen Klick aktivieren, werden Informationen an Facebook, Twitter, Flattr, Xing, t3n, LinkedIn, Pinterest oder Google eventuell ins Ausland \\u00fcbertragen und unter Umst\\u00e4nden auch dort gespeichert. N\\u00e4heres erfahren Sie durch einen Klick auf das <em>i<\\\/em>.\",\"settings_perma\":\"Dauerhaft aktivieren und Daten\\u00fcber-tragung zustimmen:\",\"info_link\":\"http:\\\/\\\/www.heise.de\\\/ct\\\/artikel\\\/2-Klicks-fuer-mehr-Datenschutz-1333879.html\",\"uri\":\"https:\\\/\\\/www.brennecke.org\\\/?p=3426\",\"post_id\":3426,\"post_title_referrer_track\":\"Irland%21+Wow%21\",\"display_infobox\":\"on\"});}});\n\/* ]]> *\/<\/script><\/div>","protected":false},"excerpt":{"rendered":"<p>Werte Leserinnen und Leser, die Iren durften gestern entscheiden, ob die Homo-Ehe Gesetz wird oder verboten, und ich hatte \u00fcbles Bauchweh bei dem Gedanken, dass ein europ\u00e4isches Land es den B\u00fcrgern erlaubt, explizit \u00fcber die Rechte einer Minderheit abzustimmen. Aber &hellip; <a href=\"https:\/\/www.brennecke.org\/?p=3426\">Weiterlesen <span class=\"meta-nav\">&rarr;<\/span><\/a><\/p>\n","protected":false},"author":1,"featured_media":0,"comment_status":"closed","ping_status":"open","sticky":false,"template":"","format":"standard","meta":{"footnotes":""},"categories":[1,3,447],"tags":[55,477,469,524,887,888,889,110,154],"_links":{"self":[{"href":"https:\/\/www.brennecke.org\/index.php?rest_route=\/wp\/v2\/posts\/3426"}],"collection":[{"href":"https:\/\/www.brennecke.org\/index.php?rest_route=\/wp\/v2\/posts"}],"about":[{"href":"https:\/\/www.brennecke.org\/index.php?rest_route=\/wp\/v2\/types\/post"}],"author":[{"embeddable":true,"href":"https:\/\/www.brennecke.org\/index.php?rest_route=\/wp\/v2\/users\/1"}],"replies":[{"embeddable":true,"href":"https:\/\/www.brennecke.org\/index.php?rest_route=%2Fwp%2Fv2%2Fcomments&post=3426"}],"version-history":[{"count":1,"href":"https:\/\/www.brennecke.org\/index.php?rest_route=\/wp\/v2\/posts\/3426\/revisions"}],"predecessor-version":[{"id":3427,"href":"https:\/\/www.brennecke.org\/index.php?rest_route=\/wp\/v2\/posts\/3426\/revisions\/3427"}],"wp:attachment":[{"href":"https:\/\/www.brennecke.org\/index.php?rest_route=%2Fwp%2Fv2%2Fmedia&parent=3426"}],"wp:term":[{"taxonomy":"category","embeddable":true,"href":"https:\/\/www.brennecke.org\/index.php?rest_route=%2Fwp%2Fv2%2Fcategories&post=3426"},{"taxonomy":"post_tag","embeddable":true,"href":"https:\/\/www.brennecke.org\/index.php?rest_route=%2Fwp%2Fv2%2Ftags&post=3426"}],"curies":[{"name":"wp","href":"https:\/\/api.w.org\/{rel}","templated":true}]}}