{"id":3451,"date":"2015-07-08T18:21:31","date_gmt":"2015-07-08T17:21:31","guid":{"rendered":"http:\/\/www.brennecke.org\/?p=3451"},"modified":"2018-05-14T09:02:06","modified_gmt":"2018-05-14T08:02:06","slug":"enthuellt-der-geheime-fahrplan-des-sigmar-gabriel","status":"publish","type":"post","link":"https:\/\/www.brennecke.org\/?p=3451","title":{"rendered":"Enth\u00fcllt: der geheime Fahrplan des Sigmar Gabriel"},"content":{"rendered":"<p>Werte Leserinnen und Leser,<\/p>\n<p>wer die Kapriolen des Sigmar Gabriel seit seinem Besuch bei PEGIDA im Januar verfolgt hat, wird sich nicht nur einmal gefragt haben: &#8222;Ist der Mann irre?&#8220; Da werden Parteipositionen \u00fcber Bord geworfen, Griechenland zusammen mit der BILD-Zeitung aus dem Euro gekippt &#8211; und zur\u00fcck gerudert, eine Vorratsdatenspeicherung aus dem Hut gezaubert und dabei ein Justizminister irreparabel besch\u00e4digt, eine &#8222;patriotische Grundhaltung&#8220; der SPD-Mitglieder eingefordert und derlei weitere Narreteien angezettelt. In der SPD spricht man inzwischen von Gabriel als einem &#8222;Clown, von dem man wei\u00df, dass er sich gleich wieder in der Manege spektakul\u00e4r im n\u00e4chsten Fettn\u00e4pfchen versenkt\u201c.<\/p>\n<p>Dahinter steckt jedoch eiskalte Logik. Gabriel &#8211; und nur er &#8211; hat den Ernst der Lage begriffen. Die Zustimmung zu den Volksparteien br\u00f6ckelt, und den 80% aller Sitze im Bundestag stehen lediglich 66% der W\u00e4hlerstimmen (und nur 43% aller Wahlberechtigten gegen\u00fcber. Die Gro\u00dfe Koalition wird als Bremser wahrgenommen, weil zu viele faule Kompromisse geschlossen werden: Du bekommst die Maut und ich die Rente ab 63. Beides sind absurde Projekte, aber beide sind Gesetz.<\/p>\n<p>Zudem werden die Programme der Volksparteien immer \u00e4hnlicher. W\u00e4hrend die CDU so langsam in Richtung Homo-Ehe geschoben wird, wagt die Berliner SPD schon wieder ein bisschen Homophobie und enth\u00e4lt sich der Stimme, als der Bundestag die Ehe f\u00fcr alle fordert. W\u00e4hrend die SPD an neuen Sicherheitsgesetzen bastelt, entdeckt die CDU die Migranten als W\u00e4hler f\u00fcr sich. Die CDU ist jetzt f\u00fcr den Mindestlohn, und die SPD f\u00fcr die Beibehaltung der \u00e4rmlichen Hartz-4-S\u00e4tze und der damit verbundenen Repressionen. Und weil die BILD-Zeitung die Griechen am liebsten in Booten nach Afrika schicken w\u00fcrde, sind f\u00fcr Gabriel alle Br\u00fccken abgebrochen. Gleichwohl konzedierte er am darauf folgenden Tag, Abgebrochenes k\u00f6nne wieder aufgebaut werden &#8211; damit kennen wir Deutschen uns seit vielen Jahren gut aus.<\/p>\n<p>Um Siggis Plan zu verstehen, muss man seine Pr\u00e4missen kennen:<\/p>\n<ul>\n<li>Merkel ist so beliebt, dass sie im Amt \u00e4lter als Adenauer wird<\/li>\n<li>Einer Mehrheit der Deutschen sind die griechischen Lokale und der kostenlsoe Ouzo beim Bezahlen wichtig. Die Griechen sind ihnen genauso schnuppe wie die arbeitslosen Jugendlichen in Spanien oder Italien.<\/li>\n<li>Die Deutschen wollen ohne Stress in Ruhe durchregiert werden. Parteienstreit ist ihnen zuwider.<\/li>\n<li>Die Deutschen glauben, die Sozialdemokraten k\u00f6nnen nicht mit Geld umgehen. Zwar sind die richtig gro\u00dfen Defizite allesamtv unter CDU-Kanzlern entstanden, aber wer sich gut mit den Wirtschaftsbossen versteht, muss ja wohl auch etwas von deren Gesch\u00e4ft verstehen. Daher wurde Siggi Wirtschaftsminister.<\/li>\n<\/ul>\n<p>Wie sieht aber nun sein Plan aus? Ich enth\u00fclle Ihnen nun exklusiv den Sigmar-Gabriel-Zweijahresplan zur Schaffung der Christlichen Einheitspartei Deutschlands (CED):<\/p>\n<ul>\n<li>Oktober 2015: Sch\u00e4rfung des SPD-Profils in Richtung &#8222;Mitte&#8220;. Die Mitte ist dabei rechts neben Merkel und scharf links von PEGIDA.<\/li>\n<li>Mai 2016: Ruck-Reden mit Zuckerbrot und Peitsche. Die SPD wird an allen Landesregierungen au\u00dfer Bayern beteiligt sein und nutzt ihre Blockademacht im Bundesrat auf Gabriels Gehei\u00df nicht ein einziges Mal aus.<\/li>\n<li>Oktober 2016: Gabriel versagt sich der ihm angetragenen Kanzlerkandidatenw\u00fcrde. Er st\u00fcrzt die SPD in eine weitere schwere Krise und fordert Disziplin, Recht, Ordnung und mehr Sicherheit. Eine kleiner werdende Mehrheit folgt ihm noch.<\/li>\n<li>Januar 2017: Es kommt zum offenen Bruch mit den Linken in der SPD. Parteiausschlussverfahren werden im Sekundentakt gef\u00fchrt, viele Mitglieder kommen dem Rausschmiss wegen Parteisch\u00e4digung zuvor, indem sie selbst aus- und dann nachtreten.<\/li>\n<li>M\u00e4rz 2017: Die Umfragewerte der SPD brechen zusammen, Linke und Gr\u00fcne gewinnen massiv hinzu.<\/li>\n<li>Juli 2017: Wikileaks ver\u00f6ffentlicht vertrauliche Gespr\u00e4che zwischen Kanzlerin und Vizekanzler \u00fcber eine Fusion. Die Quelle der Informationen soll eine Spitzenkraft im Wirtschaftsministerium sein. Siggi grinst sich eins.<\/li>\n<li>August 2017: Die Chefs von CDU und SPD treten vor das Kanzleramt und erkl\u00e4ren, in der n\u00e4chsten Legistalturperiode erstmals eine historische Fraktionsgemeinschaft zu bilden. Aus CDU\/CSU wird CDU\/SPD\/CSU. Seehofer wettert, aber sein Nachfolger S\u00f6der setzt sich an die Spitze der Reformbewegung.<\/li>\n<li>September 2017: Auch in Bayern kommt es zu einer Fraktionsgemeinscahft zwischen CSU und SPD. Der neugew\u00e4hlte Ministerpr\u00e4sident S\u00f6der verf\u00fcgt nun endlich wieder \u00fcber eine Zweidrittelmehrheit im Maximilianeum.<\/li>\n<li>Oktober 2017: Die Parteiengemeinschaft CDU\/SPD\/CSU entscheidet die Wahl f\u00fcr sich. Mit 53% der Stimmen hat erstmals seit 1957 wieder eine Partei die absolute Mehrheit im Bundestag und kann allein regieren. Siggi hat es geschafft: die H\u00e4lfte der SPD-W\u00e4hler hei\u00dft seine Kapriolen gut, und er wird neuere Au\u00dfenminister Deutschlands.<\/li>\n<li>Januar 2018: Der formale Schritt der Vereinigung beider Parteien zur CED wird auf einem gro\u00dfen gemeinsamen Parteitag vollzogen. Das Motto des Parteitags: <em>Sichere Mehrheiten, sichere Posten, sichere Pensionen<\/em>. Die b\u00fcrgerliche Presse ist begeistert, der FAZ-Innenresortchef Jasper von Altenbockum verfasst erstmals einen Kommentar, der nur aus K\u00fcsschen-Smilies besteht.<\/li>\n<li>M\u00e4rz 2018: Der wiedergew\u00e4hlte Bundespr\u00e4sident Gauck verleiht Sigmar Gabriel f\u00fcr seine Verdienste um die Parteienlandschaft Deutschlands den neu geschaffenen Otto-Grotewohl-Ordner. Frau Merkel erh\u00e4lt zeitgleich die ebenfalls neu geschaffene Wilhelm-Pieck-Medaille am Bande.<\/li>\n<\/ul>\n<p>Jetzt verstanden? Dieser Mann denkt Jahre voraus. Und wenn Merkel dereinst als halbtote Marionette immer noch Deutschland regiert, wird Gabriel an ihrer Seite stehen und heimlich die F\u00e4den ziehen. Sagen Sie sp\u00e4ter nicht, ich h\u00e4tte Sie nicht gewarnt.<\/p>\n<p>Es gr\u00fc\u00dft herzlich,<\/p>\n<p>Ihr JL7<\/p>\n<div class=\"twoclick_social_bookmarks_post_3451 social_share_privacy clearfix 1.6.4 locale-de_DE sprite-de_DE\"><\/div><div class=\"twoclick-js\"><script type=\"text\/javascript\">\/* <![CDATA[ *\/\njQuery(document).ready(function($){if($('.twoclick_social_bookmarks_post_3451')){$('.twoclick_social_bookmarks_post_3451').socialSharePrivacy({\"services\":{\"facebook\":{\"status\":\"on\",\"txt_info\":\"2 Klicks f\\u00fcr mehr Datenschutz: Erst wenn Sie hier klicken, wird der Button aktiv und Sie k\\u00f6nnen Ihre Empfehlung an Facebook senden. Schon beim Aktivieren werden Daten an Dritte \\u00fcbertragen - siehe <em>i<\\\/em>.\",\"perma_option\":\"off\",\"action\":\"recommend\",\"language\":\"de_DE\"},\"twitter\":{\"reply_to\":\"\",\"tweet_text\":\"%20Enth%C3%BCllt%3A%20der%20geheime%20Fahrplan%20des%20Sigmar%20Gabriel%20%C2%BB%2053%20Cent%20...\",\"status\":\"on\",\"txt_info\":\"2 Klicks f\\u00fcr mehr Datenschutz: Erst wenn Sie hier klicken, wird der Button aktiv und Sie k\\u00f6nnen Ihre Empfehlung an Twitter senden. Schon beim Aktivieren werden Daten an Dritte \\u00fcbertragen - siehe <em>i<\\\/em>.\",\"perma_option\":\"off\",\"language\":\"de\",\"referrer_track\":\"\"},\"gplus\":{\"status\":\"on\",\"txt_info\":\"2 Klicks f\\u00fcr mehr Datenschutz: Erst wenn Sie hier klicken, wird der Button aktiv und Sie k\\u00f6nnen Ihre Empfehlung an Google+ senden. Schon beim Aktivieren werden Daten an Dritte \\u00fcbertragen - siehe <em>i<\\\/em>.\",\"perma_option\":\"off\",\"referrer_track\":\"\"},\"flattr\":{\"uid\":\"\",\"status\":\"on\",\"the_title\":\"Enth%C3%BCllt%3A%20der%20geheime%20Fahrplan%20des%20Sigmar%20Gabriel\",\"the_excerpt\":\"Werte%20Leserinnen%20und%20Leser%2C%0D%0A%0D%0Awer%20die%20Kapriolen%20des%20Sigmar%20Gabriel%20seit%20seinem%20Besuch%20bei%20PEGIDA%20im%20Januar%20verfolgt%20hat%2C%20wird%20sich%20nicht%20nur%20einmal%20gefragt%20haben%3A%20%22Ist%20der%20Mann%20irre%3F%22%20Da%20werden%20Parteipositionen%20%C3%BCber%20Bord%20geworfen%2C%20Griechenland%20zusammen%20mit%20der%20BILD-Zeitung%20aus%20dem%20Euro%20gekippt%20-%20und%20zur%C3%BCck%20gerudert%2C%20eine%20Vorratsdatenspeicherung%20aus%20dem%20Hut%20gezaubert%20und%20dabei%20ein%20Justizminist%20...\",\"txt_info\":\"2 Klicks f\\u00fcr mehr Datenschutz: Erst wenn Sie hier klicken, wird der Button aktiv und Sie k\\u00f6nnen Ihre Empfehlung an Flattr senden. Schon beim Aktivieren werden Daten an Dritte \\u00fcbertragen - siehe <em>i<\\\/em>.\",\"perma_option\":\"off\"}},\"txt_help\":\"Wenn Sie diese Felder durch einen Klick aktivieren, werden Informationen an Facebook, Twitter, Flattr, Xing, t3n, LinkedIn, Pinterest oder Google eventuell ins Ausland \\u00fcbertragen und unter Umst\\u00e4nden auch dort gespeichert. N\\u00e4heres erfahren Sie durch einen Klick auf das <em>i<\\\/em>.\",\"settings_perma\":\"Dauerhaft aktivieren und Daten\\u00fcber-tragung zustimmen:\",\"info_link\":\"http:\\\/\\\/www.heise.de\\\/ct\\\/artikel\\\/2-Klicks-fuer-mehr-Datenschutz-1333879.html\",\"uri\":\"https:\\\/\\\/www.brennecke.org\\\/?p=3451\",\"post_id\":3451,\"post_title_referrer_track\":\"Enth%C3%BCllt%3A+der+geheime+Fahrplan+des+Sigmar+Gabriel\",\"display_infobox\":\"on\"});}});\n\/* ]]> *\/<\/script><\/div>","protected":false},"excerpt":{"rendered":"<p>Werte Leserinnen und Leser, wer die Kapriolen des Sigmar Gabriel seit seinem Besuch bei PEGIDA im Januar verfolgt hat, wird sich nicht nur einmal gefragt haben: &#8222;Ist der Mann irre?&#8220; Da werden Parteipositionen \u00fcber Bord geworfen, Griechenland zusammen mit der &hellip; <a href=\"https:\/\/www.brennecke.org\/?p=3451\">Weiterlesen <span class=\"meta-nav\">&rarr;<\/span><\/a><\/p>\n","protected":false},"author":1,"featured_media":0,"comment_status":"closed","ping_status":"open","sticky":false,"template":"","format":"standard","meta":{"footnotes":""},"categories":[1,676,3,447],"tags":[902,279,903,904,905,353],"_links":{"self":[{"href":"https:\/\/www.brennecke.org\/index.php?rest_route=\/wp\/v2\/posts\/3451"}],"collection":[{"href":"https:\/\/www.brennecke.org\/index.php?rest_route=\/wp\/v2\/posts"}],"about":[{"href":"https:\/\/www.brennecke.org\/index.php?rest_route=\/wp\/v2\/types\/post"}],"author":[{"embeddable":true,"href":"https:\/\/www.brennecke.org\/index.php?rest_route=\/wp\/v2\/users\/1"}],"replies":[{"embeddable":true,"href":"https:\/\/www.brennecke.org\/index.php?rest_route=%2Fwp%2Fv2%2Fcomments&post=3451"}],"version-history":[{"count":3,"href":"https:\/\/www.brennecke.org\/index.php?rest_route=\/wp\/v2\/posts\/3451\/revisions"}],"predecessor-version":[{"id":3454,"href":"https:\/\/www.brennecke.org\/index.php?rest_route=\/wp\/v2\/posts\/3451\/revisions\/3454"}],"wp:attachment":[{"href":"https:\/\/www.brennecke.org\/index.php?rest_route=%2Fwp%2Fv2%2Fmedia&parent=3451"}],"wp:term":[{"taxonomy":"category","embeddable":true,"href":"https:\/\/www.brennecke.org\/index.php?rest_route=%2Fwp%2Fv2%2Fcategories&post=3451"},{"taxonomy":"post_tag","embeddable":true,"href":"https:\/\/www.brennecke.org\/index.php?rest_route=%2Fwp%2Fv2%2Ftags&post=3451"}],"curies":[{"name":"wp","href":"https:\/\/api.w.org\/{rel}","templated":true}]}}