{"id":346,"date":"2010-05-07T23:54:11","date_gmt":"2010-05-07T21:54:11","guid":{"rendered":"http:\/\/www.brennecke.org\/?p=346"},"modified":"2010-05-09T15:04:30","modified_gmt":"2010-05-09T13:04:30","slug":"346","status":"publish","type":"post","link":"https:\/\/www.brennecke.org\/?p=346","title":{"rendered":"Keine Frageabsicht?"},"content":{"rendered":"<p>Werte Leserinnen und Leser,<\/p>\n<p>ich wollte nach einem neuerlichen Bericht \u00fcber die <span style=\"text-decoration: line-through;\">Knebeltricks<\/span> <a title=\"heise.de \u00fcber Kabel Deutschland\" href=\"http:\/\/www.heise.de\/newsticker\/meldung\/Kabel-Deutschland-will-Einsatz-von-Alphacrypt-CAMs-in-CI-Plus-Empfaengern-unterbinden-995471.html\">Kundenbindungma\u00dfnahmen von Kabel Deutschland<\/a> \u00fcber die Plattform <a title=\"Startseite von abgeordnetenwatch.de\" href=\"http:\/\/www.abgeordnetenwatch.de\">abgeordnetenwatch.de<\/a> an den Medienexperten der FDP, <a title=\"Homepage von Hans-Joachim Otto\" href=\"http:\/\/www.hansjoachimotto.de\/\">Hans-Joachim Otto<\/a>, eine Frage stellen. Meine knapp 2000 Zeichen waren wie folgt formuliert:<\/p>\n<blockquote><p><em>Sehr geehrter Herr Otto,<br \/>\n<\/em><\/p>\n<p><em>als Nutzer eines digitalen Kabelanschlusses empfinde ich die Reglementierungen der Kabelbetreiber (Kabel Deutschland, Kabel BW usw.) seit Jahren als Zumutung. Man schreibt uns spezielle Ger\u00e4te vor, verschl\u00fcsselt TV, das \u00fcber die analoges Kabelfernsehen und \u00fcber Satellit unverschl\u00fcsselt empfangen werden kann und verhindert durch den Einsatz spezieller und wechselnder Verschl\u00fcsselungstechnologien gezielt die Aufzeichnung und Archivierung von im Fernsehen gezeigten Sendungen. Kurz gesagt: es existiert de facto ein Monopol und kein freier Markt, weder beiden Anbietern noch bei den Endger\u00e4ten. In Mietwohnungen wie meiner ist zudem der Wechsel hin zu anderen Quellen nicht m\u00f6glich &#8211; Satellitensch\u00fcsseln d\u00fcrfen nicht montiert werden, der Empfang von terrestrischem Digitalen Fernsehen ist kein Ersatz, da dort die\u00a0 Bildqualit\u00e4t des Signals deutlich schlechter ist als \u00fcber Kabel. HD-Fernsehen wird terrestrisch nicht \u00fcbertragen. Auch hier ist ein freier Markt de facto nicht vorgesehen.<br \/>\nNun lese ich heute, dass Kabel Deutschland seine Kunden durch gezielte Ma\u00dfnahmen de facto auf die <a title=\"wikipedia.de \u00fcber CI+\" href=\"http:\/\/de.wikipedia.org\/wiki\/Common_Interface\">verbraucherunfreundlichen CI+-Technologie<\/a> festlegen will, bei der die TV-Anbieter die M\u00f6glichkeit haben,<br \/>\nAufzeichnungen und das Vorspulen in Fernsehsendungen komplett zu unterbinden &#8211; etwas, das wir seit Einf\u00fchrung des Videorecorders in den 1970er Jahren \u00fcberwunden glaubten. Hinzu kommt, dass die von Kabel Deutschland pr\u00e4ferierten Set-Top-Boxen nicht einmal den Empfang von Pay-TV erlauben (Sky Deutschland). Daf\u00fcr braucht man eine zweite\u00a0 Set-Top-Box.<br \/>\nMeine Frage an Sie: Ist es nicht an der Zeit, im Sinne der Verbraucher einzugreifen und den Kabelgesellschaften vorzuschreiben, einen offenen Markt zu etablieren, wie er beim Satellitenempfang seit Jahren besteht?<br \/>\nDazu geh\u00f6rt meines Erachtens zuallererst die Abschaltung der <a title=\"wikipedia.de \u00fcber die Grundverschl\u00fcsselung im Kabelnetz\" href=\"http:\/\/de.wikipedia.org\/wiki\/Grundverschl%C3%BCsselung\">Grundverschl\u00fcsselung<\/a> bei ansonsten frei empfangbaren Sendern. K\u00f6nnen Sie sich hierf\u00fcr einsetzen?<br \/>\n<\/em><\/p>\n<p><em>Mit besten Gr\u00fc\u00dfen<\/em><\/p><\/blockquote>\n<p>Nach einer knappen Stunde erhielt ich von abgeordnetenwatch.de die folgende Antwort:<\/p>\n<blockquote><p><em>Guten Tag,<\/em><\/p>\n<p><em>vielen Dank f\u00fcr Ihre Nachricht an Herrn Hans-Joachim Otto \u00fcber abgeordnetenwatch.de.<\/em><\/p>\n<p><em>Wir m\u00fcssen Ihnen allerdings mitteilen, dass wir Ihre Nachricht in der uns vorliegenden Version nicht freischalten, da sie gegen den Moderations-Codex verst\u00f6\u00dft. Sie f\u00e4llt in die Kategorie: <\/em><\/p><\/blockquote>\n<blockquote>\n<p style=\"padding-left: 30px;\"><strong>Beitr\u00e4ge, die keine Frageabsicht oder Aufforderung zur Stellungnahme erkennen lassen und haupts\u00e4chlich dem Zweck der Meinungs\u00e4u\u00dferung oder Kommentierung dienen<br \/>\n<\/strong><\/p>\n<p><em>Bitte haben Sie Verst\u00e4ndnis daf\u00fcr, dass wir auf abgeordnetenwatch.de auf das Frage- und Antwort-Format gro\u00dfen Wert legen.<\/em><\/p>\n<p><em>Wir werden Herrn Hans-Joachim Otto Ihre Nachricht aber zur Kenntnisnahme weiterleiten (aus Datenschutzgr\u00fcnden ohne Ihre e-Mail-Adresse).<br \/>\n&#8230;<br \/>\nMit freundlichen Gr\u00fc\u00dfen<\/em><\/p><\/blockquote>\n<p>Ich denke, die von einigen Politikern erhobenen <a title=\"Blog von abgeordnetenwatch.de\" href=\"http:\/\/blog.abgeordnetenwatch.de\/page\/2\/\">Vorw\u00fcrfe der Parteilichkeit gegen abgeordnetenwatch.de<\/a> entbehren jeder Grundlage, solange Briefe, die zu einer Frage noch die notwendige Vorgeschichte enthalten, als dem Moderationskodex widersprechend abgelehnt werden. Oder ist gar <em>Kabel Deutschland<\/em> der Schl\u00fcssel f\u00fcr die Ablehnung?<\/p>\n<p>Herzliche Gr\u00fc\u00dfe und sch\u00f6ne Verschw\u00f6rungstr\u00e4ume w\u00fcnscht<\/p>\n<p>Ihr JeanLuc7<\/p>\n<p>&#8212;<\/p>\n<p><strong>Update<\/strong>: Heute (9. Mai) erhielt ich eine Nachricht von der Redaktion von abgeordnetenwatch.de. Der Moderationskodex sei in meinem Falle offenbar sehr streng ausgelegt worden; die Frage werde in K\u00fcrze freigeschaltet. Das freut mich nat\u00fcrlich, danke an abgeordnetenwatch.de. Daher bin ich jetzt auf Herrn Ottos Antwort gespannt.<\/p>\n<p><img decoding=\"async\" src=\"file:\/\/\/Users\/Frank\/Library\/Caches\/TemporaryItems\/moz-screenshot.png\" alt=\"\" \/><\/p>\n<div class=\"twoclick_social_bookmarks_post_346 social_share_privacy clearfix 1.6.4 locale-de_DE sprite-de_DE\"><\/div><div class=\"twoclick-js\"><script type=\"text\/javascript\">\/* <![CDATA[ *\/\njQuery(document).ready(function($){if($('.twoclick_social_bookmarks_post_346')){$('.twoclick_social_bookmarks_post_346').socialSharePrivacy({\"services\":{\"facebook\":{\"status\":\"on\",\"txt_info\":\"2 Klicks f\\u00fcr mehr Datenschutz: Erst wenn Sie hier klicken, wird der Button aktiv und Sie k\\u00f6nnen Ihre Empfehlung an Facebook senden. Schon beim Aktivieren werden Daten an Dritte \\u00fcbertragen - siehe <em>i<\\\/em>.\",\"perma_option\":\"off\",\"action\":\"recommend\",\"language\":\"de_DE\"},\"twitter\":{\"reply_to\":\"\",\"tweet_text\":\"%20Keine%20Frageabsicht%3F%20%C2%BB%2053%20Cent%20%23abgeordnetenwatch.de%20%23Kabel%20Deutschland%20...\",\"status\":\"on\",\"txt_info\":\"2 Klicks f\\u00fcr mehr Datenschutz: Erst wenn Sie hier klicken, wird der Button aktiv und Sie k\\u00f6nnen Ihre Empfehlung an Twitter senden. Schon beim Aktivieren werden Daten an Dritte \\u00fcbertragen - siehe <em>i<\\\/em>.\",\"perma_option\":\"off\",\"language\":\"de\",\"referrer_track\":\"\"},\"gplus\":{\"status\":\"on\",\"txt_info\":\"2 Klicks f\\u00fcr mehr Datenschutz: Erst wenn Sie hier klicken, wird der Button aktiv und Sie k\\u00f6nnen Ihre Empfehlung an Google+ senden. Schon beim Aktivieren werden Daten an Dritte \\u00fcbertragen - siehe <em>i<\\\/em>.\",\"perma_option\":\"off\",\"referrer_track\":\"\"},\"flattr\":{\"uid\":\"\",\"status\":\"on\",\"the_title\":\"Keine%20Frageabsicht%3F\",\"the_excerpt\":\"Werte%20Leserinnen%20und%20Leser%2C%0D%0A%0D%0Aich%20wollte%20nach%20einem%20neuerlichen%20Bericht%20%C3%BCber%20die%20Knebeltricks%20Kundenbindungma%C3%9Fnahmen%20von%20Kabel%20Deutschland%20%C3%BCber%20die%20Plattform%20abgeordnetenwatch.de%20an%20den%20Medienexperten%20der%20FDP%2C%20Hans-Joachim%20Otto%2C%20eine%20Frage%20stellen.%20Meine%20knapp%202000%20Zeichen%20waren%20wie%20folgt%20formuliert%3A%0D%0ASehr%20geehrter%20Herr%20Otto%2C%0D%0A%0D%0A%0D%0Aals%20Nutzer%20eines%20digitalen%20Kabelanschlusses%20empfinde%20ich%20die%20R%20...\",\"txt_info\":\"2 Klicks f\\u00fcr mehr Datenschutz: Erst wenn Sie hier klicken, wird der Button aktiv und Sie k\\u00f6nnen Ihre Empfehlung an Flattr senden. Schon beim Aktivieren werden Daten an Dritte \\u00fcbertragen - siehe <em>i<\\\/em>.\",\"perma_option\":\"off\"}},\"txt_help\":\"Wenn Sie diese Felder durch einen Klick aktivieren, werden Informationen an Facebook, Twitter, Flattr, Xing, t3n, LinkedIn, Pinterest oder Google eventuell ins Ausland \\u00fcbertragen und unter Umst\\u00e4nden auch dort gespeichert. N\\u00e4heres erfahren Sie durch einen Klick auf das <em>i<\\\/em>.\",\"settings_perma\":\"Dauerhaft aktivieren und Daten\\u00fcber-tragung zustimmen:\",\"info_link\":\"http:\\\/\\\/www.heise.de\\\/ct\\\/artikel\\\/2-Klicks-fuer-mehr-Datenschutz-1333879.html\",\"uri\":\"https:\\\/\\\/www.brennecke.org\\\/?p=346\",\"post_id\":346,\"post_title_referrer_track\":\"Keine+Frageabsicht%3F\",\"display_infobox\":\"on\"});}});\n\/* ]]> *\/<\/script><\/div>","protected":false},"excerpt":{"rendered":"<p>Werte Leserinnen und Leser, ich wollte nach einem neuerlichen Bericht \u00fcber die Knebeltricks Kundenbindungma\u00dfnahmen von Kabel Deutschland \u00fcber die Plattform abgeordnetenwatch.de an den Medienexperten der FDP, Hans-Joachim Otto, eine Frage stellen. Meine knapp 2000 Zeichen waren wie folgt formuliert: Sehr &hellip; <a href=\"https:\/\/www.brennecke.org\/?p=346\">Weiterlesen <span class=\"meta-nav\">&rarr;<\/span><\/a><\/p>\n","protected":false},"author":1,"featured_media":0,"comment_status":"open","ping_status":"open","sticky":false,"template":"","format":"standard","meta":{"footnotes":""},"categories":[1],"tags":[219,221,222,220],"_links":{"self":[{"href":"https:\/\/www.brennecke.org\/index.php?rest_route=\/wp\/v2\/posts\/346"}],"collection":[{"href":"https:\/\/www.brennecke.org\/index.php?rest_route=\/wp\/v2\/posts"}],"about":[{"href":"https:\/\/www.brennecke.org\/index.php?rest_route=\/wp\/v2\/types\/post"}],"author":[{"embeddable":true,"href":"https:\/\/www.brennecke.org\/index.php?rest_route=\/wp\/v2\/users\/1"}],"replies":[{"embeddable":true,"href":"https:\/\/www.brennecke.org\/index.php?rest_route=%2Fwp%2Fv2%2Fcomments&post=346"}],"version-history":[{"count":8,"href":"https:\/\/www.brennecke.org\/index.php?rest_route=\/wp\/v2\/posts\/346\/revisions"}],"predecessor-version":[{"id":353,"href":"https:\/\/www.brennecke.org\/index.php?rest_route=\/wp\/v2\/posts\/346\/revisions\/353"}],"wp:attachment":[{"href":"https:\/\/www.brennecke.org\/index.php?rest_route=%2Fwp%2Fv2%2Fmedia&parent=346"}],"wp:term":[{"taxonomy":"category","embeddable":true,"href":"https:\/\/www.brennecke.org\/index.php?rest_route=%2Fwp%2Fv2%2Fcategories&post=346"},{"taxonomy":"post_tag","embeddable":true,"href":"https:\/\/www.brennecke.org\/index.php?rest_route=%2Fwp%2Fv2%2Ftags&post=346"}],"curies":[{"name":"wp","href":"https:\/\/api.w.org\/{rel}","templated":true}]}}