{"id":3462,"date":"2015-08-09T16:52:24","date_gmt":"2015-08-09T15:52:24","guid":{"rendered":"http:\/\/www.brennecke.org\/?p=3462"},"modified":"2018-05-14T09:02:05","modified_gmt":"2018-05-14T08:02:05","slug":"geheim-gabriels-plaene-fuer-die-urwahl-zum-kanzlerkandidaten-enthuellt","status":"publish","type":"post","link":"https:\/\/www.brennecke.org\/?p=3462","title":{"rendered":"Geheim! Gabriels Pl\u00e4ne f\u00fcr die Urwahl zum Kanzlerkandidaten enth\u00fcllt!"},"content":{"rendered":"<p>Werte Leserinnen und Leser,<\/p>\n<p>heute meldet <a href=\"http:\/\/www.spiegel.de\/politik\/deutschland\/spd-chef-gabriel-offen-fuer-urwahl-ueber-kanzlerkandidatur-a-1047396.html\">Spiegel Online<\/a>, dass Sigmar Gabriel sich zu dem Vorschlag seiner Parteikollegen Johanna Ueckermann ge\u00e4u\u00dfert hat, den <a href=\"http:\/\/www.spiegel.de\/politik\/deutschland\/spd-kanzlerkandidat-juso-chefin-johanna-uekermann-fordert-urwahl-a-1046755.html\">Kanzlerkandidaten der SPD f\u00fcr 2017 von den Mitgliedern per Urwahl bestimmen zu lassen<\/a>. Demnach sagte er:<\/p>\n<p>&#8222;Ich habe immer gro\u00dfen Wert darauf gelegt, die direkte Beteiligung in der Partei zu erh\u00f6hen. Deshalb haben die Mitglieder auch \u00fcber den Koalitionsvertrag abgestimmt. Ein Mitgliederentscheid \u00fcber die Kanzlerkandidatur vor der Wahl bringt eine gro\u00dfe Mobilisierung f\u00fcr die SPD. Daf\u00fcr br\u00e4uchte es dann aber mehr als nur einen Kandidaten.&#8220;<\/p>\n<p>Einer geheimen Quelle habe ich nun den folgende Schnappschuss zu verdanken, das enth\u00fcllt, wie man sich im Kreise um Sigmar Gabriels engste Mitarbeiter das Urwahlverfahren vorstellt. Ganz offensichtlich werden die Mitglieder nicht nur zwei, sondern gleich sieben Auswahlm\u00f6glichkeiten auf einen Streich bekommen.<\/p>\n<p><a href=\"http:\/\/www.brennecke.org\/wp-content\/uploads\/2015\/08\/WP_20150809_002.jpg\"><img loading=\"lazy\" decoding=\"async\" class=\"alignnone size-full wp-image-3464\" src=\"http:\/\/www.brennecke.org\/wp-content\/uploads\/2015\/08\/WP_20150809_002.jpg\" alt=\"WP_20150809_002\" width=\"1080\" height=\"1920\" srcset=\"https:\/\/www.brennecke.org\/wp-content\/uploads\/2015\/08\/WP_20150809_002.jpg 1080w, https:\/\/www.brennecke.org\/wp-content\/uploads\/2015\/08\/WP_20150809_002-169x300.jpg 169w, https:\/\/www.brennecke.org\/wp-content\/uploads\/2015\/08\/WP_20150809_002-576x1024.jpg 576w\" sizes=\"(max-width: 1080px) 100vw, 1080px\" \/><\/a><\/p>\n<p>Klasse &#8211; so muss gelebte Demokratie sein! Weiter so, Siggi! Und viel Erfolg f\u00fcr deinen eigenen Wahlkampf im Zeichen der Sieben!<\/p>\n<p>Es gr\u00fc\u00dft herzlich<\/p>\n<p>Ihr JL7<\/p>\n<p>&nbsp;<\/p>\n<div class=\"twoclick_social_bookmarks_post_3462 social_share_privacy clearfix 1.6.4 locale-de_DE sprite-de_DE\"><\/div><div class=\"twoclick-js\"><script type=\"text\/javascript\">\/* <![CDATA[ *\/\njQuery(document).ready(function($){if($('.twoclick_social_bookmarks_post_3462')){$('.twoclick_social_bookmarks_post_3462').socialSharePrivacy({\"services\":{\"facebook\":{\"status\":\"on\",\"txt_info\":\"2 Klicks f\\u00fcr mehr Datenschutz: Erst wenn Sie hier klicken, wird der Button aktiv und Sie k\\u00f6nnen Ihre Empfehlung an Facebook senden. Schon beim Aktivieren werden Daten an Dritte \\u00fcbertragen - siehe <em>i<\\\/em>.\",\"perma_option\":\"off\",\"action\":\"recommend\",\"language\":\"de_DE\"},\"twitter\":{\"reply_to\":\"\",\"tweet_text\":\"%20Geheim%21%20Gabriels%20Pl%C3%A4ne%20f%C3%BCr%20die%20Urwahl%20zum%20Kanzlerkandidaten%20enth%C3%BCllt%21%20...\",\"status\":\"on\",\"txt_info\":\"2 Klicks f\\u00fcr mehr Datenschutz: Erst wenn Sie hier klicken, wird der Button aktiv und Sie k\\u00f6nnen Ihre Empfehlung an Twitter senden. Schon beim Aktivieren werden Daten an Dritte \\u00fcbertragen - siehe <em>i<\\\/em>.\",\"perma_option\":\"off\",\"language\":\"de\",\"referrer_track\":\"\"},\"gplus\":{\"status\":\"on\",\"txt_info\":\"2 Klicks f\\u00fcr mehr Datenschutz: Erst wenn Sie hier klicken, wird der Button aktiv und Sie k\\u00f6nnen Ihre Empfehlung an Google+ senden. Schon beim Aktivieren werden Daten an Dritte \\u00fcbertragen - siehe <em>i<\\\/em>.\",\"perma_option\":\"off\",\"referrer_track\":\"\"},\"flattr\":{\"uid\":\"\",\"status\":\"on\",\"the_title\":\"Geheim%21%20Gabriels%20Pl%C3%A4ne%20f%C3%BCr%20die%20Urwahl%20zum%20Kanzlerkandidaten%20enth%C3%BCllt%21\",\"the_excerpt\":\"Werte%20Leserinnen%20und%20Leser%2C%0D%0A%0D%0Aheute%20meldet%20Spiegel%20Online%2C%20dass%20Sigmar%20Gabriel%20sich%20zu%20dem%20Vorschlag%20seiner%20Parteikollegen%20Johanna%20Ueckermann%20ge%C3%A4u%C3%9Fert%20hat%2C%20den%20Kanzlerkandidaten%20der%20SPD%20f%C3%BCr%202017%20von%20den%20Mitgliedern%20per%20Urwahl%20bestimmen%20zu%20lassen.%20Demnach%20sagte%20er%3A%0D%0A%0D%0A%22Ich%20habe%20immer%20gro%C3%9Fen%20Wert%20darauf%20gelegt%2C%20die%20direkte%20Beteiligung%20in%20der%20Partei%20zu%20erh%C3%B6hen.%20Deshalb%20haben%20die%20Mitglieder%20auch%20%20...\",\"txt_info\":\"2 Klicks f\\u00fcr mehr Datenschutz: Erst wenn Sie hier klicken, wird der Button aktiv und Sie k\\u00f6nnen Ihre Empfehlung an Flattr senden. Schon beim Aktivieren werden Daten an Dritte \\u00fcbertragen - siehe <em>i<\\\/em>.\",\"perma_option\":\"off\"}},\"txt_help\":\"Wenn Sie diese Felder durch einen Klick aktivieren, werden Informationen an Facebook, Twitter, Flattr, Xing, t3n, LinkedIn, Pinterest oder Google eventuell ins Ausland \\u00fcbertragen und unter Umst\\u00e4nden auch dort gespeichert. N\\u00e4heres erfahren Sie durch einen Klick auf das <em>i<\\\/em>.\",\"settings_perma\":\"Dauerhaft aktivieren und Daten\\u00fcber-tragung zustimmen:\",\"info_link\":\"http:\\\/\\\/www.heise.de\\\/ct\\\/artikel\\\/2-Klicks-fuer-mehr-Datenschutz-1333879.html\",\"uri\":\"https:\\\/\\\/www.brennecke.org\\\/?p=3462\",\"post_id\":3462,\"post_title_referrer_track\":\"Geheim%21+Gabriels+Pl%C3%A4ne+f%C3%BCr+die+Urwahl+zum+Kanzlerkandidaten+enth%C3%BCllt%21\",\"display_infobox\":\"on\"});}});\n\/* ]]> *\/<\/script><\/div>","protected":false},"excerpt":{"rendered":"<p>Werte Leserinnen und Leser, heute meldet Spiegel Online, dass Sigmar Gabriel sich zu dem Vorschlag seiner Parteikollegen Johanna Ueckermann ge\u00e4u\u00dfert hat, den Kanzlerkandidaten der SPD f\u00fcr 2017 von den Mitgliedern per Urwahl bestimmen zu lassen. Demnach sagte er: &#8222;Ich habe &hellip; <a href=\"https:\/\/www.brennecke.org\/?p=3462\">Weiterlesen <span class=\"meta-nav\">&rarr;<\/span><\/a><\/p>\n","protected":false},"author":1,"featured_media":0,"comment_status":"closed","ping_status":"open","sticky":false,"template":"","format":"standard","meta":{"footnotes":""},"categories":[1,3],"tags":[279,917,918,916],"_links":{"self":[{"href":"https:\/\/www.brennecke.org\/index.php?rest_route=\/wp\/v2\/posts\/3462"}],"collection":[{"href":"https:\/\/www.brennecke.org\/index.php?rest_route=\/wp\/v2\/posts"}],"about":[{"href":"https:\/\/www.brennecke.org\/index.php?rest_route=\/wp\/v2\/types\/post"}],"author":[{"embeddable":true,"href":"https:\/\/www.brennecke.org\/index.php?rest_route=\/wp\/v2\/users\/1"}],"replies":[{"embeddable":true,"href":"https:\/\/www.brennecke.org\/index.php?rest_route=%2Fwp%2Fv2%2Fcomments&post=3462"}],"version-history":[{"count":1,"href":"https:\/\/www.brennecke.org\/index.php?rest_route=\/wp\/v2\/posts\/3462\/revisions"}],"predecessor-version":[{"id":3465,"href":"https:\/\/www.brennecke.org\/index.php?rest_route=\/wp\/v2\/posts\/3462\/revisions\/3465"}],"wp:attachment":[{"href":"https:\/\/www.brennecke.org\/index.php?rest_route=%2Fwp%2Fv2%2Fmedia&parent=3462"}],"wp:term":[{"taxonomy":"category","embeddable":true,"href":"https:\/\/www.brennecke.org\/index.php?rest_route=%2Fwp%2Fv2%2Fcategories&post=3462"},{"taxonomy":"post_tag","embeddable":true,"href":"https:\/\/www.brennecke.org\/index.php?rest_route=%2Fwp%2Fv2%2Ftags&post=3462"}],"curies":[{"name":"wp","href":"https:\/\/api.w.org\/{rel}","templated":true}]}}