{"id":3467,"date":"2015-09-08T12:21:26","date_gmt":"2015-09-08T11:21:26","guid":{"rendered":"http:\/\/www.brennecke.org\/?p=3467"},"modified":"2018-05-14T09:02:05","modified_gmt":"2018-05-14T08:02:05","slug":"flucht-ausreise","status":"publish","type":"post","link":"https:\/\/www.brennecke.org\/?p=3467","title":{"rendered":"Flucht? Ausreise!"},"content":{"rendered":"<p>Da mir keine freundliche Anrede f\u00fcr Euch einf\u00e4llt, lasse ich sie weg. Denn dieser Beitrag gilt allein Euch, Ihr Nazis, Ihr Rechtsextremen, Ihr &#8222;besorgten B\u00fcrger&#8220;, die Ihr tagt\u00e4glich gegen den Zustrom von Fl\u00fcchtlingen demonstriert, polemisiert, protestiert und gewaltt\u00e4tig w\u00fctet.<\/p>\n<p>Offenbar ist Euch durchaus bewusst, dass das In-Brand-Stecken von Fl\u00fcchtlingsheimen eine strafbare Handlung von nicht unerheblicher Schwere ist. Sonst w\u00fcrdet Ihr Eure Brandbomben ja nicht nachts im Schutze der Dunkelheit werfen, sondern einfach tags\u00fcber im Vorbeigehen. Ihr w\u00fcrdet Eure Spuren nicht verwischen, sondern gleich darauf zur Polizei oder zur n\u00e4chsten Lokalredaktion gehen, um stolz von Euren Taten zu berichten. Tut Ihr aber nicht. Nazis sind eben auch Feiglinge, wenn es darum geht, den unglaublichen Mist, den sie verzapfen und anstellen, zu vertreten und daf\u00fcr gerade zu stehen.<\/p>\n<p>Ihr macht Euch Sorgen, weil Sachsen pl\u00f6tzlich zu klein f\u00fcr Euch wird? Wegen religi\u00f6ser \u00dcberfremdung? Wegen der potenziellen Straftaten der Fl\u00fcchtlinge (wobei Eure geworfenen Brands\u00e4tze bereits reale Straftaten sind)? Ich habe einen Vorschlag f\u00fcr Euch, der allen zugute k\u00e4me. F\u00fcllt einfach das unten abgebildete Ausreiseformular aus und schickt es an das Au\u00dfenministerium der Bundesrepublik Deutschland &#8211; die sind wohl als Rechtsnachfolger der DDR verantwortlich f\u00fcr Ausreiseantr\u00e4ge.<\/p>\n<p>Als Ziel gebt Ihr am besten einen der entv\u00f6lkerten Staaten an: Syrien zum Beispiel. Dort brauchen sie vielleicht starke M\u00e4nner und geb\u00e4rfreudige M\u00e4dels f\u00fcr den Wiederaufbau, und mit Eurer braunen Gesinnung passt Ihr auch farblich-modisch gut zur Umgebung. In Sachsen und anderswo w\u00fcrden dann eine Menge Wohnungen frei, in denen wir die Fl\u00fcchtlinge unterbringen k\u00f6nnten. Eure Pro-Person-Hartz4-Regels\u00e4tze reichen jeweils f\u00fcr vier Fl\u00fcchtlinge. Ihr selbst k\u00f6nntet Euch vor Ort \u00fcberzeugen, wie die Fl\u00fcchtlinge daheim in Saus und Braus gelebt haben. Und wir in Deutschland k\u00f6nnten endlich ohne braunen Dreck leben.<\/p>\n<p>Auf geht&#8217;s. Die ersten f\u00fcnf Einsendungen bekommen bestimmt Geleitschutz bei der Ausreise.<\/p>\n<p><a href=\"http:\/\/www.brennecke.org\/wp-content\/uploads\/2015\/09\/Bildschirmfoto-2015-09-08-um-12.00.43.png\"><img loading=\"lazy\" decoding=\"async\" class=\" size-full wp-image-3468 aligncenter\" src=\"http:\/\/www.brennecke.org\/wp-content\/uploads\/2015\/09\/Bildschirmfoto-2015-09-08-um-12.00.43.png\" alt=\"Bildschirmfoto 2015-09-08 um 12.00.43\" width=\"524\" height=\"371\" srcset=\"https:\/\/www.brennecke.org\/wp-content\/uploads\/2015\/09\/Bildschirmfoto-2015-09-08-um-12.00.43.png 524w, https:\/\/www.brennecke.org\/wp-content\/uploads\/2015\/09\/Bildschirmfoto-2015-09-08-um-12.00.43-300x212.png 300w\" sizes=\"(max-width: 524px) 100vw, 524px\" \/><\/a><\/p>\n<p>Eine kleine Hilfe zum Ausf\u00fcllen: &#8222;Beabsichtigte Dauer der Reise&#8220; ist &#8222;sofort&#8220; und &#8222;bis in alle Ewigkeit&#8220;.<\/p>\n<p>Es gr\u00fc\u00dft herzlich,<\/p>\n<p>Euer JL7<\/p>\n<div class=\"twoclick_social_bookmarks_post_3467 social_share_privacy clearfix 1.6.4 locale-de_DE sprite-de_DE\"><\/div><div class=\"twoclick-js\"><script type=\"text\/javascript\">\/* <![CDATA[ *\/\njQuery(document).ready(function($){if($('.twoclick_social_bookmarks_post_3467')){$('.twoclick_social_bookmarks_post_3467').socialSharePrivacy({\"services\":{\"facebook\":{\"status\":\"on\",\"txt_info\":\"2 Klicks f\\u00fcr mehr Datenschutz: Erst wenn Sie hier klicken, wird der Button aktiv und Sie k\\u00f6nnen Ihre Empfehlung an Facebook senden. Schon beim Aktivieren werden Daten an Dritte \\u00fcbertragen - siehe <em>i<\\\/em>.\",\"perma_option\":\"off\",\"action\":\"recommend\",\"language\":\"de_DE\"},\"twitter\":{\"reply_to\":\"\",\"tweet_text\":\"%20Flucht%3F%20Ausreise%21%20%C2%BB%2053%20Cent%20%23Ausreiseantrg%20%23Brandbombe%20%23Brandsatz%20%23DDR%20...\",\"status\":\"on\",\"txt_info\":\"2 Klicks f\\u00fcr mehr Datenschutz: Erst wenn Sie hier klicken, wird der Button aktiv und Sie k\\u00f6nnen Ihre Empfehlung an Twitter senden. Schon beim Aktivieren werden Daten an Dritte \\u00fcbertragen - siehe <em>i<\\\/em>.\",\"perma_option\":\"off\",\"language\":\"de\",\"referrer_track\":\"\"},\"gplus\":{\"status\":\"on\",\"txt_info\":\"2 Klicks f\\u00fcr mehr Datenschutz: Erst wenn Sie hier klicken, wird der Button aktiv und Sie k\\u00f6nnen Ihre Empfehlung an Google+ senden. Schon beim Aktivieren werden Daten an Dritte \\u00fcbertragen - siehe <em>i<\\\/em>.\",\"perma_option\":\"off\",\"referrer_track\":\"\"},\"flattr\":{\"uid\":\"\",\"status\":\"on\",\"the_title\":\"Flucht%3F%20Ausreise%21\",\"the_excerpt\":\"Da%20mir%20keine%20freundliche%20Anrede%20f%C3%BCr%20Euch%20einf%C3%A4llt%2C%20lasse%20ich%20sie%20weg.%20Denn%20dieser%20Beitrag%20gilt%20allein%20Euch%2C%20Ihr%20Nazis%2C%20Ihr%20Rechtsextremen%2C%20Ihr%20%22besorgten%20B%C3%BCrger%22%2C%20die%20Ihr%20tagt%C3%A4glich%20gegen%20den%20Zustrom%20von%20Fl%C3%BCchtlingen%20demonstriert%2C%20polemisiert%2C%20protestiert%20und%20gewaltt%C3%A4tig%20w%C3%BCtet.%0D%0A%0D%0AOffenbar%20ist%20Euch%20durchaus%20bewusst%2C%20dass%20das%20In-Brand-Stecken%20von%20Fl%C3%BCchtlingsheimen%20eine%20strafbare%20Handlung%20von%20ni%20...\",\"txt_info\":\"2 Klicks f\\u00fcr mehr Datenschutz: Erst wenn Sie hier klicken, wird der Button aktiv und Sie k\\u00f6nnen Ihre Empfehlung an Flattr senden. Schon beim Aktivieren werden Daten an Dritte \\u00fcbertragen - siehe <em>i<\\\/em>.\",\"perma_option\":\"off\"}},\"txt_help\":\"Wenn Sie diese Felder durch einen Klick aktivieren, werden Informationen an Facebook, Twitter, Flattr, Xing, t3n, LinkedIn, Pinterest oder Google eventuell ins Ausland \\u00fcbertragen und unter Umst\\u00e4nden auch dort gespeichert. N\\u00e4heres erfahren Sie durch einen Klick auf das <em>i<\\\/em>.\",\"settings_perma\":\"Dauerhaft aktivieren und Daten\\u00fcber-tragung zustimmen:\",\"info_link\":\"http:\\\/\\\/www.heise.de\\\/ct\\\/artikel\\\/2-Klicks-fuer-mehr-Datenschutz-1333879.html\",\"uri\":\"https:\\\/\\\/www.brennecke.org\\\/?p=3467\",\"post_id\":3467,\"post_title_referrer_track\":\"Flucht%3F+Ausreise%21\",\"display_infobox\":\"on\"});}});\n\/* ]]> *\/<\/script><\/div>","protected":false},"excerpt":{"rendered":"<p>Da mir keine freundliche Anrede f\u00fcr Euch einf\u00e4llt, lasse ich sie weg. Denn dieser Beitrag gilt allein Euch, Ihr Nazis, Ihr Rechtsextremen, Ihr &#8222;besorgten B\u00fcrger&#8220;, die Ihr tagt\u00e4glich gegen den Zustrom von Fl\u00fcchtlingen demonstriert, polemisiert, protestiert und gewaltt\u00e4tig w\u00fctet. Offenbar &hellip; <a href=\"https:\/\/www.brennecke.org\/?p=3467\">Weiterlesen <span class=\"meta-nav\">&rarr;<\/span><\/a><\/p>\n","protected":false},"author":1,"featured_media":0,"comment_status":"closed","ping_status":"open","sticky":false,"template":"","format":"standard","meta":{"footnotes":""},"categories":[1,3,447],"tags":[920,921,922,613,919,417,494,647],"_links":{"self":[{"href":"https:\/\/www.brennecke.org\/index.php?rest_route=\/wp\/v2\/posts\/3467"}],"collection":[{"href":"https:\/\/www.brennecke.org\/index.php?rest_route=\/wp\/v2\/posts"}],"about":[{"href":"https:\/\/www.brennecke.org\/index.php?rest_route=\/wp\/v2\/types\/post"}],"author":[{"embeddable":true,"href":"https:\/\/www.brennecke.org\/index.php?rest_route=\/wp\/v2\/users\/1"}],"replies":[{"embeddable":true,"href":"https:\/\/www.brennecke.org\/index.php?rest_route=%2Fwp%2Fv2%2Fcomments&post=3467"}],"version-history":[{"count":4,"href":"https:\/\/www.brennecke.org\/index.php?rest_route=\/wp\/v2\/posts\/3467\/revisions"}],"predecessor-version":[{"id":3472,"href":"https:\/\/www.brennecke.org\/index.php?rest_route=\/wp\/v2\/posts\/3467\/revisions\/3472"}],"wp:attachment":[{"href":"https:\/\/www.brennecke.org\/index.php?rest_route=%2Fwp%2Fv2%2Fmedia&parent=3467"}],"wp:term":[{"taxonomy":"category","embeddable":true,"href":"https:\/\/www.brennecke.org\/index.php?rest_route=%2Fwp%2Fv2%2Fcategories&post=3467"},{"taxonomy":"post_tag","embeddable":true,"href":"https:\/\/www.brennecke.org\/index.php?rest_route=%2Fwp%2Fv2%2Ftags&post=3467"}],"curies":[{"name":"wp","href":"https:\/\/api.w.org\/{rel}","templated":true}]}}