{"id":3474,"date":"2015-09-18T07:46:04","date_gmt":"2015-09-18T06:46:04","guid":{"rendered":"http:\/\/www.brennecke.org\/?p=3474"},"modified":"2018-05-14T09:02:05","modified_gmt":"2018-05-14T08:02:05","slug":"ja-aber","status":"publish","type":"post","link":"https:\/\/www.brennecke.org\/?p=3474","title":{"rendered":"Ja, aber&#8230;"},"content":{"rendered":"<p>Werte Leserinnen und Leser,<\/p>\n<p>wir haben in den vergangenen Wochen gesehen, wie sogenannte &#8222;besorgte B\u00fcrger&#8220; in Sachsen und anderswo das Recht in die eigenen H\u00e4nde genommen und uns die altbekannte Fratze des Rechtsradikalismus gezeigt haben. Die Politik hat die Ausschreitungen unisono verurteilt und sich klar gegen Nazis und Rechtsextreme positioniert.<\/p>\n<p>&#8222;Ja, aber&#8230;&#8220;, werden Sie jetzt sagen. Seltsam, genau das haben unsere Rechts-neben-uns-ist-niemand-Politiker von der CSU auch gesagt. <em>Denn man m\u00fcsse die Besorgungen der B\u00fcrger ernst nehmen, Deutschland k\u00f6nnen nicht die Probleme der Welt l\u00f6sen, das Boot sei bereits voll, und \u00fcberhaupt, die ganzen Schl\u00e4fer und Islamisten, die wir uns nun ins Land holen&#8230; Asylrecht? Ja, aber doch nicht f\u00fcr alle! Die meisten kommen doch blo\u00df wegen des Geldes.<\/em> (i.e f\u00fcnf Euro am Tag, Erg. d. Verf.) Und dann die Frage, die typischerweise am Beginn des zweiten Aktes eines jeden Heldendramas gestellt wird: &#8222;Schaffen wir das?&#8220;<\/p>\n<p>Frau Merkel hat in bemerkenswert deutlicher Form mit &#8222;Ja.&#8220; (&#8222;Ja -Punkt&#8220;) geantwortet und den &#8222;Ja, aber&#8230;&#8220; Parteifreunden ihren Rang zugewiesen &#8211; rechts hinten in der Ecke sollen sie grummeln, aber ansonsten bitte still sein. Nun, still sind sie leider nach wie vor nicht, und die Politikredakteure des Leib- und Magenblatts der CDU, der FAZ, stellen tagt\u00e4glich Ja-Aber-Kommentare ins Netz, die den Untergang Deutschlands prophezeien &#8211; \u00fcbrigens feigerweise unkommentierbar durch die Leser. W\u00fcrde ich zu allen Kommentaren verlinken, w\u00fcrde der gesamte Absatz bunt und die Lesbarkeit sehr leiden.<\/p>\n<p>Wir sollten uns dar\u00fcber im klaren sein, dass der Zuzug von einer Million oder mehr Fl\u00fcchtlingen aus einem anderen Kulturkreis kein Pappenstiel ist, den man mit einer einmaligen Kraftanstrengung &#8222;schaffen&#8220; kann, so wie in der Heldensage im Schlusskampf gesiegt und alles gut wird. Vielmehr ist die Integration wahrscheinlich eine Generationenaufgabe, so wie sie bereits seit 1945 f\u00fcr die Vertriebenen geleistet wird. Die haben \u00fcbrigens bis heute den &#8222;Bund der Vertriebenen&#8220;, der wiederum durchaus fragw\u00fcrdige Positionen vertritt, sobald es um Deutschlands Ostgrenzen geht. Die CDU-Rechtsau\u00dfen Erika Steinbach (auch eine typische Ja-Aber-Sagerin) war f\u00fcr viele Jahre die Pr\u00e4sidentin dieses Bundes. Die Vertriebenen-Integration findet also auch 70 Jahre nach Kriegsende immer noch statt.<\/p>\n<p>Bei allem Ja-Aber bleibt aber selbst der CSU nichts \u00fcbrig als zu akzeptieren, dass die syrischen Fl\u00fcchtlinge nun einmal da sind und auch durch wiederholtes Stammtischgerede nicht verschwinden werden. In hoffentlich naher Zukunft werden auch CSU und Sachsen-CDU begreifen m\u00fcssen, dass sie mit ihrem Ja-Aber nur den Rechtsextremismus in ihren L\u00e4ndern befeuern, der in Bayern (exklusive M\u00fcnchen) \u00fcbrigens weitaus salonf\u00e4higer ist als in Sachsen. Mit Markus S\u00f6der und Andreas Scheuer leistet sich die CSU gleich zwei Spitzenpolitiker, die die dumpfe Bierzeltrhetorik perfekt beherrschen und sich nur dann staatstragend geben, wenn sie neben Merkel auf der B\u00fchne stehen. Die unheilige Allianz, die die CSU derzeit mit dem ungarischen <del>Ministerpr\u00e4sidenten<\/del> <a href=\"http:\/\/www.welt.de\/politik\/ausland\/article141354443\/Juncker-begruesst-Orban-Hallo-Diktator.html\">Diktator Orban<\/a> eingeht, wird uns noch viel \u00c4rger einbringen.<\/p>\n<p>Seien wir ehrlich: es gibt durchaus ein paar berechtigte und politisch unverd\u00e4chtige\u00a0 Ja-Abers:<\/p>\n<ul>\n<li>Wir werden von unserem Reichtum abgeben m\u00fcssen, damit die neuen B\u00fcrger ein w\u00fcrdevolles Leben f\u00fchren k\u00f6nnen (Wer jetzt schon wieder &#8222;Ja, aber&#8220; sagt, mag bitte Artikel 1 des Grundgesetzes, Absatz 1 lesen).<\/li>\n<li>Wir werden religi\u00f6ser, auch wenn das in einer Welt des Klimawandels und kriegerischer Konflikte vielleicht gerade nicht der sinnvollste Weg ist &#8211; und \u00fcbrigens nicht nur wegen der zuwandernden Muslime. Die ansonsten politisch unbelastete ehemalige Ratsvorsitzende der Evangelischen Kirche Margot K\u00e4\u00dfmann forderte\u00a0 in einer Talkshow k\u00fcrzlich, <a href=\"http:\/\/www.welt.de\/politik\/deutschland\/article146239250\/Angst-vor-Islamisierung-Gehen-Sie-in-die-Kirche.html\">bei Angst vor Islamisierung am besten in die Kirche zu gehen<\/a>. Auch wenn ich pers\u00f6nlich G\u00f6tterglaube in unserer Welt f\u00fcr nicht hilfreich halte &#8211; die Religionsfreiheit steht im Grundgesetz, Artikel 4. Dies als Erinnerung f\u00fcr uns Atheisten.<\/li>\n<li>Wir werden uns alle gemeinsam um die Fl\u00fcchtlinge k\u00fcmmern m\u00fcssen. Auch wenn man sich gerne multikulturell gibt: sie m\u00fcssen allesamt Deutsch lernen und das sehr schnell. Ansonsten haben sie auf dem hiesigen Ausbildungs- und Arbeitsmarkt kaum Chancen. Hier kommt gew\u00f6hnlich ein \u00fcberfl\u00fcssiges Ja-Aber aus der linken Ecke &#8211; aber niemand gibt seine eigene Kultur auf, nur weil er zus\u00e4tzlich Deutsch lernt. Also bitte, bleibt cool.<\/li>\n<li>Wir werden den Fl\u00fcchtlingen unsere Wertma\u00dfst\u00e4be nahe bringen m\u00fcssen &#8211; auch das sehr schnell. Unsere Freiheit beruht auch darauf, dass wir anders lautende Meinungen vielleicht nicht annehmen, aber tolerieren: Schwule d\u00fcrfen bei uns ungestraft leben (und sich beinahe verheiraten). Religi\u00f6se d\u00fcrfen zu anderen Glaubensrichtungen konvertieren. Es gibt von Staats wegen keine heiligen B\u00fccher, aus denen man keine Seiten herausrei\u00dfen d\u00fcrfte. Gleichwohl gilt das B\u00fccherverbrennen als Zeichen geistiger Umnachtung. Undsoweiterundsofort.<\/li>\n<li>\u00c4hnlich wie nach dem 2. Weltkrieg wird es auch jetzt f\u00fcr die aus Kriegsgebieten kommenden eine Wieder-Eingew\u00f6hnung sein, dass der Staat ein Gewaltmonopol hat:\u00a0 B\u00fcrgergewalt gegen Menschen (und Sachen) ist nicht tolerierbar. Wobei gerade dieser Punkt inzwischen auch einem Teil der Menschen in Sachsen noch einmal besorgt werden muss &#8211; das w\u00e4re eine gute Chance f\u00fcr einen gemeinsamen Gemeinschaftskundeunterricht mit Fl\u00fcchtlingen und den Schreih\u00e4lsen aus Freital und Heidenau und sonstwo.<\/li>\n<\/ul>\n<p>Wir schaffen das? Ja- und wenn Sie mithelfen, geht es schneller. Und wie Deutschland dann in 30 Jahren aussieht, das schauen wir uns in 30 Jahren an. Denn vor 30 Jahren, im September 1985, h\u00e4tte niemand einen Pfifferling darauf gegeben, dass Heidenau und Freital zum bundesdeutschen Staatsgebiet geh\u00f6ren.<\/p>\n<p>Es gr\u00fc\u00dft herzlich,<\/p>\n<p>Ihr JL7<\/p>\n<p>&nbsp;<\/p>\n<p>&nbsp;<\/p>\n<p>&nbsp;<\/p>\n<div class=\"twoclick_social_bookmarks_post_3474 social_share_privacy clearfix 1.6.4 locale-de_DE sprite-de_DE\"><\/div><div class=\"twoclick-js\"><script type=\"text\/javascript\">\/* <![CDATA[ *\/\njQuery(document).ready(function($){if($('.twoclick_social_bookmarks_post_3474')){$('.twoclick_social_bookmarks_post_3474').socialSharePrivacy({\"services\":{\"facebook\":{\"status\":\"on\",\"txt_info\":\"2 Klicks f\\u00fcr mehr Datenschutz: Erst wenn Sie hier klicken, wird der Button aktiv und Sie k\\u00f6nnen Ihre Empfehlung an Facebook senden. Schon beim Aktivieren werden Daten an Dritte \\u00fcbertragen - siehe <em>i<\\\/em>.\",\"perma_option\":\"off\",\"action\":\"recommend\",\"language\":\"de_DE\"},\"twitter\":{\"reply_to\":\"\",\"tweet_text\":\"%20Ja%2C%20aber%E2%80%A6%20%C2%BB%2053%20Cent%20%23Asyl%20%23CSU%20%23Fl%C3%BCchtlinge%20%23Grundgesetz%20...\",\"status\":\"on\",\"txt_info\":\"2 Klicks f\\u00fcr mehr Datenschutz: Erst wenn Sie hier klicken, wird der Button aktiv und Sie k\\u00f6nnen Ihre Empfehlung an Twitter senden. Schon beim Aktivieren werden Daten an Dritte \\u00fcbertragen - siehe <em>i<\\\/em>.\",\"perma_option\":\"off\",\"language\":\"de\",\"referrer_track\":\"\"},\"gplus\":{\"status\":\"on\",\"txt_info\":\"2 Klicks f\\u00fcr mehr Datenschutz: Erst wenn Sie hier klicken, wird der Button aktiv und Sie k\\u00f6nnen Ihre Empfehlung an Google+ senden. Schon beim Aktivieren werden Daten an Dritte \\u00fcbertragen - siehe <em>i<\\\/em>.\",\"perma_option\":\"off\",\"referrer_track\":\"\"},\"flattr\":{\"uid\":\"\",\"status\":\"on\",\"the_title\":\"Ja%2C%20aber%26%238230%3B\",\"the_excerpt\":\"Werte%20Leserinnen%20und%20Leser%2C%0D%0A%0D%0Awir%20haben%20in%20den%20vergangenen%20Wochen%20gesehen%2C%20wie%20sogenannte%20%22besorgte%20B%C3%BCrger%22%20in%20Sachsen%20und%20anderswo%20das%20Recht%20in%20die%20eigenen%20H%C3%A4nde%20genommen%20und%20uns%20die%20altbekannte%20Fratze%20des%20Rechtsradikalismus%20gezeigt%20haben.%20Die%20Politik%20hat%20die%20Ausschreitungen%20unisono%20verurteilt%20und%20sich%20klar%20gegen%20Nazis%20und%20Rechtsextreme%20positioniert.%0D%0A%0D%0A%22Ja%2C%20aber...%22%2C%20werden%20Sie%20jetzt%20sagen.%20...\",\"txt_info\":\"2 Klicks f\\u00fcr mehr Datenschutz: Erst wenn Sie hier klicken, wird der Button aktiv und Sie k\\u00f6nnen Ihre Empfehlung an Flattr senden. Schon beim Aktivieren werden Daten an Dritte \\u00fcbertragen - siehe <em>i<\\\/em>.\",\"perma_option\":\"off\"}},\"txt_help\":\"Wenn Sie diese Felder durch einen Klick aktivieren, werden Informationen an Facebook, Twitter, Flattr, Xing, t3n, LinkedIn, Pinterest oder Google eventuell ins Ausland \\u00fcbertragen und unter Umst\\u00e4nden auch dort gespeichert. N\\u00e4heres erfahren Sie durch einen Klick auf das <em>i<\\\/em>.\",\"settings_perma\":\"Dauerhaft aktivieren und Daten\\u00fcber-tragung zustimmen:\",\"info_link\":\"http:\\\/\\\/www.heise.de\\\/ct\\\/artikel\\\/2-Klicks-fuer-mehr-Datenschutz-1333879.html\",\"uri\":\"https:\\\/\\\/www.brennecke.org\\\/?p=3474\",\"post_id\":3474,\"post_title_referrer_track\":\"Ja%2C+aber%26%238230%3B\",\"display_infobox\":\"on\"});}});\n\/* ]]> *\/<\/script><\/div>","protected":false},"excerpt":{"rendered":"<p>Werte Leserinnen und Leser, wir haben in den vergangenen Wochen gesehen, wie sogenannte &#8222;besorgte B\u00fcrger&#8220; in Sachsen und anderswo das Recht in die eigenen H\u00e4nde genommen und uns die altbekannte Fratze des Rechtsradikalismus gezeigt haben. Die Politik hat die Ausschreitungen &hellip; <a href=\"https:\/\/www.brennecke.org\/?p=3474\">Weiterlesen <span class=\"meta-nav\">&rarr;<\/span><\/a><\/p>\n","protected":false},"author":1,"featured_media":0,"comment_status":"closed","ping_status":"open","sticky":false,"template":"","format":"standard","meta":{"footnotes":""},"categories":[1,3],"tags":[924,247,923,363,927,929,926,830,925,905,529,928],"_links":{"self":[{"href":"https:\/\/www.brennecke.org\/index.php?rest_route=\/wp\/v2\/posts\/3474"}],"collection":[{"href":"https:\/\/www.brennecke.org\/index.php?rest_route=\/wp\/v2\/posts"}],"about":[{"href":"https:\/\/www.brennecke.org\/index.php?rest_route=\/wp\/v2\/types\/post"}],"author":[{"embeddable":true,"href":"https:\/\/www.brennecke.org\/index.php?rest_route=\/wp\/v2\/users\/1"}],"replies":[{"embeddable":true,"href":"https:\/\/www.brennecke.org\/index.php?rest_route=%2Fwp%2Fv2%2Fcomments&post=3474"}],"version-history":[{"count":15,"href":"https:\/\/www.brennecke.org\/index.php?rest_route=\/wp\/v2\/posts\/3474\/revisions"}],"predecessor-version":[{"id":3489,"href":"https:\/\/www.brennecke.org\/index.php?rest_route=\/wp\/v2\/posts\/3474\/revisions\/3489"}],"wp:attachment":[{"href":"https:\/\/www.brennecke.org\/index.php?rest_route=%2Fwp%2Fv2%2Fmedia&parent=3474"}],"wp:term":[{"taxonomy":"category","embeddable":true,"href":"https:\/\/www.brennecke.org\/index.php?rest_route=%2Fwp%2Fv2%2Fcategories&post=3474"},{"taxonomy":"post_tag","embeddable":true,"href":"https:\/\/www.brennecke.org\/index.php?rest_route=%2Fwp%2Fv2%2Ftags&post=3474"}],"curies":[{"name":"wp","href":"https:\/\/api.w.org\/{rel}","templated":true}]}}