{"id":3495,"date":"2015-11-15T15:44:23","date_gmt":"2015-11-15T14:44:23","guid":{"rendered":"http:\/\/www.brennecke.org\/?p=3495"},"modified":"2018-05-14T09:02:04","modified_gmt":"2018-05-14T08:02:04","slug":"religionsfreiheit-bis-hierher-und-nicht-weiter","status":"publish","type":"post","link":"https:\/\/www.brennecke.org\/?p=3495","title":{"rendered":"Religionsfreiheit &#8211; bis hierher und nicht weiter"},"content":{"rendered":"<p>Werte Leserinnen und Leser,<\/p>\n<p>nach den Anschl\u00e4gen von Frankreich sind sie wieder alle zu h\u00f6ren: die Integratoren, die davor warnen, die Terrorattentate und die Fl\u00fcchtlingszuwanderung in einen Topf zu werfen. Die Law-and-Order-Leute von rechts und au\u00dfen, die nun mehr Personal f\u00fcr den BND und eine Erweiterung der Vorratsdatenspeicherung fordern. Die Verst\u00e4ndnisvollen, f\u00fcr die Frankreich nun \u00fcberall ist und die insgeheim froh sind, dass sich daraus keine Konsequenzen ergeben. Die Mutlosen, die schon immer gewusst haben, dass unsere Freiheit unser Untergang sein wird.<\/p>\n<p>Doch keiner spricht aus, was allzu offensichtlich ist: diese (und fr\u00fchere) Attentate wurden im Namen der Religion gef\u00fchrt. Der Islam ist sicher keine in sich gewaltbereite Religion &#8211; dann s\u00e4he es auf der Welt noch ganz anders aus. Dem Christentum wiederum wurde die Gewalt gewaltsam eingeschr\u00e4nkt, so dass es heute das Tarnm\u00e4ntelchen einer beinahe friedensliebenden Vereinigung tragen darf.<\/p>\n<p>Und es sind ja auch nicht die Massen, die uns Sorgen bereiten &#8211; wohl aber die Durchgeknallten, die ihre Religion zu wichtig nehmen &#8211; wichtiger als staatliche Gesetze oder gar Menschenrechte. Extremisten findet man in allen Religionen. Die verr\u00fcckten Christen, die 3000 Jahre alte Texte w\u00f6rtlich nehmen und deshalb beispielsweise Kinder schlagen und Schwule diskriminieren oder sogar mit Gewalt bedrohen, geh\u00f6ren in genau dieselbe Ecke wie jene, die sich f\u00fcr das Versprechen von 70 Jungfrauen einen Bombeng\u00fcrtel umschnallen, um m\u00f6glichst viele &#8222;Ungl\u00e4ubige&#8220; zu t\u00f6ten.<\/p>\n<p>Und genau hier muss ein Umdenken einsetzen. Denn Religionsfreiheit ist ein hohes Gut, beruht aber auf derselben Erwartung wie Toleranz: &#8222;Ich achte deinen Glauben in der Hoffnung, dass Du meinen achtest&#8220;. Die Extremisten brechen jedoch mit dieser Erwartung. Wer aber Religionsfreiheit anderen nicht gew\u00e4hrt, hat sie selbst auch nicht verdient. Und wir sollten dann darauf verzichten, weiterhin die guten Menschen zu geben und statt dessen einmal am konkreten Beispiel das tun, was wir gerade 80 Millionen B\u00fcrgern bei der anlasslosen Vorratsdatenspeicherung androhen: stellt diese Menschen unter extreme \u00dcberwachung! Kontrolliert und sanktioniert sie, wo immer es das Gesetz erlaubt.<\/p>\n<ul>\n<li>Dazu geh\u00f6ren christliche Extremisten, f\u00fcr die die Welt 6000 Jahre alt ist und die ihren Kindern eine Menge naturwissenschaftlicher L\u00fcgen beibringen. Warum gilt das eigentlich noch immer nicht als Kindesmissbrauch?<\/li>\n<li>Dazu geh\u00f6ren die etwa 7000 Salafisten, die ohne Bedenken frauenfeindlich agieren und unsere freiheitliche Demokratie gegen einen Gottesstaat eintauschen wollen.<\/li>\n<li>Dazu geh\u00f6ren die Einpeitscher, die Otto Normalreligionus st\u00e4ndig erkl\u00e4ren, wann er in seinen religi\u00f6sen Gef\u00fchlen verletzt zu sein hat. Sie sind mitschuldig an Attentate wie das auf die Charlie-Hebdo-Redaktion.<\/li>\n<li>Dazu geh\u00f6ren auch die oberen Vertreter der Kirchen, des Zentralrats der Juden und der muslimischen Gemeinden, die als moralische Vordenker in der \u00d6ffentlichkeit auftreten und uns immer wieder zu Ptolem\u00e4ischen Epizyklen \u00fcberreden, um beispielsweise Beschneidungen von S\u00e4uglingen und Jungen, Schwulen- und Frauendiskrimierung in die Neuzeit zu retten.<\/li>\n<\/ul>\n<p>Nochmal im Klartext: Schr\u00e4nkt die Religionsfreiheit ein! H\u00f6rt auf, jede noch so absurde Verballhornung der Gottesverehrung mit Artikel 4GG zu entschuldigen! Das Grundgesetz hat viele weitere Artikel, und der erste davon spricht uns eine unantastbare Menschenw\u00fcrde zu. Wer diese W\u00fcrde aber anderen abspricht, dem sollte sie zumindest in Bezug auf seine Religionsfreiheit selbst nur eingeschr\u00e4nkt zuteil werden.<\/p>\n<p>Macht Religion endlich zur Privatsache! Wer dazu etwas sagen m\u00f6chte, soll bittesch\u00f6n dazu nicht in die \u00d6ffentlichkeit treten. Lasst uns endlich einmal klare Kante beziehen, damit die gewaltfreien Oberspinner nicht mehr den Boden f\u00fcr ihre gewaltt\u00e4tigen J\u00fcnger bereiten k\u00f6nnen.<\/p>\n<p>Wenn uns heute jemand erkl\u00e4rt, er habe seinen Gott gesehen oder gar gesprochen, lassen wir seinen Geisteszustand untersuchen. Das ist ein guter Anfang. Wir sollten diese Vorgehensweise ausdehnen auf alle, die glauben, sie m\u00fcssten ihres Gottes Wort an uns verrichten.<\/p>\n<p>Es gr\u00fc\u00dft herzlich<\/p>\n<p>Ihr JL7<\/p>\n<div class=\"twoclick_social_bookmarks_post_3495 social_share_privacy clearfix 1.6.4 locale-de_DE sprite-de_DE\"><\/div><div class=\"twoclick-js\"><script type=\"text\/javascript\">\/* <![CDATA[ *\/\njQuery(document).ready(function($){if($('.twoclick_social_bookmarks_post_3495')){$('.twoclick_social_bookmarks_post_3495').socialSharePrivacy({\"services\":{\"facebook\":{\"status\":\"on\",\"txt_info\":\"2 Klicks f\\u00fcr mehr Datenschutz: Erst wenn Sie hier klicken, wird der Button aktiv und Sie k\\u00f6nnen Ihre Empfehlung an Facebook senden. Schon beim Aktivieren werden Daten an Dritte \\u00fcbertragen - siehe <em>i<\\\/em>.\",\"perma_option\":\"off\",\"action\":\"recommend\",\"language\":\"de_DE\"},\"twitter\":{\"reply_to\":\"\",\"tweet_text\":\"%20Religionsfreiheit%20%E2%80%93%20bis%20hierher%20und%20nicht%20weiter%20%C2%BB%2053%20Cent%20%23Attentat%20...\",\"status\":\"on\",\"txt_info\":\"2 Klicks f\\u00fcr mehr Datenschutz: Erst wenn Sie hier klicken, wird der Button aktiv und Sie k\\u00f6nnen Ihre Empfehlung an Twitter senden. Schon beim Aktivieren werden Daten an Dritte \\u00fcbertragen - siehe <em>i<\\\/em>.\",\"perma_option\":\"off\",\"language\":\"de\",\"referrer_track\":\"\"},\"gplus\":{\"status\":\"on\",\"txt_info\":\"2 Klicks f\\u00fcr mehr Datenschutz: Erst wenn Sie hier klicken, wird der Button aktiv und Sie k\\u00f6nnen Ihre Empfehlung an Google+ senden. Schon beim Aktivieren werden Daten an Dritte \\u00fcbertragen - siehe <em>i<\\\/em>.\",\"perma_option\":\"off\",\"referrer_track\":\"\"},\"flattr\":{\"uid\":\"\",\"status\":\"on\",\"the_title\":\"Religionsfreiheit%20%26%238211%3B%20bis%20hierher%20und%20nicht%20weiter\",\"the_excerpt\":\"Werte%20Leserinnen%20und%20Leser%2C%0D%0A%0D%0Anach%20den%20Anschl%C3%A4gen%20von%20Frankreich%20sind%20sie%20wieder%20alle%20zu%20h%C3%B6ren%3A%20die%20Integratoren%2C%20die%20davor%20warnen%2C%20die%20Terrorattentate%20und%20die%20Fl%C3%BCchtlingszuwanderung%20in%20einen%20Topf%20zu%20werfen.%20Die%20Law-and-Order-Leute%20von%20rechts%20und%20au%C3%9Fen%2C%20die%20nun%20mehr%20Personal%20f%C3%BCr%20den%20BND%20und%20eine%20Erweiterung%20der%20Vorratsdatenspeicherung%20fordern.%20Die%20Verst%C3%A4ndnisvollen%2C%20f%C3%BCr%20die%20Frankreich%20nun%20%C3%BCbe%20...\",\"txt_info\":\"2 Klicks f\\u00fcr mehr Datenschutz: Erst wenn Sie hier klicken, wird der Button aktiv und Sie k\\u00f6nnen Ihre Empfehlung an Flattr senden. Schon beim Aktivieren werden Daten an Dritte \\u00fcbertragen - siehe <em>i<\\\/em>.\",\"perma_option\":\"off\"}},\"txt_help\":\"Wenn Sie diese Felder durch einen Klick aktivieren, werden Informationen an Facebook, Twitter, Flattr, Xing, t3n, LinkedIn, Pinterest oder Google eventuell ins Ausland \\u00fcbertragen und unter Umst\\u00e4nden auch dort gespeichert. N\\u00e4heres erfahren Sie durch einen Klick auf das <em>i<\\\/em>.\",\"settings_perma\":\"Dauerhaft aktivieren und Daten\\u00fcber-tragung zustimmen:\",\"info_link\":\"http:\\\/\\\/www.heise.de\\\/ct\\\/artikel\\\/2-Klicks-fuer-mehr-Datenschutz-1333879.html\",\"uri\":\"https:\\\/\\\/www.brennecke.org\\\/?p=3495\",\"post_id\":3495,\"post_title_referrer_track\":\"Religionsfreiheit+%26%238211%3B+bis+hierher+und+nicht+weiter\",\"display_infobox\":\"on\"});}});\n\/* ]]> *\/<\/script><\/div>","protected":false},"excerpt":{"rendered":"<p>Werte Leserinnen und Leser, nach den Anschl\u00e4gen von Frankreich sind sie wieder alle zu h\u00f6ren: die Integratoren, die davor warnen, die Terrorattentate und die Fl\u00fcchtlingszuwanderung in einen Topf zu werfen. Die Law-and-Order-Leute von rechts und au\u00dfen, die nun mehr Personal &hellip; <a href=\"https:\/\/www.brennecke.org\/?p=3495\">Weiterlesen <span class=\"meta-nav\">&rarr;<\/span><\/a><\/p>\n","protected":false},"author":1,"featured_media":0,"comment_status":"closed","ping_status":"open","sticky":false,"template":"","format":"standard","meta":{"footnotes":""},"categories":[1,3,447],"tags":[281,382,843,934,384,783,935,936,830,828],"_links":{"self":[{"href":"https:\/\/www.brennecke.org\/index.php?rest_route=\/wp\/v2\/posts\/3495"}],"collection":[{"href":"https:\/\/www.brennecke.org\/index.php?rest_route=\/wp\/v2\/posts"}],"about":[{"href":"https:\/\/www.brennecke.org\/index.php?rest_route=\/wp\/v2\/types\/post"}],"author":[{"embeddable":true,"href":"https:\/\/www.brennecke.org\/index.php?rest_route=\/wp\/v2\/users\/1"}],"replies":[{"embeddable":true,"href":"https:\/\/www.brennecke.org\/index.php?rest_route=%2Fwp%2Fv2%2Fcomments&post=3495"}],"version-history":[{"count":1,"href":"https:\/\/www.brennecke.org\/index.php?rest_route=\/wp\/v2\/posts\/3495\/revisions"}],"predecessor-version":[{"id":3496,"href":"https:\/\/www.brennecke.org\/index.php?rest_route=\/wp\/v2\/posts\/3495\/revisions\/3496"}],"wp:attachment":[{"href":"https:\/\/www.brennecke.org\/index.php?rest_route=%2Fwp%2Fv2%2Fmedia&parent=3495"}],"wp:term":[{"taxonomy":"category","embeddable":true,"href":"https:\/\/www.brennecke.org\/index.php?rest_route=%2Fwp%2Fv2%2Fcategories&post=3495"},{"taxonomy":"post_tag","embeddable":true,"href":"https:\/\/www.brennecke.org\/index.php?rest_route=%2Fwp%2Fv2%2Ftags&post=3495"}],"curies":[{"name":"wp","href":"https:\/\/api.w.org\/{rel}","templated":true}]}}