{"id":3502,"date":"2015-12-08T09:19:52","date_gmt":"2015-12-08T08:19:52","guid":{"rendered":"http:\/\/www.brennecke.org\/?p=3502"},"modified":"2018-05-14T09:02:04","modified_gmt":"2018-05-14T08:02:04","slug":"3502","status":"publish","type":"post","link":"https:\/\/www.brennecke.org\/?p=3502","title":{"rendered":"Rechts w\u00e4re noch Platz&#8230;"},"content":{"rendered":"<p>Werte Leserinnen und Leser,<\/p>\n<p>nach wie vor hat Sigmar Gabriel nicht verstanden, dass seine T\u00e4tigkeit als Parteivorsitzender und gute Wahlergebnisse f\u00fcr seine SPD nicht gleichbedeutend sind mit dem Wohle eines freiheitlich-demokratischen Staates. Und nun hat er zu allem \u00dcberfluss auch noch die innere Sicherheit als &#8222;zutiefst sozialdemokratisches Thema&#8220; erkannt und schickt sich wiederholt an, die CSU rechts zu \u00fcberholen, da er links von ihr keinen Platz erkennen kann.<\/p>\n<p>Nun, staatstragend war die SPD ja schon immer, wenn es gegen die B\u00fcrgerrechte ging. Lassen wir mal die 1914er Kriegskredite au\u00dfen vor, aber die 68er Notstandsgesetze, der 72er Radikalenerlass und die 76er Rasterfahndung gehen allesamt auf das Konto von SPD-Innenministern. Und seit 2001 ist im Inneren wahrlich der Teufel los: Schilys Anti-Terror-Gesetze von 2001 (Rot-Gr\u00fcn) wurden dieser Tage erneut f\u00fcr f\u00fcnf Jahre verl\u00e4ngert, die erste Vorratsdatenspeicherung 2007 und das BKA-Gesetz 2008 sind Werke der Gro\u00dfen Koalition. Gabriels unr\u00fchmliche Rolle bei der zweiten Vorratsdatenspeicherung ist sicher noch allen Lesern pr\u00e4sent.<\/p>\n<p>Und nun fordern und fordern sie wegen der Bedrohung Europas durch islamistische Durchgeknallte. Der innenpolitische Sprecher der SPD-Bundestagsfraktion, Burkhard Lischka, forderte\u00a0<a href=\"http:\/\/www.welt.de\/newsticker\/news1\/article149679180\/SPD-Forderung-nach-schaerferen-Massnahmen-im-Anti-Terror-Kampf.html\">deutlich sch\u00e4rferen Ma\u00dfnahmen<\/a> f\u00fcr die Sicherheitsbeh\u00f6rden. Das Bundesamt f\u00fcr Verfassungsschutz (BfV, ein Geheimdienst) soll Polizeibefugnisse erhalten. Die Verfassungssch\u00fctzer sollen &#8222;ohne unn\u00f6tigen b\u00fcrokratischen Aufwand und langwierigen Vorlauf&#8220;\u00a0 Gef\u00e4hrder oder Treffpunkte von Extremisten mit Drohnen aus der Luft beobachten d\u00fcrfen. Islamisten kann es verboten werden, sich sensiblen Orten wie Weihnachtsm\u00e4rkten, Fu\u00dfballstadien oder anderen Gro\u00dfveranstaltungen zu n\u00e4hern. Auch soll die Kommunikation m\u00f6glicher Attent\u00e4ter unterbrochen werden kann, indem man beispielsweise f\u00fcr eine bestimmte Zeit die Nutzung von Mobiltelefonen verbietet.<\/p>\n<p>Und damit das ganze nicht mit der Religionsfreiheit kollidiert, m\u00fcssen nat\u00fcrlich entsprechende Gesetze sehr weit gefasst werden &#8211; das Wort &#8222;Islamist&#8220; wird man sp\u00e4ter nicht mehr finden, allenfalls wird von &#8222;Gef\u00e4hrdern&#8220; die Rede sein. Und schon haben wir wieder ein sch\u00f6nes Gesetz, das der oberste Verfassungssch\u00fctzer Hans-Georg Maa\u00dfen auf andere Gef\u00e4hrder der Staatssicherheit anwenden kann, n\u00e4mlich auf unliebsame Whistleblower und K\u00e4mpfer f\u00fcr eine wirklich freie Gesellschaft, die gegen Massen\u00fcberwachung und B\u00fcrgerrechtseinschr\u00e4nkungen eintritt.<\/p>\n<p>Wir wissen nicht, wer die Gef\u00e4hrder von morgen sind und gegen wen derart halbgare Vorschl\u00e4ge sich \u00fcbermorgen richten werden. Angesichts der letzten Wahlergebnisse wissen wir auch nicht, ob nicht doch irgendwann eine Regierung aus CDU\/CSU und AfD dieses Land leitet. Mehrheit ist eben Mehrheit, nicht wahr? Wenn also nun wirklich Gefahren von Islamisten ausgehen sollte, dann, liebe SPD, benennt sie auch so &#8211; Religionsfreiheit hin oder her. \u00dcberwacht die Durchgeknallten, aber doch nicht Eure eigenen B\u00fcrger!<\/p>\n<p>Leider habe ich wenig Hoffnung, dass die SPD noch einmal zu einem vern\u00fcnftigen, angemessenen Verhalten in Sachen innerer Sicherheit zur\u00fcckkehren wird. Gabriel hat das Thema als Wahlschlager erkannt und wird sich als <del>fetter<\/del> starker Mann feiern lassen. Dazu passt eine liberale, freiheitliche Gesinnung nicht, das Volk braucht eine starke Hand.<\/p>\n<p>Ich denke, das Volk braucht vor allem in der Wahlkabine eine starke Hand, um solche Verr\u00fccktheiten zu bestrafen. Eine Partei, die gegr\u00fcndet wurde, um f\u00fcr die Rechte der Arbeiter (also des bis dahin unvertretenen Teils der Bev\u00f6lkerung) zu k\u00e4mpfen, sollte niemals am rechten Rand fischen und Gesetze machen, die sich gegen die B\u00fcrger richten (und auch nicht TTIP bef\u00fcrworten&#8230;). Oder aber sie sollte bei den n\u00e4chsten Wahlen einen weiteren Denkzettel erhalten.<\/p>\n<p>Es gr\u00fc\u00dft herzlich<\/p>\n<p>Ihr JL7<\/p>\n<p>&nbsp;<\/p>\n<div class=\"twoclick_social_bookmarks_post_3502 social_share_privacy clearfix 1.6.4 locale-de_DE sprite-de_DE\"><\/div><div class=\"twoclick-js\"><script type=\"text\/javascript\">\/* <![CDATA[ *\/\njQuery(document).ready(function($){if($('.twoclick_social_bookmarks_post_3502')){$('.twoclick_social_bookmarks_post_3502').socialSharePrivacy({\"services\":{\"facebook\":{\"status\":\"on\",\"txt_info\":\"2 Klicks f\\u00fcr mehr Datenschutz: Erst wenn Sie hier klicken, wird der Button aktiv und Sie k\\u00f6nnen Ihre Empfehlung an Facebook senden. Schon beim Aktivieren werden Daten an Dritte \\u00fcbertragen - siehe <em>i<\\\/em>.\",\"perma_option\":\"off\",\"action\":\"recommend\",\"language\":\"de_DE\"},\"twitter\":{\"reply_to\":\"\",\"tweet_text\":\"%20Rechts%20w%C3%A4re%20noch%20Platz%E2%80%A6%20%C2%BB%2053%20Cent%20%23AfD%20%23BKA-Gesetz%20%23Gabriel%20...\",\"status\":\"on\",\"txt_info\":\"2 Klicks f\\u00fcr mehr Datenschutz: Erst wenn Sie hier klicken, wird der Button aktiv und Sie k\\u00f6nnen Ihre Empfehlung an Twitter senden. Schon beim Aktivieren werden Daten an Dritte \\u00fcbertragen - siehe <em>i<\\\/em>.\",\"perma_option\":\"off\",\"language\":\"de\",\"referrer_track\":\"\"},\"gplus\":{\"status\":\"on\",\"txt_info\":\"2 Klicks f\\u00fcr mehr Datenschutz: Erst wenn Sie hier klicken, wird der Button aktiv und Sie k\\u00f6nnen Ihre Empfehlung an Google+ senden. Schon beim Aktivieren werden Daten an Dritte \\u00fcbertragen - siehe <em>i<\\\/em>.\",\"perma_option\":\"off\",\"referrer_track\":\"\"},\"flattr\":{\"uid\":\"\",\"status\":\"on\",\"the_title\":\"Rechts%20w%C3%A4re%20noch%20Platz%26%238230%3B\",\"the_excerpt\":\"Werte%20Leserinnen%20und%20Leser%2C%0D%0A%0D%0Anach%20wie%20vor%20hat%20Sigmar%20Gabriel%20nicht%20verstanden%2C%20dass%20seine%20T%C3%A4tigkeit%20als%20Parteivorsitzender%20und%20gute%20Wahlergebnisse%20f%C3%BCr%20seine%20SPD%20nicht%20gleichbedeutend%20sind%20mit%20dem%20Wohle%20eines%20freiheitlich-demokratischen%20Staates.%20Und%20nun%20hat%20er%20zu%20allem%20%C3%9Cberfluss%20auch%20noch%20die%20innere%20Sicherheit%20als%20%22zutiefst%20sozialdemokratisches%20Thema%22%20erkannt%20und%20schickt%20sich%20wiederholt%20an%2C%20d%20...\",\"txt_info\":\"2 Klicks f\\u00fcr mehr Datenschutz: Erst wenn Sie hier klicken, wird der Button aktiv und Sie k\\u00f6nnen Ihre Empfehlung an Flattr senden. Schon beim Aktivieren werden Daten an Dritte \\u00fcbertragen - siehe <em>i<\\\/em>.\",\"perma_option\":\"off\"}},\"txt_help\":\"Wenn Sie diese Felder durch einen Klick aktivieren, werden Informationen an Facebook, Twitter, Flattr, Xing, t3n, LinkedIn, Pinterest oder Google eventuell ins Ausland \\u00fcbertragen und unter Umst\\u00e4nden auch dort gespeichert. N\\u00e4heres erfahren Sie durch einen Klick auf das <em>i<\\\/em>.\",\"settings_perma\":\"Dauerhaft aktivieren und Daten\\u00fcber-tragung zustimmen:\",\"info_link\":\"http:\\\/\\\/www.heise.de\\\/ct\\\/artikel\\\/2-Klicks-fuer-mehr-Datenschutz-1333879.html\",\"uri\":\"https:\\\/\\\/www.brennecke.org\\\/?p=3502\",\"post_id\":3502,\"post_title_referrer_track\":\"Rechts+w%C3%A4re+noch+Platz%26%238230%3B\",\"display_infobox\":\"on\"});}});\n\/* ]]> *\/<\/script><\/div>","protected":false},"excerpt":{"rendered":"<p>Werte Leserinnen und Leser, nach wie vor hat Sigmar Gabriel nicht verstanden, dass seine T\u00e4tigkeit als Parteivorsitzender und gute Wahlergebnisse f\u00fcr seine SPD nicht gleichbedeutend sind mit dem Wohle eines freiheitlich-demokratischen Staates. Und nun hat er zu allem \u00dcberfluss auch &hellip; <a href=\"https:\/\/www.brennecke.org\/?p=3502\">Weiterlesen <span class=\"meta-nav\">&rarr;<\/span><\/a><\/p>\n","protected":false},"author":1,"featured_media":0,"comment_status":"closed","ping_status":"open","sticky":false,"template":"","format":"standard","meta":{"footnotes":""},"categories":[1,3],"tags":[894,109,279,938,937,442,908,939,797,913,141],"_links":{"self":[{"href":"https:\/\/www.brennecke.org\/index.php?rest_route=\/wp\/v2\/posts\/3502"}],"collection":[{"href":"https:\/\/www.brennecke.org\/index.php?rest_route=\/wp\/v2\/posts"}],"about":[{"href":"https:\/\/www.brennecke.org\/index.php?rest_route=\/wp\/v2\/types\/post"}],"author":[{"embeddable":true,"href":"https:\/\/www.brennecke.org\/index.php?rest_route=\/wp\/v2\/users\/1"}],"replies":[{"embeddable":true,"href":"https:\/\/www.brennecke.org\/index.php?rest_route=%2Fwp%2Fv2%2Fcomments&post=3502"}],"version-history":[{"count":3,"href":"https:\/\/www.brennecke.org\/index.php?rest_route=\/wp\/v2\/posts\/3502\/revisions"}],"predecessor-version":[{"id":3505,"href":"https:\/\/www.brennecke.org\/index.php?rest_route=\/wp\/v2\/posts\/3502\/revisions\/3505"}],"wp:attachment":[{"href":"https:\/\/www.brennecke.org\/index.php?rest_route=%2Fwp%2Fv2%2Fmedia&parent=3502"}],"wp:term":[{"taxonomy":"category","embeddable":true,"href":"https:\/\/www.brennecke.org\/index.php?rest_route=%2Fwp%2Fv2%2Fcategories&post=3502"},{"taxonomy":"post_tag","embeddable":true,"href":"https:\/\/www.brennecke.org\/index.php?rest_route=%2Fwp%2Fv2%2Ftags&post=3502"}],"curies":[{"name":"wp","href":"https:\/\/api.w.org\/{rel}","templated":true}]}}