{"id":3506,"date":"2015-12-13T10:02:04","date_gmt":"2015-12-13T09:02:04","guid":{"rendered":"http:\/\/www.brennecke.org\/?p=3506"},"modified":"2018-05-14T09:01:38","modified_gmt":"2018-05-14T08:01:38","slug":"mit-dreiviertel-kopf-durch-die-wand","status":"publish","type":"post","link":"https:\/\/www.brennecke.org\/?p=3506","title":{"rendered":"Mit dem Dreiviertelkopf durch die Wand"},"content":{"rendered":"<p>Werte Leserinnen und Leser,<\/p>\n<p>Sigmar Gabriel ist bei den Genosssen nun amtlich der unbeliebteste Parteichef seit ihrer Gr\u00fcndung. Sieht man einmal von der Kampfkandidatur Lafontaines gegen Scharping ab, bekam nie ein Parteichef weniger Stimmen als Gabriel bei seinem Parteitag in dieser Woche. Man k\u00f6nnte annehmen, der Mann w\u00fcrde nun seinen neoliberalen Kurs, mit dem er die SPD inzwischen rechts an der CDU vorbei in eine begl\u00fcckende &#8222;Mitte&#8220; f\u00fchren will, infrage stellen. Aber Siggi antwortete seinen Genossen trotzig:<\/p>\n<blockquote><p>Jetzt ist mit Dreiviertelmehrheit dieser Partei entschieden, wo es lang geht, und so machen wir es jetzt auch und deshalb nehm&#8216; ich auch die Wahl an, liebe Genossinnen und Genossen!<\/p><\/blockquote>\n<p>Wenn der eine oder andere Genosse gewusst h\u00e4tte, dass die Parteichef-Wahl in Wirklichkeit eine Richtungsentscheidung war &#8211; pro TTIP, pro Vorratsdatenspeicherung, pro Einschr\u00e4nkung der B\u00fcrgerrechte, pro Panzer f\u00fcr Saudi-Arabien &#8211; dann h\u00e4tte er wohl mit seinem &#8222;Ja&#8220; auf dem Stimmzettel noch l\u00e4nger gehadert. Aber auch ohne dieses Wissen waren immerhin 25% der Delegierten nicht bereit, ihren Parteichef zu st\u00fctzen beim fortgesetzten Verrat an sozialdemokratischen Idealen.<\/p>\n<p>Nun sind weitere Gabriel-F\u00fchrungsjahre sicher nicht der Untergang der Sozialdemokratie. Solange gut 20% der Bev\u00f6lkerung genetisch SPD w\u00e4hlen, wird die Partei eine Rolle spielen. Um aus dem 20%-Turm herauszukommen, gen\u00fcgt es aber nicht, in der sogenannten Mitte zu wildern. Die ist n\u00e4mlich inzwischen erstaunlich entv\u00f6lkert: Links tummeln sich mit der &#8222;Linken&#8220; und den Gr\u00fcnen zwei Parteien mit zusammen 20% der Stimmen, und die 15% am rechten Rand w\u00e4hlen lieber den Teufel, als f\u00fcr Gabriel zu stimmen, auch wenn er noch dreimal zu PEGIDA rennt. Die \u00fcbrigen 35%, die genetisch die CDU w\u00e4hlen, obwohl die h\u00f6chstens einem F\u00fcnftel davon wirklich nutzt, kann Gabriel ebenfalls vergessen.<\/p>\n<p>Das SPD-W\u00e4hlerpotenzial liegt links &#8211; das zeigen auch die Wahlen in anderen europ\u00e4ischen L\u00e4ndern, wo die B\u00fcrger irgendwann genug von der EU-verordneten Austerit\u00e4tspolitik haben und dann Syriza, Podemos und CDU (Coliga\u00e7\u00e3o Democr\u00e1tica Unit\u00e1ria, das sind die portugiesischen Sozialisten) w\u00e4hlen. In England wurde Jeremy Corbyn zum Chef der Labour Party, ein erkl\u00e4rter Linker, dessen Zielpublikum definitiv nicht die Spekulanten der Londoner Innenstadt sind.<\/p>\n<p>Und es g\u00e4be auch noch die Nichtw\u00e4hler &#8211; jene 40%-Gruppe, die heuer daheim bleibt, weil sie keine Ahnung hat, wen sie noch w\u00e4hlen sollte, denn ob CDU- oder SPD-gef\u00fchrt &#8211; jede Regierung seit 1982 hat nie in ihrem Sinne entschieden. Die SPD hat seit 1998 10 Millionen W\u00e4hler unter anderem an diese Gruppe verloren. Damals wurde Schr\u00f6der Kanzler und erhielt 40,9% der Stimmen.<\/p>\n<p>Aber nun f\u00fchrt Gabriel seinen neoliberalen Kurs eben mit einer 75%-Mehrheit weiter und glaubt, diese 75% w\u00fcrden seinen Kurs st\u00fctzen. Wenn er sich da mal nicht t\u00e4uscht&#8230;<\/p>\n<p>Es gr\u00fc\u00dft herzlich<\/p>\n<p>Ihr JeanLuc7<\/p>\n<div class=\"twoclick_social_bookmarks_post_3506 social_share_privacy clearfix 1.6.4 locale-de_DE sprite-de_DE\"><\/div><div class=\"twoclick-js\"><script type=\"text\/javascript\">\/* <![CDATA[ *\/\njQuery(document).ready(function($){if($('.twoclick_social_bookmarks_post_3506')){$('.twoclick_social_bookmarks_post_3506').socialSharePrivacy({\"services\":{\"facebook\":{\"status\":\"on\",\"txt_info\":\"2 Klicks f\\u00fcr mehr Datenschutz: Erst wenn Sie hier klicken, wird der Button aktiv und Sie k\\u00f6nnen Ihre Empfehlung an Facebook senden. Schon beim Aktivieren werden Daten an Dritte \\u00fcbertragen - siehe <em>i<\\\/em>.\",\"perma_option\":\"off\",\"action\":\"recommend\",\"language\":\"de_DE\"},\"twitter\":{\"reply_to\":\"\",\"tweet_text\":\"%20Mit%20dem%20Dreiviertelkopf%20durch%20die%20Wand%20%C2%BB%2053%20Cent%20%23Dem%C3%BCtigung%20%23Gabriel%20...\",\"status\":\"on\",\"txt_info\":\"2 Klicks f\\u00fcr mehr Datenschutz: Erst wenn Sie hier klicken, wird der Button aktiv und Sie k\\u00f6nnen Ihre Empfehlung an Twitter senden. Schon beim Aktivieren werden Daten an Dritte \\u00fcbertragen - siehe <em>i<\\\/em>.\",\"perma_option\":\"off\",\"language\":\"de\",\"referrer_track\":\"\"},\"gplus\":{\"status\":\"on\",\"txt_info\":\"2 Klicks f\\u00fcr mehr Datenschutz: Erst wenn Sie hier klicken, wird der Button aktiv und Sie k\\u00f6nnen Ihre Empfehlung an Google+ senden. Schon beim Aktivieren werden Daten an Dritte \\u00fcbertragen - siehe <em>i<\\\/em>.\",\"perma_option\":\"off\",\"referrer_track\":\"\"},\"flattr\":{\"uid\":\"\",\"status\":\"on\",\"the_title\":\"Mit%20dem%20Dreiviertelkopf%20durch%20die%20Wand\",\"the_excerpt\":\"Werte%20Leserinnen%20und%20Leser%2C%0D%0A%0D%0ASigmar%20Gabriel%20ist%20bei%20den%20Genosssen%20nun%20amtlich%20der%20unbeliebteste%20Parteichef%20seit%20ihrer%20Gr%C3%BCndung.%20Sieht%20man%20einmal%20von%20der%20Kampfkandidatur%20Lafontaines%20gegen%20Scharping%20ab%2C%20bekam%20nie%20ein%20Parteichef%20weniger%20Stimmen%20als%20Gabriel%20bei%20seinem%20Parteitag%20in%20dieser%20Woche.%20Man%20k%C3%B6nnte%20annehmen%2C%20der%20Mann%20w%C3%BCrde%20nun%20seinen%20neoliberalen%20Kurs%2C%20mit%20dem%20er%20die%20SPD%20inzwischen%20rechts%20...\",\"txt_info\":\"2 Klicks f\\u00fcr mehr Datenschutz: Erst wenn Sie hier klicken, wird der Button aktiv und Sie k\\u00f6nnen Ihre Empfehlung an Flattr senden. Schon beim Aktivieren werden Daten an Dritte \\u00fcbertragen - siehe <em>i<\\\/em>.\",\"perma_option\":\"off\"}},\"txt_help\":\"Wenn Sie diese Felder durch einen Klick aktivieren, werden Informationen an Facebook, Twitter, Flattr, Xing, t3n, LinkedIn, Pinterest oder Google eventuell ins Ausland \\u00fcbertragen und unter Umst\\u00e4nden auch dort gespeichert. N\\u00e4heres erfahren Sie durch einen Klick auf das <em>i<\\\/em>.\",\"settings_perma\":\"Dauerhaft aktivieren und Daten\\u00fcber-tragung zustimmen:\",\"info_link\":\"http:\\\/\\\/www.heise.de\\\/ct\\\/artikel\\\/2-Klicks-fuer-mehr-Datenschutz-1333879.html\",\"uri\":\"https:\\\/\\\/www.brennecke.org\\\/?p=3506\",\"post_id\":3506,\"post_title_referrer_track\":\"Mit+dem+Dreiviertelkopf+durch+die+Wand\",\"display_infobox\":\"on\"});}});\n\/* ]]> *\/<\/script><\/div>","protected":false},"excerpt":{"rendered":"<p>Werte Leserinnen und Leser, Sigmar Gabriel ist bei den Genosssen nun amtlich der unbeliebteste Parteichef seit ihrer Gr\u00fcndung. Sieht man einmal von der Kampfkandidatur Lafontaines gegen Scharping ab, bekam nie ein Parteichef weniger Stimmen als Gabriel bei seinem Parteitag in &hellip; <a href=\"https:\/\/www.brennecke.org\/?p=3506\">Weiterlesen <span class=\"meta-nav\">&rarr;<\/span><\/a><\/p>\n","protected":false},"author":1,"featured_media":0,"comment_status":"closed","ping_status":"open","sticky":false,"template":"","format":"standard","meta":{"footnotes":""},"categories":[1,3],"tags":[941,279,942,825,797,141,940],"_links":{"self":[{"href":"https:\/\/www.brennecke.org\/index.php?rest_route=\/wp\/v2\/posts\/3506"}],"collection":[{"href":"https:\/\/www.brennecke.org\/index.php?rest_route=\/wp\/v2\/posts"}],"about":[{"href":"https:\/\/www.brennecke.org\/index.php?rest_route=\/wp\/v2\/types\/post"}],"author":[{"embeddable":true,"href":"https:\/\/www.brennecke.org\/index.php?rest_route=\/wp\/v2\/users\/1"}],"replies":[{"embeddable":true,"href":"https:\/\/www.brennecke.org\/index.php?rest_route=%2Fwp%2Fv2%2Fcomments&post=3506"}],"version-history":[{"count":3,"href":"https:\/\/www.brennecke.org\/index.php?rest_route=\/wp\/v2\/posts\/3506\/revisions"}],"predecessor-version":[{"id":3509,"href":"https:\/\/www.brennecke.org\/index.php?rest_route=\/wp\/v2\/posts\/3506\/revisions\/3509"}],"wp:attachment":[{"href":"https:\/\/www.brennecke.org\/index.php?rest_route=%2Fwp%2Fv2%2Fmedia&parent=3506"}],"wp:term":[{"taxonomy":"category","embeddable":true,"href":"https:\/\/www.brennecke.org\/index.php?rest_route=%2Fwp%2Fv2%2Fcategories&post=3506"},{"taxonomy":"post_tag","embeddable":true,"href":"https:\/\/www.brennecke.org\/index.php?rest_route=%2Fwp%2Fv2%2Ftags&post=3506"}],"curies":[{"name":"wp","href":"https:\/\/api.w.org\/{rel}","templated":true}]}}