{"id":3511,"date":"2016-01-14T06:52:06","date_gmt":"2016-01-14T05:52:06","guid":{"rendered":"http:\/\/www.brennecke.org\/?p=3511"},"modified":"2018-05-14T09:01:38","modified_gmt":"2018-05-14T08:01:38","slug":"koelner-ballade","status":"publish","type":"post","link":"https:\/\/www.brennecke.org\/?p=3511","title":{"rendered":"K\u00f6lner Ballade"},"content":{"rendered":"<p>Werte Leserinnen und Leser,<\/p>\n<p>zu Silvester wurden im Rechts-Links-Dialog die Karten neu gemischt. Die Rassisten von rechts haben es ja schon immer gewusst: der Nordafrikaner ist kriminell und will nur an unsere blonden Frauen ran. Die Feministen von links haben es auch schon immer gesagt: M\u00e4nner sind Schweine, immer und \u00fcberall. Und von links nach rechts sind sie sich einig: Der Islam stinkt zum Himmel, wenn es um Frauenrechte geht. Und nicht nur da.<\/p>\n<p>Dazwischen stehen nun wir ziemlich ratlos herum. Dass bei einer Million gefl\u00fcchteter Menschen auch ein paar miese Exemplare dabei sind, haben wir uns schon gedacht. Und dass diese Exemplare nun keine Bombeng\u00fcrtel umgeschnallt hatten, sondern ihre H\u00e4nde als Waffen einsetzten, macht es tats\u00e4chlich nicht besser. Nicht einmal die Tatsache, dass bei den Pegida-Aufm\u00e4rschen allmontaglich Gewalt auch den anwesenden Journalisten widerf\u00e4hrt, kann davon ablenken: Hier wurde Recht gebrochen, und es scheint, als k\u00f6nne man nicht einmal jemanden dingfest machen, weil alle T\u00e4ter in der Masse untertauchen.<\/p>\n<p>Es gibt viele Gr\u00fcnde, Frau Merkels Politik zu kritisieren, beispielsweise wegen ihrer homophoben Auftritte im Rahmen der Diskussion rund um die gleichgeschlechtliche Ehe. Ihr Engagement im Rahmen der Bew\u00e4ltigung des Fl\u00fcchtlingsstroms ist jedoch untadelig &#8211; sie verh\u00e4lt sich exakt so, wie es die V\u00e4ter des Grundgesetzes und das &#8222;C&#8220; im Namen ihrer Partei erwarten lassen. Von vielen ihrer Parteigenossen kann man das nicht sagen, und \u00fcber die einstmals so stolze, freiheitsliebende SPD und ihren Rechts\u00fcberholer-Chef schweigen wir besser ganz.<\/p>\n<p>Nicht schweigen k\u00f6nnen wir aber \u00fcber einen gro\u00dfen Teil des Volks &#8211; inzwischen lehnt eine relative Mehrheit von knapp 50% Merkels Kurs kategorisch ab und stimmt Parolen wie &#8222;Das Boot ist voll&#8220; zu. Nach dem Silvesterknaller und dem nachfolgenden Neujahrskater sind noch weniger Menschen bereit, Merkel zu folgen und die Fl\u00fcchtlinge willkommen zu hei\u00dfen.<\/p>\n<p>In fr\u00fcheren Jahren riet man den Politikern manchmal zynisch, sie m\u00f6gen sich ein anderes Volk w\u00e4hlen, weil man ihre Entscheidungen nicht nachvollziehen konnte. Es mag aber nach den Erfahrungen der vergangenen Tage, nach 15 Monaten Pegida, nach einem kometenhaften Aufstieg der Rechtsau\u00dfen-Vertreter in der AfD und nach hunderten von Artikeln mit teilweise rassistischem Gedankengut erlaubt sein zu fragen, ob die Regierung die Intelligenz und Toleranz von Teilen ihres Volkes nicht massiv \u00fcbersch\u00e4tzt.<\/p>\n<p>Nun ist es aber eine Aufgabe der Regierung, das Volk in die eine oder andere Richtung zu schieben, auch wenn Teile sich erst einmal bockig zeigen. Die westdeutschen Debatten der 50er (Wiederaufr\u00fcstung), 60er (Studentenproteste), 70er (Entspannungspolitik) und 80er (Nato-Doppelbeschluss) waren Aufreger, die die Bev\u00f6lkerung in Lager aufteilten und Streit bis ins Parlament trugen. Die CDU der 70er war nahe daran, einen Staatsstreich zu versuchen, um Willy Brandts Ostpolitik zu verhindern. An Ostern 1983 standen mehr als eine halbe Million Menschen in einer Kette, um f\u00fcr den Frieden und gegen Pershing und Cruise Missile zu demonstrieren &#8211; ganz ohne Verabredung auf facebook.<\/p>\n<p>Die aktuelle Situation ist mit den genannten Beispielen durchaus vergleichbar (und nicht etwa mit den Naziaufm\u00e4rschen in der Weimarer Republik ab 1931) &#8211; mit einem Unterschied: den Fl\u00fcchtlingszustrom kann die Regierung allein nicht beherrschen, sie braucht das Volk dazu, das die Neuank\u00f6mmlinge begr\u00fc\u00dft, aufnimmt und sich um sie k\u00fcmmert.<\/p>\n<p>Wenn die H\u00e4lfte dieses Volkes offen die Opposition erkl\u00e4rt, droht die Integration jedoch zu scheitern, wie man aktuell beim Berliner Lageso recht gut erkennen kann. Wer seit Wochen pro Tag 100 Antr\u00e4ge bearbeiten kann, aber jeden Tag 1000 Menschen einl\u00e4dt, die dann in der K\u00e4lte ganzt\u00e4gig warten m\u00fcssen, ist nicht dumm, sondern ein Saboteur.<\/p>\n<p>Nun also sch\u00e4rfere Gesetze, eine Residenz- und Integrationspflicht. Gerade letztere sollte allerdings auch einmal den Pegidisten und all ihren Anh\u00e4ngern und Fans zugute kommen. Denn was in Dresden. Leipzig und anderen (nicht nur s\u00e4chsischen) St\u00e4dten inzwischen geschieht, wirft die Frage auf, wieso zwar Fl\u00fcchtlinge die deutsche Verfassung achten sollen, viele Deutsche selbst aber darauf schei\u00dfen d\u00fcrfen (sorry, aber so ist es nun mal). Da ist es nicht mehr mit der Frage getan, welche Kinderstube diese Leute denn genossen haben. Es stellt sich manchmal auch die Frage nach dem Geisteszustand, etwa wenn Pegida-Frontfrau Tatjana Festerling auf Sarah Palin macht und auf der Pegida-B\u00fchne br\u00fcllt:<\/p>\n<blockquote><p>\u201eWenn die Mehrheit der B\u00fcrger noch klar bei Verstand w\u00e4re, dann w\u00fcrden sie zu Mistgabeln greifen und diese volksverratenden, volksverhetzenden Eliten aus den Parlamenten, aus den Gerichten, aus den Kirchen und aus den Presseh\u00e4usern pr\u00fcgeln!\u201c<\/p><\/blockquote>\n<p>Zum Gl\u00fcck ist eine Mehrheit der B\u00fcrger sehr wohl <em>klar bei Verstand<\/em> und folgt keinen unsinnigen Aufrufen zu Gewalttaten. Leider wird aber die Minderheit, die dazu bereit ist, von Tag zu Tag gr\u00f6\u00dfer. Es bedarf keines Winks mit dem Zaunpfahl, welche der beiden Gruppen f\u00fcr unsere Gesellschaft die gr\u00f6\u00dfere Gefahr darstellt: die vergewaltigenden Nordafrikaner-Taschendiebe oder die Montagshetzer und ihre Fans am Rechtsau\u00dfenrand von CDU\/CSU (und auch der SPD, leider).<\/p>\n<p>Es gr\u00fc\u00dft herzlich auch im neuen Jahr<\/p>\n<p>JL7<\/p>\n<div class=\"twoclick_social_bookmarks_post_3511 social_share_privacy clearfix 1.6.4 locale-de_DE sprite-de_DE\"><\/div><div class=\"twoclick-js\"><script type=\"text\/javascript\">\/* <![CDATA[ *\/\njQuery(document).ready(function($){if($('.twoclick_social_bookmarks_post_3511')){$('.twoclick_social_bookmarks_post_3511').socialSharePrivacy({\"services\":{\"facebook\":{\"status\":\"on\",\"txt_info\":\"2 Klicks f\\u00fcr mehr Datenschutz: Erst wenn Sie hier klicken, wird der Button aktiv und Sie k\\u00f6nnen Ihre Empfehlung an Facebook senden. Schon beim Aktivieren werden Daten an Dritte \\u00fcbertragen - siehe <em>i<\\\/em>.\",\"perma_option\":\"off\",\"action\":\"recommend\",\"language\":\"de_DE\"},\"twitter\":{\"reply_to\":\"\",\"tweet_text\":\"%20K%C3%B6lner%20Ballade%20%C2%BB%2053%20Cent%20%23CDU%20%23Festerling%20%23Fl%C3%BCchtling%20%23Merkel%20...\",\"status\":\"on\",\"txt_info\":\"2 Klicks f\\u00fcr mehr Datenschutz: Erst wenn Sie hier klicken, wird der Button aktiv und Sie k\\u00f6nnen Ihre Empfehlung an Twitter senden. Schon beim Aktivieren werden Daten an Dritte \\u00fcbertragen - siehe <em>i<\\\/em>.\",\"perma_option\":\"off\",\"language\":\"de\",\"referrer_track\":\"\"},\"gplus\":{\"status\":\"on\",\"txt_info\":\"2 Klicks f\\u00fcr mehr Datenschutz: Erst wenn Sie hier klicken, wird der Button aktiv und Sie k\\u00f6nnen Ihre Empfehlung an Google+ senden. Schon beim Aktivieren werden Daten an Dritte \\u00fcbertragen - siehe <em>i<\\\/em>.\",\"perma_option\":\"off\",\"referrer_track\":\"\"},\"flattr\":{\"uid\":\"\",\"status\":\"on\",\"the_title\":\"K%C3%B6lner%20Ballade\",\"the_excerpt\":\"Werte%20Leserinnen%20und%20Leser%2C%0D%0A%0D%0Azu%20Silvester%20wurden%20im%20Rechts-Links-Dialog%20die%20Karten%20neu%20gemischt.%20Die%20Rassisten%20von%20rechts%20haben%20es%20ja%20schon%20immer%20gewusst%3A%20der%20Nordafrikaner%20ist%20kriminell%20und%20will%20nur%20an%20unsere%20blonden%20Frauen%20ran.%20Die%20Feministen%20von%20links%20haben%20es%20auch%20schon%20immer%20gesagt%3A%20M%C3%A4nner%20sind%20Schweine%2C%20immer%20und%20%C3%BCberall.%20Und%20von%20links%20nach%20rechts%20sind%20sie%20sich%20einig%3A%20Der%20Islam%20stinkt%20%20...\",\"txt_info\":\"2 Klicks f\\u00fcr mehr Datenschutz: Erst wenn Sie hier klicken, wird der Button aktiv und Sie k\\u00f6nnen Ihre Empfehlung an Flattr senden. Schon beim Aktivieren werden Daten an Dritte \\u00fcbertragen - siehe <em>i<\\\/em>.\",\"perma_option\":\"off\"}},\"txt_help\":\"Wenn Sie diese Felder durch einen Klick aktivieren, werden Informationen an Facebook, Twitter, Flattr, Xing, t3n, LinkedIn, Pinterest oder Google eventuell ins Ausland \\u00fcbertragen und unter Umst\\u00e4nden auch dort gespeichert. N\\u00e4heres erfahren Sie durch einen Klick auf das <em>i<\\\/em>.\",\"settings_perma\":\"Dauerhaft aktivieren und Daten\\u00fcber-tragung zustimmen:\",\"info_link\":\"http:\\\/\\\/www.heise.de\\\/ct\\\/artikel\\\/2-Klicks-fuer-mehr-Datenschutz-1333879.html\",\"uri\":\"https:\\\/\\\/www.brennecke.org\\\/?p=3511\",\"post_id\":3511,\"post_title_referrer_track\":\"K%C3%B6lner+Ballade\",\"display_infobox\":\"on\"});}});\n\/* ]]> *\/<\/script><\/div>","protected":false},"excerpt":{"rendered":"<p>Werte Leserinnen und Leser, zu Silvester wurden im Rechts-Links-Dialog die Karten neu gemischt. Die Rassisten von rechts haben es ja schon immer gewusst: der Nordafrikaner ist kriminell und will nur an unsere blonden Frauen ran. Die Feministen von links haben &hellip; <a href=\"https:\/\/www.brennecke.org\/?p=3511\">Weiterlesen <span class=\"meta-nav\">&rarr;<\/span><\/a><\/p>\n","protected":false},"author":1,"featured_media":0,"comment_status":"closed","ping_status":"open","sticky":false,"template":"","format":"standard","meta":{"footnotes":""},"categories":[1,3],"tags":[55,943,919,110,944,945,825,946],"_links":{"self":[{"href":"https:\/\/www.brennecke.org\/index.php?rest_route=\/wp\/v2\/posts\/3511"}],"collection":[{"href":"https:\/\/www.brennecke.org\/index.php?rest_route=\/wp\/v2\/posts"}],"about":[{"href":"https:\/\/www.brennecke.org\/index.php?rest_route=\/wp\/v2\/types\/post"}],"author":[{"embeddable":true,"href":"https:\/\/www.brennecke.org\/index.php?rest_route=\/wp\/v2\/users\/1"}],"replies":[{"embeddable":true,"href":"https:\/\/www.brennecke.org\/index.php?rest_route=%2Fwp%2Fv2%2Fcomments&post=3511"}],"version-history":[{"count":1,"href":"https:\/\/www.brennecke.org\/index.php?rest_route=\/wp\/v2\/posts\/3511\/revisions"}],"predecessor-version":[{"id":3512,"href":"https:\/\/www.brennecke.org\/index.php?rest_route=\/wp\/v2\/posts\/3511\/revisions\/3512"}],"wp:attachment":[{"href":"https:\/\/www.brennecke.org\/index.php?rest_route=%2Fwp%2Fv2%2Fmedia&parent=3511"}],"wp:term":[{"taxonomy":"category","embeddable":true,"href":"https:\/\/www.brennecke.org\/index.php?rest_route=%2Fwp%2Fv2%2Fcategories&post=3511"},{"taxonomy":"post_tag","embeddable":true,"href":"https:\/\/www.brennecke.org\/index.php?rest_route=%2Fwp%2Fv2%2Ftags&post=3511"}],"curies":[{"name":"wp","href":"https:\/\/api.w.org\/{rel}","templated":true}]}}