{"id":3516,"date":"2016-03-04T09:13:50","date_gmt":"2016-03-04T08:13:50","guid":{"rendered":"http:\/\/www.brennecke.org\/?p=3516"},"modified":"2018-05-14T09:01:38","modified_gmt":"2018-05-14T08:01:38","slug":"koalitionsspiele","status":"publish","type":"post","link":"https:\/\/www.brennecke.org\/?p=3516","title":{"rendered":"Koalitionsspiele"},"content":{"rendered":"<p>Werte Leserinnen und Leser,<\/p>\n<p>in neun Tagen werden die Landtage in Baden-W\u00fcrttemberg, Rheinland-Pfalz und Sachsen-Anhalt gew\u00e4hlt. Aus einem Stirnrunzeln beim Betrachten der Umfragen wird inzwischen Fassungslosigkeit: Erstmals in der Geschichte der Bundesrepublik ab 1949 haben die beiden ehemals gro\u00dfen Parteien CDU und SPD in zwei Bundesl\u00e4ndern gemeinsam keine Mehrheit mehr &#8211; &#8222;Gro\u00dfe Koalitionen&#8220; k\u00f6nnten dort nicht mehr regieren.<\/p>\n<p>Man mag diesen Sachverhalt in Sachsen-Anhalt der \u00fcbergro\u00dfen Menge an Rechtsau\u00dfen-W\u00e4hlern zuschreiben: 19% und damit 4% mehr als die SPD weist die letzte Umfrage f\u00fcr die AfD aus. Die CDU kommt noch auf 31% &#8211; damit h\u00e4tte die bisherige Koalition 46% der Stimmen &#8211; zu wenig f\u00fcr eine Mehrheit im Parlament. Die CDU k\u00f6nnte aber mit der Linken und der AfD eine Koalition bilden &#8211; beides w\u00fcrde reichen.<\/p>\n<p>In Baden-W\u00fcrttemberg sieht es noch seltsamer aus. Dort sind die Gr\u00fcnen nach der letzten Umfrage die einzige verbliebene 30%-Partei &#8211; es w\u00e4re zudem ihr bestes Ergebnis seit ihrem Bestehen. Im L\u00e4ndle h\u00e4tten derzeit lediglich eine Gr\u00fcn-Schwarze Koalition (mit 60% der Stimmen) eine ausreichende und die sogenannte &#8222;Deutschland-Koalition&#8220; aus CDU, SPD und FDP (mit 49% der Stimmen) eine knappe Mehrheit im Parlament. Reichen w\u00fcrde es auch f\u00fcr CDU und SPD und AfD gemeinsam, aber dieser Fall ist wohl noch unwahrscheinlicher als der <a href=\"http:\/\/www.n24.de\/n24\/Kolumnen\/Prof-Ulrich-Walter-Wissenschaft\/d\/6744552\/fliegen-mit-ueberlichtgeschwindigkeit-.html\">Tunneleffekt zwischen Auto und Garage<\/a>.<\/p>\n<p>Dramatisch? Nun ja. Wir sollten davon ausgehen, dass das rechtsextreme Potenzial in unserer Bev\u00f6lkerung nicht erst seit der Fl\u00fcchtlingskrise gewachsen ist, auch wenn die Sachsen es so aussehen lassen. Im Osten wurde schon fr\u00fcher flei\u00dfig NPD gew\u00e4hlt, und die Pforzheimer haben den Republikanern schon in den Neunziger Jahren zweistellige Ergebnisse beschert. Das hat in Pforzheim <a href=\"http:\/\/www.welt.de\/politik\/deutschland\/article152363069\/Wo-die-AfD-locker-mit-15-Prozent-rechnen-kann.html\">Tradition<\/a>: auch die NSDAP konnte dort weit bessere Ergebnisse holen als anderswo.<\/p>\n<p>Nun, mit der AfD als scheinbar lediglich rechtspopulistischer Alternative, wird das ganze Potenzial der Rechten offenbar. Man muss nicht mehr zwangsweise CDU w\u00e4hlen, weil es rechts davon keine Partei geben durfte, sondern kann sein Kleinb\u00fcrgertum endlich ausleben: Keine Fl\u00fcchtlinge, jawoll! Keine Ausl\u00e4nder bei uns, jawoll! Homos die Rechte nehmen oder umerziehen, jawoll! Frauenbild von 1950, jawoll! Schweinefleisch statt D\u00f6ner, jawoll! Undsoweiterundsofort, man kennt diese billigen Phrasen, mit denen sich die Rechten warm halten.<\/p>\n<p>Und wir \u00fcbrigen (die wir eine Mehrheit von etwa 80% der Bev\u00f6lkerung darstellen) werden das Ganze ertragen m\u00fcssen, denn die AfD wird weder verschwinden noch verboten. Und wenn daraus ungewohnte Koalitionen entstehen wie eine von Kretschmann gef\u00fchrte Gro\u00dfe gr\u00fcn-schwarze Koalition, dann mag man bitte einmal ins benachbarte Hessen schauen, wo Schwarz-Gr\u00fcn seit zwei Jahren erstaunlich ger\u00e4uschlos regiert &#8211; eben jenes Hessen, in dem 1982 der SPD-Ministerpr\u00e4sident <a href=\"https:\/\/de.wikipedia.org\/wiki\/Holger_B%C3%B6rner\">Holger B\u00f6rner<\/a> den Gr\u00fcnen mit der Dachlatte drohte, ehe er drei Jahre sp\u00e4ter Joschka Fischer zum ersten gr\u00fcnen Minister machte und in dem noch 2008 Roland Koch den gr\u00fcnen Spitzenkandidaten Tarek al Wazir als Ausl\u00e4nder verleumdete.<\/p>\n<p>Bleibt der Osten, und dort bleibt neben der CDU nur noch eine gr\u00f6\u00dfere demokratische Partei \u00fcbrig &#8211; die Linke. Jene Linke, die mal PDS hie\u00df und davor SED. Aber die letzten 25 Jahre sind auch an der Linken nicht vor\u00fcber gegangen, und inzwischen stellt sie in Th\u00fcringen den Ministerpr\u00e4sidenten und hat in Berlin und Brandenburg erfolgreich mitregiert. Wenn die CDU im Westen mit den einst verhassten Gr\u00fcnen koaliert, dann wird sie das im Osten mit den dort im Vergleich zum Westen wesentlich realpolitischeren Linken auch schaffen, wenn auch vielleicht nicht gleich nach der Wahl. Bisher hofft man noch, dass es f\u00fcr CDU und SPD doch noch reichen k\u00f6nnte &#8211; mit einer Stimme Mehrheit im Parlament.<\/p>\n<p>Ob die CDU es auch einmal mit der AfD versuchen wird? Sicher wird es Bef\u00fcrworter einer solchen Koalition in Zukunft geben. Es darf aber daran erinnert werden, dass wir in Deutschland bereits Erfahrung haben mit der Idee, eine rechtsextreme Partei in die Regierung einzubinden, weil man annahm, dass sich dann der Spuk sicher schnell verfl\u00fcchtigen w\u00fcrde &#8211; der vermutlich weitest reichende Irrtum in der Geschichte.<\/p>\n<p>Es gr\u00fc\u00dft herzlich<\/p>\n<p>Ihr JeanLuc7<\/p>\n<p>&nbsp;<\/p>\n<p>&nbsp;<\/p>\n<div class=\"twoclick_social_bookmarks_post_3516 social_share_privacy clearfix 1.6.4 locale-de_DE sprite-de_DE\"><\/div><div class=\"twoclick-js\"><script type=\"text\/javascript\">\/* <![CDATA[ *\/\njQuery(document).ready(function($){if($('.twoclick_social_bookmarks_post_3516')){$('.twoclick_social_bookmarks_post_3516').socialSharePrivacy({\"services\":{\"facebook\":{\"status\":\"on\",\"txt_info\":\"2 Klicks f\\u00fcr mehr Datenschutz: Erst wenn Sie hier klicken, wird der Button aktiv und Sie k\\u00f6nnen Ihre Empfehlung an Facebook senden. Schon beim Aktivieren werden Daten an Dritte \\u00fcbertragen - siehe <em>i<\\\/em>.\",\"perma_option\":\"off\",\"action\":\"recommend\",\"language\":\"de_DE\"},\"twitter\":{\"reply_to\":\"\",\"tweet_text\":\"%20Koalitionsspiele%20%C2%BB%2053%20Cent%20%23Berlin%20%23B%C3%B6rner%20%23Brandenburg%20%23Gr%C3%BCne%20...\",\"status\":\"on\",\"txt_info\":\"2 Klicks f\\u00fcr mehr Datenschutz: Erst wenn Sie hier klicken, wird der Button aktiv und Sie k\\u00f6nnen Ihre Empfehlung an Twitter senden. Schon beim Aktivieren werden Daten an Dritte \\u00fcbertragen - siehe <em>i<\\\/em>.\",\"perma_option\":\"off\",\"language\":\"de\",\"referrer_track\":\"\"},\"gplus\":{\"status\":\"on\",\"txt_info\":\"2 Klicks f\\u00fcr mehr Datenschutz: Erst wenn Sie hier klicken, wird der Button aktiv und Sie k\\u00f6nnen Ihre Empfehlung an Google+ senden. Schon beim Aktivieren werden Daten an Dritte \\u00fcbertragen - siehe <em>i<\\\/em>.\",\"perma_option\":\"off\",\"referrer_track\":\"\"},\"flattr\":{\"uid\":\"\",\"status\":\"on\",\"the_title\":\"Koalitionsspiele\",\"the_excerpt\":\"Werte%20Leserinnen%20und%20Leser%2C%0D%0A%0D%0Ain%20neun%20Tagen%20werden%20die%20Landtage%20in%20Baden-W%C3%BCrttemberg%2C%20Rheinland-Pfalz%20und%20Sachsen-Anhalt%20gew%C3%A4hlt.%20Aus%20einem%20Stirnrunzeln%20beim%20Betrachten%20der%20Umfragen%20wird%20inzwischen%20Fassungslosigkeit%3A%20Erstmals%20in%20der%20Geschichte%20der%20Bundesrepublik%20ab%201949%20haben%20die%20beiden%20ehemals%20gro%C3%9Fen%20Parteien%20CDU%20und%20SPD%20in%20zwei%20Bundesl%C3%A4ndern%20gemeinsam%20keine%20Mehrheit%20mehr%20-%20%22Gro%C3%9Fe%20Koalitione%20...\",\"txt_info\":\"2 Klicks f\\u00fcr mehr Datenschutz: Erst wenn Sie hier klicken, wird der Button aktiv und Sie k\\u00f6nnen Ihre Empfehlung an Flattr senden. Schon beim Aktivieren werden Daten an Dritte \\u00fcbertragen - siehe <em>i<\\\/em>.\",\"perma_option\":\"off\"}},\"txt_help\":\"Wenn Sie diese Felder durch einen Klick aktivieren, werden Informationen an Facebook, Twitter, Flattr, Xing, t3n, LinkedIn, Pinterest oder Google eventuell ins Ausland \\u00fcbertragen und unter Umst\\u00e4nden auch dort gespeichert. N\\u00e4heres erfahren Sie durch einen Klick auf das <em>i<\\\/em>.\",\"settings_perma\":\"Dauerhaft aktivieren und Daten\\u00fcber-tragung zustimmen:\",\"info_link\":\"http:\\\/\\\/www.heise.de\\\/ct\\\/artikel\\\/2-Klicks-fuer-mehr-Datenschutz-1333879.html\",\"uri\":\"https:\\\/\\\/www.brennecke.org\\\/?p=3516\",\"post_id\":3516,\"post_title_referrer_track\":\"Koalitionsspiele\",\"display_infobox\":\"on\"});}});\n\/* ]]> *\/<\/script><\/div>","protected":false},"excerpt":{"rendered":"<p>Werte Leserinnen und Leser, in neun Tagen werden die Landtage in Baden-W\u00fcrttemberg, Rheinland-Pfalz und Sachsen-Anhalt gew\u00e4hlt. Aus einem Stirnrunzeln beim Betrachten der Umfragen wird inzwischen Fassungslosigkeit: Erstmals in der Geschichte der Bundesrepublik ab 1949 haben die beiden ehemals gro\u00dfen Parteien &hellip; <a href=\"https:\/\/www.brennecke.org\/?p=3516\">Weiterlesen <span class=\"meta-nav\">&rarr;<\/span><\/a><\/p>\n","protected":false},"author":1,"featured_media":0,"comment_status":"closed","ping_status":"open","sticky":false,"template":"","format":"standard","meta":{"footnotes":""},"categories":[1,3],"tags":[951,948,950,56,298,947,259,949,759,952,819,953,137],"_links":{"self":[{"href":"https:\/\/www.brennecke.org\/index.php?rest_route=\/wp\/v2\/posts\/3516"}],"collection":[{"href":"https:\/\/www.brennecke.org\/index.php?rest_route=\/wp\/v2\/posts"}],"about":[{"href":"https:\/\/www.brennecke.org\/index.php?rest_route=\/wp\/v2\/types\/post"}],"author":[{"embeddable":true,"href":"https:\/\/www.brennecke.org\/index.php?rest_route=\/wp\/v2\/users\/1"}],"replies":[{"embeddable":true,"href":"https:\/\/www.brennecke.org\/index.php?rest_route=%2Fwp%2Fv2%2Fcomments&post=3516"}],"version-history":[{"count":1,"href":"https:\/\/www.brennecke.org\/index.php?rest_route=\/wp\/v2\/posts\/3516\/revisions"}],"predecessor-version":[{"id":3517,"href":"https:\/\/www.brennecke.org\/index.php?rest_route=\/wp\/v2\/posts\/3516\/revisions\/3517"}],"wp:attachment":[{"href":"https:\/\/www.brennecke.org\/index.php?rest_route=%2Fwp%2Fv2%2Fmedia&parent=3516"}],"wp:term":[{"taxonomy":"category","embeddable":true,"href":"https:\/\/www.brennecke.org\/index.php?rest_route=%2Fwp%2Fv2%2Fcategories&post=3516"},{"taxonomy":"post_tag","embeddable":true,"href":"https:\/\/www.brennecke.org\/index.php?rest_route=%2Fwp%2Fv2%2Ftags&post=3516"}],"curies":[{"name":"wp","href":"https:\/\/api.w.org\/{rel}","templated":true}]}}