{"id":3552,"date":"2016-05-20T07:37:11","date_gmt":"2016-05-20T06:37:11","guid":{"rendered":"http:\/\/www.brennecke.org\/?p=3552"},"modified":"2018-05-14T09:01:38","modified_gmt":"2018-05-14T08:01:38","slug":"der-irre-vom-bosporus","status":"publish","type":"post","link":"https:\/\/www.brennecke.org\/?p=3552","title":{"rendered":"Der Irre vom Bosporus"},"content":{"rendered":"<p>Werte Leserinnen und Leser,<\/p>\n<p>der t\u00fcrkische Pr\u00e4sident ist derzeit gem\u00e4\u00df der Verfassung der T\u00fcrkei ein politisches Leichtgewicht. Seine verbrieften Rechte sind klein, denn die Regierung f\u00fchrt der Ministerpr\u00e4sident. Wenn daher nun ein Erdogan-H\u00f6riger den Ministerpr\u00e4sidenten-Posten \u00fcbernimmt, kann der t\u00fcrkische Pr\u00e4sident zwar in die Politik eingreifen, aber eben immer noch nur \u00fcber Hinterzimmer, Mittagessen und Klagen vor Gericht. Auf Erdogans Betreiben laufen derzeit mehr als 2000 Verfahren wegen Pr\u00e4sidentenbeleidigung in der T\u00fcrkei und zwei weitere in Deutschland.<\/p>\n<p>Erdogan hat diese Schw\u00e4che nat\u00fcrlich l\u00e4ngst begriffen und arbeitet deshalb an dere Umgestaltung der T\u00fcrkei in eine Pr\u00e4sidialdemokratie. Nach amerikanischem Vorbild m\u00f6chte er den Pr\u00e4sidenten w\u00e4hlen lassen, der dann die Regierungsgesch\u00e4fte leitet und die Macht aus\u00fcbt. Weniger nach amerikanischem Vorbild wird er aber die Kontrollfunktionen des Parlaments weitgehend au\u00dfer Kraft setzen. Was Erdogan dann sagt, ist praktisch Gesetz. Man k\u00f6nnte diese Staatsform auch als &#8222;Pr\u00e4sidialdiktatur&#8220; bezeichnen.<\/p>\n<p>Sehen wir die Dinge einmal realistisch: sollte das t\u00fcrkische Parlament heute (Freitag, 20. Mai) der Aufforderung Erdogans folgen und die Immunit\u00e4t f\u00fcr 132 Abgeordnete aufheben, dann stehen seine Chancen zur Neuerrichtung eines t\u00fcrkischen Sultanats nicht schlecht. Denn dann werden Nachwahlen f\u00e4llig, und seine Partei, die AKP, k\u00f6nnte auf diese Weise die wenigen fehlenden Sitze zur verfassungs\u00e4ndernden Zweidrittelmehrheit hinzugewinnen. Dann w\u00e4re Erdogan praktisch Alleinherrscher.<\/p>\n<p>Was w\u00fcrde sich \u00e4ndern? Es besteht kaum die Gefahr, dass die T\u00fcrkei ein islamischer oder gar islamistischer Staat wird. Dazu fehlt der R\u00fcckhalt in der Bev\u00f6lkerung, und auch die AKP ist zu korrupt daf\u00fcr. Die T\u00fcrkei w\u00fcrde jedoch einen Personenkult um Erdogan erleben. Und wie wir es aus einer Vielzahl von historischen Gr\u00f6\u00dfen und weniger Gro\u00dfen kennen, wird sich auch Erdogan im Alter zunehmend erratisch verhalten. Unser Au\u00dfenminister w\u00fcrde ihm vermutlich weiterhin die Hand sch\u00fctteln und hierzulange bei seiner R\u00fcckkehr ausrufen: &#8222;Peace in our time&#8230;&#8220;.<\/p>\n<p>Weil Erdogan aber bereits jetzt alle Kritiker seiner Politik beseitigt und damit als verfassungsm\u00e4\u00dfiger Sultanatspr\u00e4sidentendiktator auch nicht aufh\u00f6ren wird, wird die T\u00fcrkei nach seinem unvermeidbaren Abgang in eine echte Staatskrise geraten. Wiederum aus der Geschichte kennen wir das Machtvakuum, das entsteht, wenn Alleinherrscher von der B\u00fchne abtreten &#8211; dann wird mit allen Mitteln um die Macht gek\u00e4mpft, und dabei gewinnen gew\u00f6hnlich die mit der geringsten Moral. Dann steht die T\u00fcrkei dort, wo Syrien vor drei Jahren stand &#8211; und die weitere Entwicklung d\u00fcrfte uns allen gel\u00e4ufig sein.<\/p>\n<p>Da dieser Verlauf der Geschichte aber so vorhersehbar ist, ist es jetzt an der Zeit, alles in unserer Macht stehende zu tun, um die T\u00fcrkei vor diesem Schicksal zu bewahren. Die EU sollte als erstes den Fl\u00fcchtlingsdeal mit Erdogan k\u00fcndigen und ihre Probleme mit den syrischen Fl\u00fcchtlingen selbst l\u00f6sen. Dann fiele der Hebel weg, den Erdogan derzeit zur Erpressung der EU nutzt, und man k\u00f6nnte weit weniger diplomatisch auftreten, als es Merkel und Steinmeier jetzt tun.<\/p>\n<p>Erdogan mag machtversessen und st\u00f6rrisch sein, aber er ist nicht dumm. Wenn es ihm Vorteile bringt, die Macht besser zu verteilen, wird er entsprechend handeln. Ob das auch noch in zehn Jahren mit einem greisen Erdogan oder gar nach der Macht\u00fcbernahme durch einen unerfahrenen Empork\u00f6mmling gilt, ist \u00e4u\u00dferst fragw\u00fcrdig. Noch ist es nicht zu sp\u00e4t. Eines ist aber offensichtlich: mit der diplomatischen Allzweckantwort &#8222;Nichteinmischung&#8220; kommen wir nicht weiter.<\/p>\n<p>Es gr\u00fc\u00dft herzlich<\/p>\n<p>Ihr JL7<\/p>\n<div class=\"twoclick_social_bookmarks_post_3552 social_share_privacy clearfix 1.6.4 locale-de_DE sprite-de_DE\"><\/div><div class=\"twoclick-js\"><script type=\"text\/javascript\">\/* <![CDATA[ *\/\njQuery(document).ready(function($){if($('.twoclick_social_bookmarks_post_3552')){$('.twoclick_social_bookmarks_post_3552').socialSharePrivacy({\"services\":{\"facebook\":{\"status\":\"on\",\"txt_info\":\"2 Klicks f\\u00fcr mehr Datenschutz: Erst wenn Sie hier klicken, wird der Button aktiv und Sie k\\u00f6nnen Ihre Empfehlung an Facebook senden. Schon beim Aktivieren werden Daten an Dritte \\u00fcbertragen - siehe <em>i<\\\/em>.\",\"perma_option\":\"off\",\"action\":\"recommend\",\"language\":\"de_DE\"},\"twitter\":{\"reply_to\":\"\",\"tweet_text\":\"%20Der%20Irre%20vom%20Bosporus%20%C2%BB%2053%20Cent%20%23Chamberlain%20%23Erdogan%20%23Fl%C3%BCchtlingsdeal%20...\",\"status\":\"on\",\"txt_info\":\"2 Klicks f\\u00fcr mehr Datenschutz: Erst wenn Sie hier klicken, wird der Button aktiv und Sie k\\u00f6nnen Ihre Empfehlung an Twitter senden. Schon beim Aktivieren werden Daten an Dritte \\u00fcbertragen - siehe <em>i<\\\/em>.\",\"perma_option\":\"off\",\"language\":\"de\",\"referrer_track\":\"\"},\"gplus\":{\"status\":\"on\",\"txt_info\":\"2 Klicks f\\u00fcr mehr Datenschutz: Erst wenn Sie hier klicken, wird der Button aktiv und Sie k\\u00f6nnen Ihre Empfehlung an Google+ senden. Schon beim Aktivieren werden Daten an Dritte \\u00fcbertragen - siehe <em>i<\\\/em>.\",\"perma_option\":\"off\",\"referrer_track\":\"\"},\"flattr\":{\"uid\":\"\",\"status\":\"on\",\"the_title\":\"Der%20Irre%20vom%20Bosporus\",\"the_excerpt\":\"Werte%20Leserinnen%20und%20Leser%2C%0D%0A%0D%0Ader%20t%C3%BCrkische%20Pr%C3%A4sident%20ist%20derzeit%20gem%C3%A4%C3%9F%20der%20Verfassung%20der%20T%C3%BCrkei%20ein%20politisches%20Leichtgewicht.%20Seine%20verbrieften%20Rechte%20sind%20klein%2C%20denn%20die%20Regierung%20f%C3%BChrt%20der%20Ministerpr%C3%A4sident.%20Wenn%20daher%20nun%20ein%20Erdogan-H%C3%B6riger%20den%20Ministerpr%C3%A4sidenten-Posten%20%C3%BCbernimmt%2C%20kann%20der%20t%C3%BCrkische%20Pr%C3%A4sident%20zwar%20in%20die%20Politik%20eingreifen%2C%20aber%20eben%20immer%20noch%20nur%20%C3%BCber%20Hinterzimmer%2C%20...\",\"txt_info\":\"2 Klicks f\\u00fcr mehr Datenschutz: Erst wenn Sie hier klicken, wird der Button aktiv und Sie k\\u00f6nnen Ihre Empfehlung an Flattr senden. Schon beim Aktivieren werden Daten an Dritte \\u00fcbertragen - siehe <em>i<\\\/em>.\",\"perma_option\":\"off\"}},\"txt_help\":\"Wenn Sie diese Felder durch einen Klick aktivieren, werden Informationen an Facebook, Twitter, Flattr, Xing, t3n, LinkedIn, Pinterest oder Google eventuell ins Ausland \\u00fcbertragen und unter Umst\\u00e4nden auch dort gespeichert. N\\u00e4heres erfahren Sie durch einen Klick auf das <em>i<\\\/em>.\",\"settings_perma\":\"Dauerhaft aktivieren und Daten\\u00fcber-tragung zustimmen:\",\"info_link\":\"http:\\\/\\\/www.heise.de\\\/ct\\\/artikel\\\/2-Klicks-fuer-mehr-Datenschutz-1333879.html\",\"uri\":\"https:\\\/\\\/www.brennecke.org\\\/?p=3552\",\"post_id\":3552,\"post_title_referrer_track\":\"Der+Irre+vom+Bosporus\",\"display_infobox\":\"on\"});}});\n\/* ]]> *\/<\/script><\/div>","protected":false},"excerpt":{"rendered":"<p>Werte Leserinnen und Leser, der t\u00fcrkische Pr\u00e4sident ist derzeit gem\u00e4\u00df der Verfassung der T\u00fcrkei ein politisches Leichtgewicht. Seine verbrieften Rechte sind klein, denn die Regierung f\u00fchrt der Ministerpr\u00e4sident. Wenn daher nun ein Erdogan-H\u00f6riger den Ministerpr\u00e4sidenten-Posten \u00fcbernimmt, kann der t\u00fcrkische Pr\u00e4sident &hellip; <a href=\"https:\/\/www.brennecke.org\/?p=3552\">Weiterlesen <span class=\"meta-nav\">&rarr;<\/span><\/a><\/p>\n","protected":false},"author":1,"featured_media":0,"comment_status":"closed","ping_status":"open","sticky":false,"template":"","format":"standard","meta":{"footnotes":""},"categories":[1,3],"tags":[700,567,994,995,993,968,996,452],"_links":{"self":[{"href":"https:\/\/www.brennecke.org\/index.php?rest_route=\/wp\/v2\/posts\/3552"}],"collection":[{"href":"https:\/\/www.brennecke.org\/index.php?rest_route=\/wp\/v2\/posts"}],"about":[{"href":"https:\/\/www.brennecke.org\/index.php?rest_route=\/wp\/v2\/types\/post"}],"author":[{"embeddable":true,"href":"https:\/\/www.brennecke.org\/index.php?rest_route=\/wp\/v2\/users\/1"}],"replies":[{"embeddable":true,"href":"https:\/\/www.brennecke.org\/index.php?rest_route=%2Fwp%2Fv2%2Fcomments&post=3552"}],"version-history":[{"count":1,"href":"https:\/\/www.brennecke.org\/index.php?rest_route=\/wp\/v2\/posts\/3552\/revisions"}],"predecessor-version":[{"id":3553,"href":"https:\/\/www.brennecke.org\/index.php?rest_route=\/wp\/v2\/posts\/3552\/revisions\/3553"}],"wp:attachment":[{"href":"https:\/\/www.brennecke.org\/index.php?rest_route=%2Fwp%2Fv2%2Fmedia&parent=3552"}],"wp:term":[{"taxonomy":"category","embeddable":true,"href":"https:\/\/www.brennecke.org\/index.php?rest_route=%2Fwp%2Fv2%2Fcategories&post=3552"},{"taxonomy":"post_tag","embeddable":true,"href":"https:\/\/www.brennecke.org\/index.php?rest_route=%2Fwp%2Fv2%2Ftags&post=3552"}],"curies":[{"name":"wp","href":"https:\/\/api.w.org\/{rel}","templated":true}]}}