{"id":3590,"date":"2016-10-22T08:47:08","date_gmt":"2016-10-22T07:47:08","guid":{"rendered":"http:\/\/www.brennecke.org\/?p=3590"},"modified":"2018-05-14T09:01:37","modified_gmt":"2018-05-14T08:01:37","slug":"3590","status":"publish","type":"post","link":"https:\/\/www.brennecke.org\/?p=3590","title":{"rendered":"Asterix go!"},"content":{"rendered":"<p>Werte Leserinnen und Leser,<\/p>\n<p>wenngleich ich ein gro\u00dfer Verfechter der europ\u00e4ischen Idee und auch der Europ\u00e4ischen Union bin &#8211; ich freue mich dar\u00fcber, dass die Wallonen Asterix-gleich nach wie vor Widerstand leisten gegen das Handelsabkommen CETA, das die EU mit Kanada schlie\u00dfen m\u00f6chte.<\/p>\n<p>CETA soll den Handel zwischen Kanada und der EU erleichtern, indem ein paar Z\u00f6lle wegfallen und ein f\u00fcr Investoren positives Klima geschaffen wird. Dazu sa\u00dfen Vertreter der EU und Kanada seit 2009 zusammen mit ein paar Gro\u00dfkapitalisten hinter verschlossenen T\u00fcren, um das Vorhaben in einen Vertrag zu gie\u00dfen. Heraus kam ein Vorschlag, der die Gro\u00dfinvestoren fr\u00fchzeitig am demokratischen Entscheidungsprozess beteiligt, indem sie bereits nationale Gesetze bereits vor der Diskussion im Parlament redigieren und investitionsfeindliche Teile entfernen d\u00fcrfen. Der Vorschlag sah au\u00dferdem die Schaffung privater Schiedsgerichte vor, durch die Gro\u00dfkonzerne in die Lage versetzt werden, f\u00fcr getroffene nationale Entscheidungen Entsch\u00e4digungen f\u00fcr entgangene Gewinne zu erhalten. Das Abkommen sollte ferner ewig laufen und in der Zukunft auch alle Handelssparten einschlie\u00dfen, die im Vertrag nicht explizit als ungeregelt ausgeschlossen wurden &#8211; also auch neue Wirtschaftszweige, die wir heute noch gar nicht kennen.<\/p>\n<p>Einige dieser geschossenen B\u00f6cke hat man aufgrund des Protests vieler hunderttausend europ\u00e4ischer B\u00fcrger inzwischen abgemildert. Die Schiedsgerichte sind nicht mehr so ganz privat, wenngleich sie nach wie vor &#8222;investorenfreundlich&#8220; entscheiden sollen. Das Bundesverfassungsgericht hat der deutschen Regierung zudem aufgetragen, dass ein nachtr\u00e4glicher Ausstieg m\u00f6glich sein und eine Beteiligung des Parlaments an f\u00fcr Deutschland relevanten Fragen sichergestellt sein muss.<\/p>\n<p>Trotzdem bleibt CETA &#8211; ebenso wie sein fetter Bruder TTIP &#8211; ein Abkommen, das weit \u00fcber die Thematik der Handelspolitik hinaus geht. Es ist nicht Aufgabe eines Abkommens, ein wirtschaftsfreundliches Klima f\u00fcr alle Zeit festzuschreiben. Eine Mitsprache von Gro\u00dfinvestoren bei der politischen Willensbildung ist bereits heute gang und g\u00e4be im Rahmen des \u00fcberall anzutreffenden Lobbyismus &#8211; der EU-Kommissar Oettinger versteht sich beispielsweise sehr gut darauf. Ein solches Mitspracherecht aber festzuschreiben und damit den Investoren die Chance zu geben, demokratische Entscheidungsprozesse im Vorfeld massiv zu beeinflussen &#8211; das ist untragbar.<\/p>\n<p>Dennoch hat die Bundesregierung beschlossen, CETA unbedingt zu wollen, genau wie 27,5 andere Staaten auch. Denn ohne CETA wird die EU handlungsunf\u00e4hig, so behauptet man. Tats\u00e4chlich aber w\u00fcrde nur ein Vertragswerk, das weit \u00fcber das Ziel hinaus schie\u00dft, ein Fall f\u00fcr den Papierkorb. Das w\u00e4re eine Blamage &#8211; aber auch eine Chance, das ganze noch einmal richtig anzugehen. Senkt Z\u00f6lle und beseitigt Handelsbarrieren, indem Ihr ungleiche, aber \u00e4hnliche Standards anpasst. Ein solches Beispiel sind die Auto-Blinkerfarben in USA und der EU, die f\u00fcr die Automobilfirmen die Produktion von zwei unterschiedlichen Chargen bedeuten. Aber wenn regionale Besonderheiten beseitigt werden sollen, damit \u00fcberall gleiche Verh\u00e4ltnisse herrschen, sollte man besser auf den Handelshemmnissen bestehen. Champagner kommt nun mal aus der Champagne, die vielen Sorten Rohmilchk\u00e4se aus kleinen Betrieben, und Th\u00fcringer W\u00fcrste aus anderen Regionen als Th\u00fcringen haben auch einen seltsamen Beigeschmack (im doppelten Sinn).<\/p>\n<p>Zuletzt werden von Bef\u00fcrwortern der Handelsvertr\u00e4ge gerne ein paar Hammer-Argumente ausgepackt: das Wirtschaftswachstum! Populismus! Antiamerikanismus! Nun, w\u00e4hrend sich die beiden letzten eigentlich von selbst entlarven anhand der vielen \u00dcbergrifflichkeiten von CETA und TTIP, ist das Wirtschaftswachstum tats\u00e4chlich ein zu diskutierender Faktor. Es mag zutreffen, dass mit CETA und TTIP die Wirtschaft w\u00e4chst und gerade Deutschland als exportorientiertes Land davon profitiert. Auf der anderen Seite der Waage liegen jedoch die demokratischen Prozesse, die man aufgibt zugunsten einer gr\u00f6\u00dferen Kontrolle durch multinationale Konzerne. <strong>Meine Wahl ist klar: Ich verdiene lieber etwas weniger in einem Staat, in dem meine Stimme noch etwas z\u00e4hlt &#8211; als in einer Wirtschaftsdiktatur, in der Herren in grauen Anz\u00fcgen in Hinterzimmern entscheiden.<\/strong> Wer nun sagt, das sei schon immer so: Mit CETA und TTIP wird es noch viel mehr au\u00dferstaatliche Kontrolle geben.<\/p>\n<p>Also liebe EU-Kommmission: lasst die Wallonen Euch blamieren, aber lernt endlich einmal daraus. Vertr\u00e4ge wie CETA und TTIP sind nicht mehr durchsetzbar. Wenn Ihr Handelsabkommen schlie\u00dfen wollt, dann schlie\u00dft <em>Handelsabkommen<\/em>, aber keine quasi-diktatorischen Vertr\u00e4ge, die uns in Hinterzimmern entm\u00fcndigen.<\/p>\n<p>Es gr\u00fc\u00dft herzlich,<\/p>\n<p>Ihr JL7<\/p>\n<div class=\"twoclick_social_bookmarks_post_3590 social_share_privacy clearfix 1.6.4 locale-de_DE sprite-de_DE\"><\/div><div class=\"twoclick-js\"><script type=\"text\/javascript\">\/* <![CDATA[ *\/\njQuery(document).ready(function($){if($('.twoclick_social_bookmarks_post_3590')){$('.twoclick_social_bookmarks_post_3590').socialSharePrivacy({\"services\":{\"facebook\":{\"status\":\"on\",\"txt_info\":\"2 Klicks f\\u00fcr mehr Datenschutz: Erst wenn Sie hier klicken, wird der Button aktiv und Sie k\\u00f6nnen Ihre Empfehlung an Facebook senden. Schon beim Aktivieren werden Daten an Dritte \\u00fcbertragen - siehe <em>i<\\\/em>.\",\"perma_option\":\"off\",\"action\":\"recommend\",\"language\":\"de_DE\"},\"twitter\":{\"reply_to\":\"\",\"tweet_text\":\"%20Asterix%20go%21%20%C2%BB%2053%20Cent%20%23Asterix%20%23CETA%20%23EU-Kommission%20%23Handelsabkommen%20...\",\"status\":\"on\",\"txt_info\":\"2 Klicks f\\u00fcr mehr Datenschutz: Erst wenn Sie hier klicken, wird der Button aktiv und Sie k\\u00f6nnen Ihre Empfehlung an Twitter senden. Schon beim Aktivieren werden Daten an Dritte \\u00fcbertragen - siehe <em>i<\\\/em>.\",\"perma_option\":\"off\",\"language\":\"de\",\"referrer_track\":\"\"},\"gplus\":{\"status\":\"on\",\"txt_info\":\"2 Klicks f\\u00fcr mehr Datenschutz: Erst wenn Sie hier klicken, wird der Button aktiv und Sie k\\u00f6nnen Ihre Empfehlung an Google+ senden. Schon beim Aktivieren werden Daten an Dritte \\u00fcbertragen - siehe <em>i<\\\/em>.\",\"perma_option\":\"off\",\"referrer_track\":\"\"},\"flattr\":{\"uid\":\"\",\"status\":\"on\",\"the_title\":\"Asterix%20go%21\",\"the_excerpt\":\"Werte%20Leserinnen%20und%20Leser%2C%0D%0A%0D%0Awenngleich%20ich%20ein%20gro%C3%9Fer%20Verfechter%20der%20europ%C3%A4ischen%20Idee%20und%20auch%20der%20Europ%C3%A4ischen%20Union%20bin%20-%20ich%20freue%20mich%20dar%C3%BCber%2C%20dass%20die%20Wallonen%20Asterix-gleich%20nach%20wie%20vor%20Widerstand%20leisten%20gegen%20das%20Handelsabkommen%20CETA%2C%20das%20die%20EU%20mit%20Kanada%20schlie%C3%9Fen%20m%C3%B6chte.%0D%0A%0D%0ACETA%20soll%20den%20Handel%20zwischen%20Kanada%20und%20der%20EU%20erleichtern%2C%20indem%20ein%20paar%20Z%C3%B6lle%20wegfallen%20und%20ein%20f%C3%BCr%20%20...\",\"txt_info\":\"2 Klicks f\\u00fcr mehr Datenschutz: Erst wenn Sie hier klicken, wird der Button aktiv und Sie k\\u00f6nnen Ihre Empfehlung an Flattr senden. Schon beim Aktivieren werden Daten an Dritte \\u00fcbertragen - siehe <em>i<\\\/em>.\",\"perma_option\":\"off\"}},\"txt_help\":\"Wenn Sie diese Felder durch einen Klick aktivieren, werden Informationen an Facebook, Twitter, Flattr, Xing, t3n, LinkedIn, Pinterest oder Google eventuell ins Ausland \\u00fcbertragen und unter Umst\\u00e4nden auch dort gespeichert. N\\u00e4heres erfahren Sie durch einen Klick auf das <em>i<\\\/em>.\",\"settings_perma\":\"Dauerhaft aktivieren und Daten\\u00fcber-tragung zustimmen:\",\"info_link\":\"http:\\\/\\\/www.heise.de\\\/ct\\\/artikel\\\/2-Klicks-fuer-mehr-Datenschutz-1333879.html\",\"uri\":\"https:\\\/\\\/www.brennecke.org\\\/?p=3590\",\"post_id\":3590,\"post_title_referrer_track\":\"Asterix+go%21\",\"display_infobox\":\"on\"});}});\n\/* ]]> *\/<\/script><\/div>","protected":false},"excerpt":{"rendered":"<p>Werte Leserinnen und Leser, wenngleich ich ein gro\u00dfer Verfechter der europ\u00e4ischen Idee und auch der Europ\u00e4ischen Union bin &#8211; ich freue mich dar\u00fcber, dass die Wallonen Asterix-gleich nach wie vor Widerstand leisten gegen das Handelsabkommen CETA, das die EU mit &hellip; <a href=\"https:\/\/www.brennecke.org\/?p=3590\">Weiterlesen <span class=\"meta-nav\">&rarr;<\/span><\/a><\/p>\n","protected":false},"author":1,"featured_media":0,"comment_status":"closed","ping_status":"open","sticky":false,"template":"","format":"standard","meta":{"footnotes":""},"categories":[1,3,447],"tags":[1015,837,389,1013,797,1014],"_links":{"self":[{"href":"https:\/\/www.brennecke.org\/index.php?rest_route=\/wp\/v2\/posts\/3590"}],"collection":[{"href":"https:\/\/www.brennecke.org\/index.php?rest_route=\/wp\/v2\/posts"}],"about":[{"href":"https:\/\/www.brennecke.org\/index.php?rest_route=\/wp\/v2\/types\/post"}],"author":[{"embeddable":true,"href":"https:\/\/www.brennecke.org\/index.php?rest_route=\/wp\/v2\/users\/1"}],"replies":[{"embeddable":true,"href":"https:\/\/www.brennecke.org\/index.php?rest_route=%2Fwp%2Fv2%2Fcomments&post=3590"}],"version-history":[{"count":4,"href":"https:\/\/www.brennecke.org\/index.php?rest_route=\/wp\/v2\/posts\/3590\/revisions"}],"predecessor-version":[{"id":3595,"href":"https:\/\/www.brennecke.org\/index.php?rest_route=\/wp\/v2\/posts\/3590\/revisions\/3595"}],"wp:attachment":[{"href":"https:\/\/www.brennecke.org\/index.php?rest_route=%2Fwp%2Fv2%2Fmedia&parent=3590"}],"wp:term":[{"taxonomy":"category","embeddable":true,"href":"https:\/\/www.brennecke.org\/index.php?rest_route=%2Fwp%2Fv2%2Fcategories&post=3590"},{"taxonomy":"post_tag","embeddable":true,"href":"https:\/\/www.brennecke.org\/index.php?rest_route=%2Fwp%2Fv2%2Ftags&post=3590"}],"curies":[{"name":"wp","href":"https:\/\/api.w.org\/{rel}","templated":true}]}}