{"id":3608,"date":"2016-11-09T14:46:58","date_gmt":"2016-11-09T13:46:58","guid":{"rendered":"http:\/\/www.brennecke.org\/?p=3608"},"modified":"2018-05-14T09:00:54","modified_gmt":"2018-05-14T08:00:54","slug":"was-jetzt","status":"publish","type":"post","link":"https:\/\/www.brennecke.org\/?p=3608","title":{"rendered":"Was jetzt?"},"content":{"rendered":"<p>Werte Leserinnen und Leser,<\/p>\n<p>Nach dem Brexit pr\u00e4sentiert uns das Jahr 2016 einen weiteren Schock: Donald Trump wird tats\u00e4chlich Pr\u00e4sident der USA &#8211; eine Entscheidung, auf die ich niemals auch nur einen Cent gewettet h\u00e4tte. Ein Rassist, Sexist, L\u00fcgner, einer, der sich nicht schert um Konventionen und H\u00f6flichkeit, dem Minderheiten egal sind, dem Demokratie und Rechtsstaat eher im Wege denn Leitlinien sind, gewinnt die Wahl gegen die schlechteste Kandidatin, die die Demokratische Partei pr\u00e4sentieren konnte. Man h\u00e4tte denken k\u00f6nnen, Clinton habe es leicht gegen diesen Irren, aber es lief genau andersherum: Trump hatte es leicht gegen Clinton.<\/p>\n<p>Was folgt nun? Trump hat eine respektable Mehrheit der eigenen Partei im Kongress und im Senat hinter sich. Damit kann er innenpolitisch alles M\u00f6gliche machen, sofern es den Abgeordneten gef\u00e4llt. Wir werde wohl eher nicht erleben, dass eine Mauer an der Grenze zu Mexico gebaut wird. Eine rigide Einwanderungspolitik ist hingegen fast garantiert. F\u00fcr Muslime in den USA wird das Leben unbequem werden, denn Trump hat wiederholt erkl\u00e4rt, sie in eine Art Sippenhaft zu nehmen und sie vollst\u00e4ndig zu \u00fcberwachen. Wirtschaftlich kann Trump die USA vom Globalismus nicht vollst\u00e4ndig abkapseln, weil Teile der US-Wirtschaft von g\u00fcnstigen L\u00f6hnen in Fernost abh\u00e4ngen. Wie er es schaffen will, das US-Defizit zu verringern und glechzeitig die Steuern f\u00fcr alle zu senken, wird wohl noch l\u00e4nger sein Geheimnis bleiben.<\/p>\n<p>Au\u00dfenpolitisch sieht die Sache f\u00fcr den Mann mit dem Atomkoffer ganz anders aus. Wie jeder US-Pr\u00e4sident zuvor darf Trump Kriege beginnen und muss dem Senat erst 60 Tage sp\u00e4ter Rede und Antwort stehen. In der Handelspolitik will er &#8222;America First&#8220; und vor allem keine Handelsvertr\u00e4ge. TTIP ist also tot, aber wohl auch jeder Versuch, die vern\u00fcnftigen Teile aus TTIP zu retten. Das Atomabkommen mit dem Iran landet in der Rundablage. Und Trump als ausgewiesener Klimawandelleugner wird auch keine Klimaabkommen unterzeichnen. Damit ist das Zwei-Grad-Ziel nicht mehr erreichbar.<\/p>\n<p>Was kommt aber auf uns zu? Denn leider ist die Liste der Erfolge f\u00fcr Rechtspopulisten damit noch nicht komplett abgearbeitet: mit Hofer in \u00d6sterreich und Le Pen in Frankreich stehen zwei weitere fragw\u00fcrdigen Gestalten davor, die Macht zu erobern. Putin, Orban, Erdogan und die Kaczynski-Regierung in Polen bleiben uns weiter erhalten. Statt vorw\u00e4rts zu gehen und uns um die wirklichen Probleme des Planeten zu k\u00fcmmern, m\u00fcssen wir jetzt aufpassen, dass die Populisten und Autorit\u00e4ren nicht alles zerst\u00f6ren, was wir an Freiheit und Gleichheit erreicht haben. Jene, die im Namen ihres Volkes regieren, vergessen nur zu gerne, dass in Demokratien auch die Minderheiten gesch\u00fctzt werden m\u00fcssen, wenn man die Menschenrechte ernst nimmt. Dieser Kampf hat gerade erst begonnen &#8211; ihn d\u00fcrfen wir nicht auch noch verlieren.<\/p>\n<p>Es gr\u00fc\u00dft herzlich<\/p>\n<p>Ihr JL7<\/p>\n<div class=\"twoclick_social_bookmarks_post_3608 social_share_privacy clearfix 1.6.4 locale-de_DE sprite-de_DE\"><\/div><div class=\"twoclick-js\"><script type=\"text\/javascript\">\/* <![CDATA[ *\/\njQuery(document).ready(function($){if($('.twoclick_social_bookmarks_post_3608')){$('.twoclick_social_bookmarks_post_3608').socialSharePrivacy({\"services\":{\"facebook\":{\"status\":\"on\",\"txt_info\":\"2 Klicks f\\u00fcr mehr Datenschutz: Erst wenn Sie hier klicken, wird der Button aktiv und Sie k\\u00f6nnen Ihre Empfehlung an Facebook senden. Schon beim Aktivieren werden Daten an Dritte \\u00fcbertragen - siehe <em>i<\\\/em>.\",\"perma_option\":\"off\",\"action\":\"recommend\",\"language\":\"de_DE\"},\"twitter\":{\"reply_to\":\"\",\"tweet_text\":\"%20Was%20jetzt%3F%20%C2%BB%2053%20Cent%20%23Erdogan%20%23Hofer%20%23Kaczynski%20%23Le%20Pen%20%23Orban%20...\",\"status\":\"on\",\"txt_info\":\"2 Klicks f\\u00fcr mehr Datenschutz: Erst wenn Sie hier klicken, wird der Button aktiv und Sie k\\u00f6nnen Ihre Empfehlung an Twitter senden. Schon beim Aktivieren werden Daten an Dritte \\u00fcbertragen - siehe <em>i<\\\/em>.\",\"perma_option\":\"off\",\"language\":\"de\",\"referrer_track\":\"\"},\"gplus\":{\"status\":\"on\",\"txt_info\":\"2 Klicks f\\u00fcr mehr Datenschutz: Erst wenn Sie hier klicken, wird der Button aktiv und Sie k\\u00f6nnen Ihre Empfehlung an Google+ senden. Schon beim Aktivieren werden Daten an Dritte \\u00fcbertragen - siehe <em>i<\\\/em>.\",\"perma_option\":\"off\",\"referrer_track\":\"\"},\"flattr\":{\"uid\":\"\",\"status\":\"on\",\"the_title\":\"Was%20jetzt%3F\",\"the_excerpt\":\"Werte%20Leserinnen%20und%20Leser%2C%0D%0A%0D%0ANach%20dem%20Brexit%20pr%C3%A4sentiert%20uns%20das%20Jahr%202016%20einen%20weiteren%20Schock%3A%20Donald%20Trump%20wird%20tats%C3%A4chlich%20Pr%C3%A4sident%20der%20USA%20-%20eine%20Entscheidung%2C%20auf%20die%20ich%20niemals%20auch%20nur%20einen%20Cent%20gewettet%20h%C3%A4tte.%20Ein%20Rassist%2C%20Sexist%2C%20L%C3%BCgner%2C%20einer%2C%20der%20sich%20nicht%20schert%20um%20Konventionen%20und%20H%C3%B6flichkeit%2C%20dem%20Minderheiten%20egal%20sind%2C%20dem%20Demokratie%20und%20Rechtsstaat%20eher%20im%20Wege%20denn%20Lei%20...\",\"txt_info\":\"2 Klicks f\\u00fcr mehr Datenschutz: Erst wenn Sie hier klicken, wird der Button aktiv und Sie k\\u00f6nnen Ihre Empfehlung an Flattr senden. Schon beim Aktivieren werden Daten an Dritte \\u00fcbertragen - siehe <em>i<\\\/em>.\",\"perma_option\":\"off\"}},\"txt_help\":\"Wenn Sie diese Felder durch einen Klick aktivieren, werden Informationen an Facebook, Twitter, Flattr, Xing, t3n, LinkedIn, Pinterest oder Google eventuell ins Ausland \\u00fcbertragen und unter Umst\\u00e4nden auch dort gespeichert. N\\u00e4heres erfahren Sie durch einen Klick auf das <em>i<\\\/em>.\",\"settings_perma\":\"Dauerhaft aktivieren und Daten\\u00fcber-tragung zustimmen:\",\"info_link\":\"http:\\\/\\\/www.heise.de\\\/ct\\\/artikel\\\/2-Klicks-fuer-mehr-Datenschutz-1333879.html\",\"uri\":\"https:\\\/\\\/www.brennecke.org\\\/?p=3608\",\"post_id\":3608,\"post_title_referrer_track\":\"Was+jetzt%3F\",\"display_infobox\":\"on\"});}});\n\/* ]]> *\/<\/script><\/div>","protected":false},"excerpt":{"rendered":"<p>Werte Leserinnen und Leser, Nach dem Brexit pr\u00e4sentiert uns das Jahr 2016 einen weiteren Schock: Donald Trump wird tats\u00e4chlich Pr\u00e4sident der USA &#8211; eine Entscheidung, auf die ich niemals auch nur einen Cent gewettet h\u00e4tte. Ein Rassist, Sexist, L\u00fcgner, einer, &hellip; <a href=\"https:\/\/www.brennecke.org\/?p=3608\">Weiterlesen <span class=\"meta-nav\">&rarr;<\/span><\/a><\/p>\n","protected":false},"author":1,"featured_media":0,"comment_status":"closed","ping_status":"open","sticky":false,"template":"","format":"standard","meta":{"footnotes":""},"categories":[1],"tags":[567,1024,1025,1022,756,425,1023,956,611],"_links":{"self":[{"href":"https:\/\/www.brennecke.org\/index.php?rest_route=\/wp\/v2\/posts\/3608"}],"collection":[{"href":"https:\/\/www.brennecke.org\/index.php?rest_route=\/wp\/v2\/posts"}],"about":[{"href":"https:\/\/www.brennecke.org\/index.php?rest_route=\/wp\/v2\/types\/post"}],"author":[{"embeddable":true,"href":"https:\/\/www.brennecke.org\/index.php?rest_route=\/wp\/v2\/users\/1"}],"replies":[{"embeddable":true,"href":"https:\/\/www.brennecke.org\/index.php?rest_route=%2Fwp%2Fv2%2Fcomments&post=3608"}],"version-history":[{"count":1,"href":"https:\/\/www.brennecke.org\/index.php?rest_route=\/wp\/v2\/posts\/3608\/revisions"}],"predecessor-version":[{"id":3609,"href":"https:\/\/www.brennecke.org\/index.php?rest_route=\/wp\/v2\/posts\/3608\/revisions\/3609"}],"wp:attachment":[{"href":"https:\/\/www.brennecke.org\/index.php?rest_route=%2Fwp%2Fv2%2Fmedia&parent=3608"}],"wp:term":[{"taxonomy":"category","embeddable":true,"href":"https:\/\/www.brennecke.org\/index.php?rest_route=%2Fwp%2Fv2%2Fcategories&post=3608"},{"taxonomy":"post_tag","embeddable":true,"href":"https:\/\/www.brennecke.org\/index.php?rest_route=%2Fwp%2Fv2%2Ftags&post=3608"}],"curies":[{"name":"wp","href":"https:\/\/api.w.org\/{rel}","templated":true}]}}