{"id":3610,"date":"2016-11-09T15:45:40","date_gmt":"2016-11-09T14:45:40","guid":{"rendered":"http:\/\/www.brennecke.org\/?p=3610"},"modified":"2018-05-14T09:00:54","modified_gmt":"2018-05-14T08:00:54","slug":"siggi-und-die-braunkohle-des-teufels","status":"publish","type":"post","link":"https:\/\/www.brennecke.org\/?p=3610","title":{"rendered":"Siggi und die Braunkohle des Teufels"},"content":{"rendered":"<p>Werte Leserinnen und Leser,<\/p>\n<p>wenn Sie diesen Blog bereits eine Weile verfolgen, kennen Sie bereits mein gespaltenes Verh\u00e4ltnis zum obersten Sozialdemokraten Sigmar Gabriel. Sein neuestes Husarenst\u00fcck blamiert die sozialdemokratische Umweltministerin Hendricks ebenso wie mich und Sie. Frau Hendricks plante, bei ihrem Besuch der Klimakonferenz in Marrakesch den deutschen Beitrag zur CO2-Einsparung verk\u00fcnden, und zuletzt sah es trotz der Einspr\u00fcche der CDU-Wirtschaftsfraktion so aus, als k\u00f6nne sie mit einem verw\u00e4sserten, aber doch halbwegs akzeptablen Plan auftreten.<\/p>\n<p>Siggi hatte aber mal wieder Muffensausen, diesmal wegen der Menschen, die die bei uns verbrannte Braunkohle abbauen &#8211; darunter k\u00f6nnte immer noch der eine oder andere SPD-W\u00e4hler sein. Und denen kann man &#8211; ebenso wie all ihren Kollegen in der Verbrennungsmotorindustrie und auch deren obersten Chefs &#8211; nicht einfach zumuten, dass das baldige Aus von Kohle und Verbrennungsmotor vor der T\u00fcr steht.<\/p>\n<p>Also hat Siggi mal eben die Notbremse gezogen und sein Veto gegen den bereits verw\u00e4sserten Hendricks-Plan eingelegt. Wir erreichen also nicht nur unsere f\u00fcr 2020 versprochenen Klimaziele nicht, wir haben in Deutschland auch keinen Plan f\u00fcr 2050.<\/p>\n<p>Was Minister Siggi &#8211; und seine Kollegen von der CSU &#8211; nicht bedenken: Auch die von den Klimapl\u00e4nen Betroffenen haben Kinder. Wenn wir es ernst meinen mit dem Schutz des Planeten, dann muss Siggi den Betroffenen erkl\u00e4ren, dass das nicht ohne Opfer geht. Klientelpolitik aber macht die Welt f\u00fcr sp\u00e4tere Generationen zu einem sehr ungem\u00fctlichen Ort.<\/p>\n<p>Es gr\u00fc\u00dft herzlich,<\/p>\n<p>Ihr JL7<\/p>\n<div class=\"twoclick_social_bookmarks_post_3610 social_share_privacy clearfix 1.6.4 locale-de_DE sprite-de_DE\"><\/div><div class=\"twoclick-js\"><script type=\"text\/javascript\">\/* <![CDATA[ *\/\njQuery(document).ready(function($){if($('.twoclick_social_bookmarks_post_3610')){$('.twoclick_social_bookmarks_post_3610').socialSharePrivacy({\"services\":{\"facebook\":{\"status\":\"on\",\"txt_info\":\"2 Klicks f\\u00fcr mehr Datenschutz: Erst wenn Sie hier klicken, wird der Button aktiv und Sie k\\u00f6nnen Ihre Empfehlung an Facebook senden. Schon beim Aktivieren werden Daten an Dritte \\u00fcbertragen - siehe <em>i<\\\/em>.\",\"perma_option\":\"off\",\"action\":\"recommend\",\"language\":\"de_DE\"},\"twitter\":{\"reply_to\":\"\",\"tweet_text\":\"%20Siggi%20und%20die%20Braunkohle%20des%20Teufels%20%C2%BB%2053%20Cent%20%23Braunkohle%20%23Hendricks%20...\",\"status\":\"on\",\"txt_info\":\"2 Klicks f\\u00fcr mehr Datenschutz: Erst wenn Sie hier klicken, wird der Button aktiv und Sie k\\u00f6nnen Ihre Empfehlung an Twitter senden. Schon beim Aktivieren werden Daten an Dritte \\u00fcbertragen - siehe <em>i<\\\/em>.\",\"perma_option\":\"off\",\"language\":\"de\",\"referrer_track\":\"\"},\"gplus\":{\"status\":\"on\",\"txt_info\":\"2 Klicks f\\u00fcr mehr Datenschutz: Erst wenn Sie hier klicken, wird der Button aktiv und Sie k\\u00f6nnen Ihre Empfehlung an Google+ senden. Schon beim Aktivieren werden Daten an Dritte \\u00fcbertragen - siehe <em>i<\\\/em>.\",\"perma_option\":\"off\",\"referrer_track\":\"\"},\"flattr\":{\"uid\":\"\",\"status\":\"on\",\"the_title\":\"Siggi%20und%20die%20Braunkohle%20des%20Teufels\",\"the_excerpt\":\"Werte%20Leserinnen%20und%20Leser%2C%0D%0A%0D%0Awenn%20Sie%20diesen%20Blog%20bereits%20eine%20Weile%20verfolgen%2C%20kennen%20Sie%20bereits%20mein%20gespaltenes%20Verh%C3%A4ltnis%20zum%20obersten%20Sozialdemokraten%20Sigmar%20Gabriel.%20Sein%20neuestes%20Husarenst%C3%BCck%20blamiert%20die%20sozialdemokratische%20Umweltministerin%20Hendricks%20ebenso%20wie%20mich%20und%20Sie.%20Frau%20Hendricks%20plante%2C%20bei%20ihrem%20Besuch%20der%20Klimakonferenz%20in%20Marrakesch%20den%20deutschen%20Beitrag%20zur%20CO2-Einspa%20...\",\"txt_info\":\"2 Klicks f\\u00fcr mehr Datenschutz: Erst wenn Sie hier klicken, wird der Button aktiv und Sie k\\u00f6nnen Ihre Empfehlung an Flattr senden. Schon beim Aktivieren werden Daten an Dritte \\u00fcbertragen - siehe <em>i<\\\/em>.\",\"perma_option\":\"off\"}},\"txt_help\":\"Wenn Sie diese Felder durch einen Klick aktivieren, werden Informationen an Facebook, Twitter, Flattr, Xing, t3n, LinkedIn, Pinterest oder Google eventuell ins Ausland \\u00fcbertragen und unter Umst\\u00e4nden auch dort gespeichert. N\\u00e4heres erfahren Sie durch einen Klick auf das <em>i<\\\/em>.\",\"settings_perma\":\"Dauerhaft aktivieren und Daten\\u00fcber-tragung zustimmen:\",\"info_link\":\"http:\\\/\\\/www.heise.de\\\/ct\\\/artikel\\\/2-Klicks-fuer-mehr-Datenschutz-1333879.html\",\"uri\":\"https:\\\/\\\/www.brennecke.org\\\/?p=3610\",\"post_id\":3610,\"post_title_referrer_track\":\"Siggi+und+die+Braunkohle+des+Teufels\",\"display_infobox\":\"on\"});}});\n\/* ]]> *\/<\/script><\/div>","protected":false},"excerpt":{"rendered":"<p>Werte Leserinnen und Leser, wenn Sie diesen Blog bereits eine Weile verfolgen, kennen Sie bereits mein gespaltenes Verh\u00e4ltnis zum obersten Sozialdemokraten Sigmar Gabriel. Sein neuestes Husarenst\u00fcck blamiert die sozialdemokratische Umweltministerin Hendricks ebenso wie mich und Sie. Frau Hendricks plante, bei &hellip; <a href=\"https:\/\/www.brennecke.org\/?p=3610\">Weiterlesen <span class=\"meta-nav\">&rarr;<\/span><\/a><\/p>\n","protected":false},"author":1,"featured_media":0,"comment_status":"closed","ping_status":"open","sticky":false,"template":"","format":"standard","meta":{"footnotes":""},"categories":[1,3],"tags":[1028,1026,1027,835,154],"_links":{"self":[{"href":"https:\/\/www.brennecke.org\/index.php?rest_route=\/wp\/v2\/posts\/3610"}],"collection":[{"href":"https:\/\/www.brennecke.org\/index.php?rest_route=\/wp\/v2\/posts"}],"about":[{"href":"https:\/\/www.brennecke.org\/index.php?rest_route=\/wp\/v2\/types\/post"}],"author":[{"embeddable":true,"href":"https:\/\/www.brennecke.org\/index.php?rest_route=\/wp\/v2\/users\/1"}],"replies":[{"embeddable":true,"href":"https:\/\/www.brennecke.org\/index.php?rest_route=%2Fwp%2Fv2%2Fcomments&post=3610"}],"version-history":[{"count":1,"href":"https:\/\/www.brennecke.org\/index.php?rest_route=\/wp\/v2\/posts\/3610\/revisions"}],"predecessor-version":[{"id":3611,"href":"https:\/\/www.brennecke.org\/index.php?rest_route=\/wp\/v2\/posts\/3610\/revisions\/3611"}],"wp:attachment":[{"href":"https:\/\/www.brennecke.org\/index.php?rest_route=%2Fwp%2Fv2%2Fmedia&parent=3610"}],"wp:term":[{"taxonomy":"category","embeddable":true,"href":"https:\/\/www.brennecke.org\/index.php?rest_route=%2Fwp%2Fv2%2Fcategories&post=3610"},{"taxonomy":"post_tag","embeddable":true,"href":"https:\/\/www.brennecke.org\/index.php?rest_route=%2Fwp%2Fv2%2Ftags&post=3610"}],"curies":[{"name":"wp","href":"https:\/\/api.w.org\/{rel}","templated":true}]}}