{"id":3618,"date":"2017-01-21T13:13:04","date_gmt":"2017-01-21T12:13:04","guid":{"rendered":"http:\/\/www.brennecke.org\/?p=3618"},"modified":"2018-05-14T09:00:53","modified_gmt":"2018-05-14T08:00:53","slug":"tag-1-1460-folgen-noch","status":"publish","type":"post","link":"https:\/\/www.brennecke.org\/?p=3618","title":{"rendered":"Tag 1 von 1460"},"content":{"rendered":"<p>Werte Leserinnen und Leser,<\/p>\n<p>ich m\u00f6chte Ihnen heute eine Rede pr\u00e4sentieren:<\/p>\n<p style=\"padding-left: 30px;\">\u201e<em>Pr\u00e4sident Hindenburg, Kanzler Schleicher, Kanzler von Papen,\u00a0 deutsche Landsleute<\/em> und V\u00f6lker der Welt \u2013 vielen Dank.<\/p>\n<p style=\"padding-left: 30px;\">Wir, die B\u00fcrger <em>Deutschlands<\/em>, haben uns in einer gro\u00dfen nationalen Kraftanstrengung\u00a0 zusammengeschlossen, um unser Land wiederaufzubauen und seine Verhei\u00dfung f\u00fcr alle Menschen. Gemeinsam werden wir den Kurs <em>Deutschlands<\/em> und der Welt f\u00fcr viele, viele Jahre bestimmen. Wir werden Herausforderungen begegnen. Wir werden uns H\u00e4rten stellen m\u00fcssen. Aber wir werden die Aufgabe erledigen. Alle vier Jahre versammeln wir uns hier auf diesen Stufen, um eine ordnungsgem\u00e4\u00dfe und friedliche Macht\u00fcbergabe zu vollziehen. Und wir danken <em>Kanzler von Papen<\/em> und <em>seinen Mitarbeitern<\/em> f\u00fcr ihre g\u00fctige Hilfe bei diesem \u00dcbergang. Sie waren wunderbar. Danke.<\/p>\n<p style=\"padding-left: 30px;\">Die Zeremonie des heutigen Tages hat jedoch eine besondere Bedeutung, weil heute nicht allein die Macht von einer Administration zur n\u00e4chsten \u00fcbergeben wird, sondern die Macht wird von <em>Berlin<\/em> \u00fcbergeben, und wir geben sie zur\u00fcck an Euch alle, das Volk. Zu lange hat eine kleine Gruppe die Vorteile der Regierung genossen, w\u00e4hrend das Volk die Kosten zu tragen hatte. <em>Berlin<\/em> florierte, aber das Volk hatte keinen Anteil an diesem Reichtum. Politikern ging es immer besser, aber die Arbeitspl\u00e4tze verschwanden und die Fabriken schlossen. Das Establishment sch\u00fctzte sich selbst aber nicht die B\u00fcrger dieses Landes. Ihre Siege waren nicht Eure Siege. Ihre Triumphe waren nicht Eure Triumphe. Und w\u00e4hrend sie in der Hauptstadt der Nation feierten, hatten die bedr\u00e4ngten Familien \u00fcberall in unserem Land wenig zu feiern.<\/p>\n<p style=\"padding-left: 30px;\">All das \u00e4ndert sich von genau diesem Moment an und genau von diesem Ort aus, denn dieser Moment ist Euer Moment. Er geh\u00f6rt Euch. Er geh\u00f6rt all jenen, die sich heute hier versammelt haben und allen, die \u00fcberall in <em>Deutschland<\/em> zuh\u00f6ren. Dies ist Euer Tag. Dies ist Eure Feier. Und dies ist Euer Land \u2013 <em>Deutschland<\/em>!<\/p>\n<p style=\"padding-left: 30px;\">Was wirklich z\u00e4hlt, ist nicht die Partei, die an der Macht ist, sondern ob das Volk unsere Regierung kontrolliert. Der <em>30. Januar 1933<\/em> wird in Erinnerung bleiben als Tag, an dem das Volk wieder der Herrscher dieser Nation wurde. Die vergessenen M\u00e4nner und Frauen dieses Landes werden nicht l\u00e4nger vergessen sein. Jeder h\u00f6rt Euch nun zu. Ihr seid zu dutzenden Millionen zusammengekommen, um an einem historischen Moment teilzunehmen, wie die Welt seinesgleichen noch nie zuvor gesehen hat.<\/p>\n<p style=\"padding-left: 30px;\">Im Zentrum dieser Bewegung steht die entscheidende \u00dcberzeugung, dass eine Nation existiert, um ihren B\u00fcrgern zu dienen. <em>Deutsche<\/em> wollen gro\u00dfartige Schulen f\u00fcr ihre Kinder, sichere Wohngegenden f\u00fcr ihre Familien und gute Arbeitspl\u00e4tze f\u00fcr sich. Dies sind gerechte und vern\u00fcnftige Forderungen von rechtschaffenen Leuten und einer rechtschaffenen \u00d6ffentlichkeit. Aber f\u00fcr zu viele unserer B\u00fcrger existiert eine andere Realit\u00e4t. M\u00fctter und Kinder, gefangen in Armut in unseren Innenst\u00e4dten, verrostete Fabriken, wie Grabsteine \u00fcber die Landschaft unserer Nation verstreut. Ein Erziehungssystem voller Geld, das aber unsere jungen und sch\u00f6nen Sch\u00fcler ohne Wissen zur\u00fcckl\u00e4sst.<\/p>\n<p style=\"padding-left: 30px;\">Und die Kriminalit\u00e4t und die Banden und die Drogen, die zu viele Leben gestohlen haben und unserem Land so viel ungenutztes Potenzial geraubt haben. Dieses <em>deutsche<\/em> Gemetzel h\u00f6rt auf, genau hier, genau jetzt. Wir sind eine Nation, und Eure Schmerzen sind unsere Schmerzen. Eure Tr\u00e4ume sind unsere Tr\u00e4ume, und Euer Erfolg wird unser Erfolg sein. Wir teilen ein Herz, eine Heimat und eine glorreiche Bestimmung. Der Amtseid, den ich heute ablege, ist ein Treueschwur an alle Deutschen.<\/p>\n<p style=\"padding-left: 30px;\">\u00dcber viele Jahrzehnte haben wir ausl\u00e4ndische Volkswirtschaften bereichert, auf Kosten der <em>deutschen<\/em> Wirtschaft, haben die Armeen anderer L\u00e4nder finanziell unterst\u00fctzt, w\u00e4hrend wir die Verarmung unseres Milit\u00e4rs zugelassen haben. Wir haben andere L\u00e4nder reich gemacht, w\u00e4hrend der Wohlstand, die St\u00e4rke und das Selbstvertrauen unseres Landes am Horizont verschwunden ist. Unsere Fabriken schlossen eine nach der anderen und verlie\u00dfen unsere Gestade ohne einen einzigen Gedanken an an die Millionen und Millionen von <em>deutschen<\/em> Arbeitern, die zur\u00fcckblieben.<\/p>\n<p style=\"padding-left: 30px;\">Der Reichtum unserer Mittelschicht wurde aus ihren Heimen gestohlen und verteilt in der ganzen Welt. Aber das war die Vergangenheit und jetzt blicken wir nur noch in die Zukunft. Wir haben uns heute hier versammelt, um ein neues Dekret zu erlassen, das in jeder Stadt, in jeder Hauptstadt eines anderen Landes geh\u00f6rt, in jeder Halle der Macht. Ab diesem Tag wird eine neue Vision unser Land bestimmen. Von diesem Tag an hei\u00dft es: <em>Deutschland<\/em> zuerst! <em>Deutschland<\/em> zuerst!<\/p>\n<p style=\"padding-left: 30px;\">Jede Entscheidung \u00fcber den Handel, \u00fcber Steuern, \u00fcber Einwanderung \u00fcber die Au\u00dfenpolitik wird so getroffen, dass sie <em>deutschen<\/em> Arbeitern und <em>deutschen<\/em> Familien n\u00fctzt. Wir m\u00fcssen unsere Grenzen sch\u00fctzen vor der Verw\u00fcstungen durch andere L\u00e4nder, die unsere Produkte nachmachen, unsere Unternehmen stehlen und unsere Arbeitspl\u00e4tze vernichten. Dieser Schutz wird zu gro\u00dfem Wohlstand und gro\u00dfer St\u00e4rke f\u00fchren. Ich werde f\u00fcr Euch k\u00e4mpfen mit jedem Atemzug meines K\u00f6rpers, und ich werde Euch nie im Stich lassen. <em>Deutschland<\/em> wird wieder anfangen zu gewinnen, gewinnen wie nie zuvor.<\/p>\n<p style=\"padding-left: 30px;\">Wir werden unsere Arbeitspl\u00e4tze zur\u00fcckholen. Wir werden unsere Grenzen zur\u00fcckholen. Wir werden unseren Reichtum zur\u00fcckholen. Und wir werden unsere Tr\u00e4ume zur\u00fcckholen. Wir werden neue Stra\u00dfen und Autobahnen bauen und Br\u00fccken und Flugh\u00e4fen und Tunnel und Eisenbahnen durch unsere ganze wunderbare Nation. Wir werden unser Volk aus der Wohlfahrt rausholen und zur\u00fcck an die Arbeit, um unser Land mit <em>deutschen<\/em> H\u00e4nden und <em>deutscher<\/em> Arbeit wiederaufzubauen.<\/p>\n<p style=\"padding-left: 30px;\">Wir werden zwei einfachen Regeln folgen:\u00a0 Kauft <em>deutsch<\/em>! Besch\u00e4ftigt <em>Deutsche<\/em>!<\/p>\n<p style=\"padding-left: 30px;\">Wir werden freundschaftliches Entgegenkommen bei den anderen L\u00e4ndern der Welt suchen, aber wir werden es tun in dem Bewusstsein, dass es das Recht jeder Nation ist, ihr Interesse voranzustellen. Wir wollen unsere Lebensweise niemandem aufzwingen, sondern sie leuchten lassen als Beispiel. Wir werden leuchten f\u00fcr jeden, der uns folgen mag. Wir werden alte B\u00fcndnisse verst\u00e4rken und neue schlie\u00dfen und uns zusammenschlie\u00dfen gegen den radikalen <em>j\u00fcdischen<\/em> Terrorismus, den wir vom Angesicht der Erde ausradieren werden.<\/p>\n<p style=\"padding-left: 30px;\">Das Fundament unserer Politik wird die absolute Treue zu <em>Deutschland<\/em>\u00a0 sein und durch Loyalit\u00e4t zu unserem Land werden wir die Loyalit\u00e4t zueinander wiederentdecken. Wenn man sein Herz dem Patriotismus \u00f6ffnet, bleibt kein Raum f\u00fcr Vorurteile. Die Bibel zeigt uns, wie gut und wohltuend es ist, wenn Gottes Volk in Einigkeit zusammenlebt. Wir m\u00fcssen unsere Gedanken offen aussprechen, unsere Meinungsverschiedenheiten ehrlich diskutieren aber immer nach Solidarit\u00e4t streben. Wenn <em>Deutschland<\/em> vereint ist, ist es nicht aufzuhalten. Es soll keine Angst geben. Wir werden besch\u00fctzt und wir werden immer besch\u00fctzt sein. Wir werden besch\u00fctzt von den gro\u00dfartigen M\u00e4nnern und Frauen in unseren Streitkr\u00e4fte und unseren Strafverfolgungsbeh\u00f6rden. Und vor allem anderen werden wir besch\u00fctzt durch Gott.<\/p>\n<p style=\"padding-left: 30px;\">Zuletzt m\u00fcssen wir gro\u00df denken und noch gr\u00f6\u00dfer tr\u00e4umen. Wir in <em>Deutschland<\/em> wissen, dass eine Nation nur lebt, wenn sie strebt. Politiker, die nur reden und nichts tun, immer nur klagen, aber nichts dagegen tun, werden wir nicht l\u00e4nger dulden. Die Zeit f\u00fcr leeres Gerede ist vorbei. Jetzt kommt die Stunde des Handelns. Lasst Euch von niemandem erz\u00e4hlen, dass das nicht machbar ist. Keine Herausforderung ist zu gro\u00df f\u00fcr das Herz und den Kampf und den Geist <em>Deutschlands<\/em>. Wir werden nicht scheitern.<\/p>\n<p style=\"padding-left: 30px;\">Unser Land wird wieder bl\u00fchen und gedeihen. Wir befinden uns in der Geburtsstunde eines neuen Jahrtausends, bereit, die R\u00e4tsel des Weltalls zu l\u00f6sen, die Welt vom Leid durch Krankheiten zu befreien, und die Energien, Industrien und Technologien von morgen zu nutzen. Ein neuer Nationalstolz wird uns bewegen, unseren Blick heben und unsere Teilung heilen. Es ist an der Zeit, sich an die alte Weisheit zu erinnern, die unsere Soldaten nie vergessen werden, dass. egal ob wir schwarz oder braun oder wei\u00df sind, wir alle das rote Blut der Patrioten bluten. Wir genie\u00dfen alle die gleichen glorreichen Freiheiten und wir salutieren alle der gleichen, gro\u00dfartigen <em>deutschen<\/em> Flagge.<\/p>\n<p style=\"padding-left: 30px;\">Und egal ob ein Kind in der wuchernden Stadt <em>Berlin<\/em> oder der windgepeitschten Pr\u00e4rie <em>Meckenburgs<\/em> geboren wird, sie schauen hinauf in denselben Nachthimmel, in ihren Herzen werden sie die gleichen Tr\u00e4ume haben und sie bekommen den Atem des Lebens von demselben allm\u00e4chtigen Sch\u00f6pfer eingehaucht.<\/p>\n<p style=\"padding-left: 30px;\">So h\u00f6rt diese Worte, <em>Deutsche<\/em> in jeder Stadt nah und fern, klein und gro\u00df, von Berg zu Berg, von Meer zu Meer: Ihr werdet nie wieder ignoriert werden. Eure Stimme, Eure Hoffnungen und Eure Tr\u00e4ume werden das <em>deutsche<\/em> Schicksal bestimmen. Und Euer Mut und Eure G\u00fcte und Liebe werden uns f\u00fcr immer auf diesem Weg f\u00fchren.<\/p>\n<p style=\"padding-left: 30px;\">Zusammen werden wir <em>Deutschland<\/em> wieder stark machen. Wir werden <em>Deutschland<\/em> wieder wohlhabend machen. Wir werden <em>Deutschland<\/em> wieder stolz machen. Wir werden <em>Deutschland<\/em> wieder sicher\u00a0 machen. Und ja, zusammen werden wir <em>Deutschland<\/em> wieder gro\u00dfartig machen.<\/p>\n<p style=\"padding-left: 30px;\">Danke. Gott segne Sie. Und Gott segne <em>Deutschland<\/em>. Danke. Gott segne <em>Deutschland<\/em>.&#8220;<\/p>\n<p>Diese Rede wurde nicht am 30. Januar 1933 in Deutschland von Hitler, sondern am 20. Januar 2017 von einem neuen Demagogen in Washington gehalten. Die kursiv geschriebenen Worte sind im Original Ableitungen des Wortes &#8222;Amerika&#8220;, und gegebenenfalls wurden Namen und Bezeichnungen durch passende \u00c4quivalente ersetzt.<\/p>\n<p>Welche Warnung ben\u00f6tigen wir denn noch?<\/p>\n<p>Es gr\u00fc\u00dft herzlich<\/p>\n<p>Ihr JL7<\/p>\n<p>&nbsp;<\/p>\n<div class=\"twoclick_social_bookmarks_post_3618 social_share_privacy clearfix 1.6.4 locale-de_DE sprite-de_DE\"><\/div><div class=\"twoclick-js\"><script type=\"text\/javascript\">\/* <![CDATA[ *\/\njQuery(document).ready(function($){if($('.twoclick_social_bookmarks_post_3618')){$('.twoclick_social_bookmarks_post_3618').socialSharePrivacy({\"services\":{\"facebook\":{\"status\":\"on\",\"txt_info\":\"2 Klicks f\\u00fcr mehr Datenschutz: Erst wenn Sie hier klicken, wird der Button aktiv und Sie k\\u00f6nnen Ihre Empfehlung an Facebook senden. Schon beim Aktivieren werden Daten an Dritte \\u00fcbertragen - siehe <em>i<\\\/em>.\",\"perma_option\":\"off\",\"action\":\"recommend\",\"language\":\"de_DE\"},\"twitter\":{\"reply_to\":\"\",\"tweet_text\":\"Tag%201%20von%201460%20%C2%BB%2053%20Cent%20%23Hitler%20%23Nationalismus%20%23Rede%20%23Trump\",\"status\":\"on\",\"txt_info\":\"2 Klicks f\\u00fcr mehr Datenschutz: Erst wenn Sie hier klicken, wird der Button aktiv und Sie k\\u00f6nnen Ihre Empfehlung an Twitter senden. Schon beim Aktivieren werden Daten an Dritte \\u00fcbertragen - siehe <em>i<\\\/em>.\",\"perma_option\":\"off\",\"language\":\"de\",\"referrer_track\":\"\"},\"gplus\":{\"status\":\"on\",\"txt_info\":\"2 Klicks f\\u00fcr mehr Datenschutz: Erst wenn Sie hier klicken, wird der Button aktiv und Sie k\\u00f6nnen Ihre Empfehlung an Google+ senden. Schon beim Aktivieren werden Daten an Dritte \\u00fcbertragen - siehe <em>i<\\\/em>.\",\"perma_option\":\"off\",\"referrer_track\":\"\"},\"flattr\":{\"uid\":\"\",\"status\":\"on\",\"the_title\":\"Tag%201%20von%201460\",\"the_excerpt\":\"Werte%20Leserinnen%20und%20Leser%2C%0D%0A%0D%0Aich%20m%C3%B6chte%20Ihnen%20heute%20eine%20Rede%20pr%C3%A4sentieren%3A%0D%0A%E2%80%9EPr%C3%A4sident%20Hindenburg%2C%20Kanzler%20Schleicher%2C%20Kanzler%20von%20Papen%2C%C2%A0%20deutsche%20Landsleute%20und%20V%C3%B6lker%20der%20Welt%20%E2%80%93%20vielen%20Dank.%0D%0AWir%2C%20die%20B%C3%BCrger%20Deutschlands%2C%20haben%20uns%20in%20einer%20gro%C3%9Fen%20nationalen%20Kraftanstrengung%C2%A0%20zusammengeschlossen%2C%20um%20unser%20Land%20wiederaufzubauen%20und%20seine%20Verhei%C3%9Fung%20f%C3%BCr%20alle%20Menschen.%20Gemeinsam%20werden%20wir%20%20...\",\"txt_info\":\"2 Klicks f\\u00fcr mehr Datenschutz: Erst wenn Sie hier klicken, wird der Button aktiv und Sie k\\u00f6nnen Ihre Empfehlung an Flattr senden. Schon beim Aktivieren werden Daten an Dritte \\u00fcbertragen - siehe <em>i<\\\/em>.\",\"perma_option\":\"off\"}},\"txt_help\":\"Wenn Sie diese Felder durch einen Klick aktivieren, werden Informationen an Facebook, Twitter, Flattr, Xing, t3n, LinkedIn, Pinterest oder Google eventuell ins Ausland \\u00fcbertragen und unter Umst\\u00e4nden auch dort gespeichert. N\\u00e4heres erfahren Sie durch einen Klick auf das <em>i<\\\/em>.\",\"settings_perma\":\"Dauerhaft aktivieren und Daten\\u00fcber-tragung zustimmen:\",\"info_link\":\"http:\\\/\\\/www.heise.de\\\/ct\\\/artikel\\\/2-Klicks-fuer-mehr-Datenschutz-1333879.html\",\"uri\":\"https:\\\/\\\/www.brennecke.org\\\/?p=3618\",\"post_id\":3618,\"post_title_referrer_track\":\"Tag+1+von+1460\",\"display_infobox\":\"on\"});}});\n\/* ]]> *\/<\/script><\/div>","protected":false},"excerpt":{"rendered":"<p>Werte Leserinnen und Leser, ich m\u00f6chte Ihnen heute eine Rede pr\u00e4sentieren: \u201ePr\u00e4sident Hindenburg, Kanzler Schleicher, Kanzler von Papen,\u00a0 deutsche Landsleute und V\u00f6lker der Welt \u2013 vielen Dank. Wir, die B\u00fcrger Deutschlands, haben uns in einer gro\u00dfen nationalen Kraftanstrengung\u00a0 zusammengeschlossen, um &hellip; <a href=\"https:\/\/www.brennecke.org\/?p=3618\">Weiterlesen <span class=\"meta-nav\">&rarr;<\/span><\/a><\/p>\n","protected":false},"author":1,"featured_media":0,"comment_status":"closed","ping_status":"open","sticky":false,"template":"","format":"standard","meta":{"footnotes":""},"categories":[1,3,447],"tags":[628,1030,1029,956],"_links":{"self":[{"href":"https:\/\/www.brennecke.org\/index.php?rest_route=\/wp\/v2\/posts\/3618"}],"collection":[{"href":"https:\/\/www.brennecke.org\/index.php?rest_route=\/wp\/v2\/posts"}],"about":[{"href":"https:\/\/www.brennecke.org\/index.php?rest_route=\/wp\/v2\/types\/post"}],"author":[{"embeddable":true,"href":"https:\/\/www.brennecke.org\/index.php?rest_route=\/wp\/v2\/users\/1"}],"replies":[{"embeddable":true,"href":"https:\/\/www.brennecke.org\/index.php?rest_route=%2Fwp%2Fv2%2Fcomments&post=3618"}],"version-history":[{"count":5,"href":"https:\/\/www.brennecke.org\/index.php?rest_route=\/wp\/v2\/posts\/3618\/revisions"}],"predecessor-version":[{"id":3649,"href":"https:\/\/www.brennecke.org\/index.php?rest_route=\/wp\/v2\/posts\/3618\/revisions\/3649"}],"wp:attachment":[{"href":"https:\/\/www.brennecke.org\/index.php?rest_route=%2Fwp%2Fv2%2Fmedia&parent=3618"}],"wp:term":[{"taxonomy":"category","embeddable":true,"href":"https:\/\/www.brennecke.org\/index.php?rest_route=%2Fwp%2Fv2%2Fcategories&post=3618"},{"taxonomy":"post_tag","embeddable":true,"href":"https:\/\/www.brennecke.org\/index.php?rest_route=%2Fwp%2Fv2%2Ftags&post=3618"}],"curies":[{"name":"wp","href":"https:\/\/api.w.org\/{rel}","templated":true}]}}