{"id":3624,"date":"2017-02-01T10:24:58","date_gmt":"2017-02-01T09:24:58","guid":{"rendered":"http:\/\/www.brennecke.org\/?p=3624"},"modified":"2018-05-14T09:00:53","modified_gmt":"2018-05-14T08:00:53","slug":"immer-nur-jammern","status":"publish","type":"post","link":"https:\/\/www.brennecke.org\/?p=3624","title":{"rendered":"Immer nur jammern?"},"content":{"rendered":"<p>Werte Leserinnen und Leser,<\/p>\n<p>selbstverst\u00e4ndlich ist es legitim, sich \u00fcber die Ungerechtigkeiten der Welt zu beklagen. Trump ist US-Pr\u00e4sident, Erdogan wird Sultan der T\u00fcrkei, in Polen brechen die D\u00e4mme der Gewaltenteilung, den meisten Deutschen ist \u00dcberwachung egal, die Wahlen in Frankreich&#8230; Dann die globalen Probleme: Klimawandel, Antibiotika-Resistenzen&#8230; Schon schlechte Laune?<\/p>\n<p>OK, h\u00f6ren wir damit auf &#8211; wir sind ja nicht bei der AfD. Hier soll es in den n\u00e4chsten Beitr\u00e4gen einmal nicht um das gehen, was schlecht l\u00e4uft und ge\u00e4ndert werden werden sollte, sondern um die Frage, welche \u00c4nderungen n\u00f6tig und m\u00f6glich sind, um ein friedliches und menschenw\u00fcrdiges Zusammenleben auch in Zukunft zu erm\u00f6glichen. Ich m\u00f6chte zun\u00e4chst drei Themen beleuchten, die komplex klingen m\u00f6gen, aber letztlich durch einfache Ma\u00dfnahmen gesteuert werden k\u00f6nnen &#8211; auch wenn die Umsetzung dieser Ma\u00dfnahmen m\u00f6glicherweise sehr komplex sein kann.<\/p>\n<ul>\n<li><a href=\"http:\/\/www.brennecke.org\/?p=3626\">Volksbeteiligung in der parlamentarischen Demokratie: Einmal losen, bitte<\/a><\/li>\n<li><a href=\"http:\/\/www.brennecke.org\/?p=3632\">Soziale Umverteilung: Bedingungsloses Grundeinkommen und negative Einkommensteuer<\/a><\/li>\n<li><a href=\"http:\/\/www.brennecke.org\/?p=3640\">Globalisierung und Digitale Revolution: Wer sorgt f\u00fcr die soziale Absicherung?<\/a><\/li>\n<\/ul>\n<p>Die in diesen Beitr\u00e4gen skizzierten Ideen verlangen keine Revolution unserer freiheitlich-demokratischen Grundordnung, sondern lediglich ein paar (tiefgreifende) \u00c4nderungen, um das Miteinander sozialer zu machen und die Gesellschaft f\u00fcr die Zukunft besser abzusichern. Sie enthalten mit Sicherheit von mir nicht bedachte Stolpersteine; ich freue mich daher \u00fcber Kommentare und Vorschl\u00e4ge, die ich dann aufgreifen kann. Denn bevor wir Aktivit\u00e4ten entwickeln, sollten wir zun\u00e4chst daf\u00fcr sorgen, dass die Probleme und die m\u00f6glichen L\u00f6sungen in den K\u00f6pfen der Menschen pr\u00e4sent sind &#8211; erst dann ist es an der Zeit, aktiv zu werden.<\/p>\n<p>Zun\u00e4chst jedoch viel Vergn\u00fcgen beim Lesen w\u00fcnscht<\/p>\n<p>Ihr JL7<\/p>\n<div class=\"twoclick_social_bookmarks_post_3624 social_share_privacy clearfix 1.6.4 locale-de_DE sprite-de_DE\"><\/div><div class=\"twoclick-js\"><script type=\"text\/javascript\">\/* <![CDATA[ *\/\njQuery(document).ready(function($){if($('.twoclick_social_bookmarks_post_3624')){$('.twoclick_social_bookmarks_post_3624').socialSharePrivacy({\"services\":{\"facebook\":{\"status\":\"on\",\"txt_info\":\"2 Klicks f\\u00fcr mehr Datenschutz: Erst wenn Sie hier klicken, wird der Button aktiv und Sie k\\u00f6nnen Ihre Empfehlung an Facebook senden. Schon beim Aktivieren werden Daten an Dritte \\u00fcbertragen - siehe <em>i<\\\/em>.\",\"perma_option\":\"off\",\"action\":\"recommend\",\"language\":\"de_DE\"},\"twitter\":{\"reply_to\":\"\",\"tweet_text\":\"Immer%20nur%20jammern%3F%20%C2%BB%2053%20Cent%20%23Sozialpolitik\",\"status\":\"on\",\"txt_info\":\"2 Klicks f\\u00fcr mehr Datenschutz: Erst wenn Sie hier klicken, wird der Button aktiv und Sie k\\u00f6nnen Ihre Empfehlung an Twitter senden. Schon beim Aktivieren werden Daten an Dritte \\u00fcbertragen - siehe <em>i<\\\/em>.\",\"perma_option\":\"off\",\"language\":\"de\",\"referrer_track\":\"\"},\"gplus\":{\"status\":\"on\",\"txt_info\":\"2 Klicks f\\u00fcr mehr Datenschutz: Erst wenn Sie hier klicken, wird der Button aktiv und Sie k\\u00f6nnen Ihre Empfehlung an Google+ senden. Schon beim Aktivieren werden Daten an Dritte \\u00fcbertragen - siehe <em>i<\\\/em>.\",\"perma_option\":\"off\",\"referrer_track\":\"\"},\"flattr\":{\"uid\":\"\",\"status\":\"on\",\"the_title\":\"Immer%20nur%20jammern%3F\",\"the_excerpt\":\"Werte%20Leserinnen%20und%20Leser%2C%0D%0A%0D%0Aselbstverst%C3%A4ndlich%20ist%20es%20legitim%2C%20sich%20%C3%BCber%20die%20Ungerechtigkeiten%20der%20Welt%20zu%20beklagen.%20Trump%20ist%20US-Pr%C3%A4sident%2C%20Erdogan%20wird%20Sultan%20der%20T%C3%BCrkei%2C%20in%20Polen%20brechen%20die%20D%C3%A4mme%20der%20Gewaltenteilung%2C%20den%20meisten%20Deutschen%20ist%20%C3%9Cberwachung%20egal%2C%20die%20Wahlen%20in%20Frankreich...%20Dann%20die%20globalen%20Probleme%3A%20Klimawandel%2C%20Antibiotika-Resistenzen...%20Schon%20schlechte%20Laune%3F%0D%0A%0D%0AOK%2C%20h%C3%B6%20...\",\"txt_info\":\"2 Klicks f\\u00fcr mehr Datenschutz: Erst wenn Sie hier klicken, wird der Button aktiv und Sie k\\u00f6nnen Ihre Empfehlung an Flattr senden. Schon beim Aktivieren werden Daten an Dritte \\u00fcbertragen - siehe <em>i<\\\/em>.\",\"perma_option\":\"off\"}},\"txt_help\":\"Wenn Sie diese Felder durch einen Klick aktivieren, werden Informationen an Facebook, Twitter, Flattr, Xing, t3n, LinkedIn, Pinterest oder Google eventuell ins Ausland \\u00fcbertragen und unter Umst\\u00e4nden auch dort gespeichert. N\\u00e4heres erfahren Sie durch einen Klick auf das <em>i<\\\/em>.\",\"settings_perma\":\"Dauerhaft aktivieren und Daten\\u00fcber-tragung zustimmen:\",\"info_link\":\"http:\\\/\\\/www.heise.de\\\/ct\\\/artikel\\\/2-Klicks-fuer-mehr-Datenschutz-1333879.html\",\"uri\":\"https:\\\/\\\/www.brennecke.org\\\/?p=3624\",\"post_id\":3624,\"post_title_referrer_track\":\"Immer+nur+jammern%3F\",\"display_infobox\":\"on\"});}});\n\/* ]]> *\/<\/script><\/div>","protected":false},"excerpt":{"rendered":"<p>Werte Leserinnen und Leser, selbstverst\u00e4ndlich ist es legitim, sich \u00fcber die Ungerechtigkeiten der Welt zu beklagen. Trump ist US-Pr\u00e4sident, Erdogan wird Sultan der T\u00fcrkei, in Polen brechen die D\u00e4mme der Gewaltenteilung, den meisten Deutschen ist \u00dcberwachung egal, die Wahlen in &hellip; <a href=\"https:\/\/www.brennecke.org\/?p=3624\">Weiterlesen <span class=\"meta-nav\">&rarr;<\/span><\/a><\/p>\n","protected":false},"author":1,"featured_media":0,"comment_status":"closed","ping_status":"open","sticky":false,"template":"","format":"standard","meta":{"footnotes":""},"categories":[1,676,3],"tags":[1031],"_links":{"self":[{"href":"https:\/\/www.brennecke.org\/index.php?rest_route=\/wp\/v2\/posts\/3624"}],"collection":[{"href":"https:\/\/www.brennecke.org\/index.php?rest_route=\/wp\/v2\/posts"}],"about":[{"href":"https:\/\/www.brennecke.org\/index.php?rest_route=\/wp\/v2\/types\/post"}],"author":[{"embeddable":true,"href":"https:\/\/www.brennecke.org\/index.php?rest_route=\/wp\/v2\/users\/1"}],"replies":[{"embeddable":true,"href":"https:\/\/www.brennecke.org\/index.php?rest_route=%2Fwp%2Fv2%2Fcomments&post=3624"}],"version-history":[{"count":6,"href":"https:\/\/www.brennecke.org\/index.php?rest_route=\/wp\/v2\/posts\/3624\/revisions"}],"predecessor-version":[{"id":3647,"href":"https:\/\/www.brennecke.org\/index.php?rest_route=\/wp\/v2\/posts\/3624\/revisions\/3647"}],"wp:attachment":[{"href":"https:\/\/www.brennecke.org\/index.php?rest_route=%2Fwp%2Fv2%2Fmedia&parent=3624"}],"wp:term":[{"taxonomy":"category","embeddable":true,"href":"https:\/\/www.brennecke.org\/index.php?rest_route=%2Fwp%2Fv2%2Fcategories&post=3624"},{"taxonomy":"post_tag","embeddable":true,"href":"https:\/\/www.brennecke.org\/index.php?rest_route=%2Fwp%2Fv2%2Ftags&post=3624"}],"curies":[{"name":"wp","href":"https:\/\/api.w.org\/{rel}","templated":true}]}}