{"id":3660,"date":"2017-02-13T13:36:06","date_gmt":"2017-02-13T12:36:06","guid":{"rendered":"http:\/\/www.brennecke.org\/?p=3660"},"modified":"2018-05-14T09:00:53","modified_gmt":"2018-05-14T08:00:53","slug":"mein-wunsch-an-martin-schulz","status":"publish","type":"post","link":"https:\/\/www.brennecke.org\/?p=3660","title":{"rendered":"Mein Wunsch an Martin Schulz"},"content":{"rendered":"<p>Hallo Herr Schulz,<br \/>\nmeinen Gl\u00fcckwunsch zum aktuellen Trend. Ich habe eine Menge von Ihnen zu den dringenden Themen der Zeit gelesen und begr\u00fc\u00dfe auch Ihre Bereitschaft, \u00fcber eine Reform der Hartz-Gesetze zu diskutieren. Meine Frage gilt allerdings einem Thema, das in der aktuellen Legislaturperiode keine Ber\u00fccksichtigung fand: die Ehe f\u00fcr alle und das damit verbundene Thema der Gleichstellung Homosexueller. Eine Kanzlerin Merkel hat dabei, wie wir h\u00f6ren durften, ein unwohles Bauchgef\u00fchl. Eine gro\u00dfe Mehrheit der Bev\u00f6lkerung hat dieses Gef\u00fchl inzwischen aber nicht mehr, und auch im Bundestag g\u00e4be es &#8211; w\u00fcrde man den Koalitionsvertrag au\u00dfer Acht lassen &#8211; bereits jetzt eine gr\u00f6\u00dfere Mehrheit f\u00fcr eine Gleichstellung.<br \/>\nIch verstehe, dass eine Regierung Schulz viele wichtige Themen anpacken muss, von denen die soziale Ungerechtigkeit eines der gr\u00f6\u00dferen ist. Die Ehe f\u00fcr alle betrifft nur eine Minderheit, aber sie w\u00e4re ein gewaltiges Zeichen daf\u00fcr, dass es einer SPD-gef\u00fchrten Regierung Ernst ist mit einer echten Gleichberechtigung der Menschen. Zudem w\u00e4re sie billig zu haben, da alle wesentlichen Prozesse bereits eingerichtet sind &#8211; und man m\u00fcsste nicht weiterhin Flickwerk an einer Vielzahl von Gesetzen betreiben, blo\u00df um neben &#8222;Ehepartner&#8220; auch noch das Wort &#8222;Lebenspartner&#8220; unterzubringen.<br \/>\nDas neue Mantra des bayerischen Ministerpr\u00e4sident ist die &#8222;Obergrenze&#8220;, ohne die er keinen Koalitionsvertrag unterschreiben will. Ich w\u00fcrde mich richtig freuen, wenn Sie keinen Koaltionsvertrag ohne die &#8222;Ehe f\u00fcr alle&#8220; unterschreiben w\u00fcrden.<br \/>\nMit besten Gr\u00fc\u00dfen<\/p>\n<p>Ihr JL7<\/p>\n<div class=\"twoclick_social_bookmarks_post_3660 social_share_privacy clearfix 1.6.4 locale-de_DE sprite-de_DE\"><\/div><div class=\"twoclick-js\"><script type=\"text\/javascript\">\/* <![CDATA[ *\/\njQuery(document).ready(function($){if($('.twoclick_social_bookmarks_post_3660')){$('.twoclick_social_bookmarks_post_3660').socialSharePrivacy({\"services\":{\"facebook\":{\"status\":\"on\",\"txt_info\":\"2 Klicks f\\u00fcr mehr Datenschutz: Erst wenn Sie hier klicken, wird der Button aktiv und Sie k\\u00f6nnen Ihre Empfehlung an Facebook senden. Schon beim Aktivieren werden Daten an Dritte \\u00fcbertragen - siehe <em>i<\\\/em>.\",\"perma_option\":\"off\",\"action\":\"recommend\",\"language\":\"de_DE\"},\"twitter\":{\"reply_to\":\"\",\"tweet_text\":\"%20Mein%20Wunsch%20an%20Martin%20Schulz%20%C2%BB%2053%20Cent%20%23Ehe%20f%C3%BCr%20alle%20%23Kanzlerkandidat%20...\",\"status\":\"on\",\"txt_info\":\"2 Klicks f\\u00fcr mehr Datenschutz: Erst wenn Sie hier klicken, wird der Button aktiv und Sie k\\u00f6nnen Ihre Empfehlung an Twitter senden. Schon beim Aktivieren werden Daten an Dritte \\u00fcbertragen - siehe <em>i<\\\/em>.\",\"perma_option\":\"off\",\"language\":\"de\",\"referrer_track\":\"\"},\"gplus\":{\"status\":\"on\",\"txt_info\":\"2 Klicks f\\u00fcr mehr Datenschutz: Erst wenn Sie hier klicken, wird der Button aktiv und Sie k\\u00f6nnen Ihre Empfehlung an Google+ senden. Schon beim Aktivieren werden Daten an Dritte \\u00fcbertragen - siehe <em>i<\\\/em>.\",\"perma_option\":\"off\",\"referrer_track\":\"\"},\"flattr\":{\"uid\":\"\",\"status\":\"on\",\"the_title\":\"Mein%20Wunsch%20an%20Martin%20Schulz\",\"the_excerpt\":\"Hallo%20Herr%20Schulz%2C%0D%0Ameinen%20Gl%C3%BCckwunsch%20zum%20aktuellen%20Trend.%20Ich%20habe%20eine%20Menge%20von%20Ihnen%20zu%20den%20dringenden%20Themen%20der%20Zeit%20gelesen%20und%20begr%C3%BC%C3%9Fe%20auch%20Ihre%20Bereitschaft%2C%20%C3%BCber%20eine%20Reform%20der%20Hartz-Gesetze%20zu%20diskutieren.%20Meine%20Frage%20gilt%20allerdings%20einem%20Thema%2C%20das%20in%20der%20aktuellen%20Legislaturperiode%20keine%20Ber%C3%BCcksichtigung%20fand%3A%20die%20Ehe%20f%C3%BCr%20alle%20und%20das%20damit%20verbundene%20Thema%20der%20Gleichstellung%20H%20...\",\"txt_info\":\"2 Klicks f\\u00fcr mehr Datenschutz: Erst wenn Sie hier klicken, wird der Button aktiv und Sie k\\u00f6nnen Ihre Empfehlung an Flattr senden. Schon beim Aktivieren werden Daten an Dritte \\u00fcbertragen - siehe <em>i<\\\/em>.\",\"perma_option\":\"off\"}},\"txt_help\":\"Wenn Sie diese Felder durch einen Klick aktivieren, werden Informationen an Facebook, Twitter, Flattr, Xing, t3n, LinkedIn, Pinterest oder Google eventuell ins Ausland \\u00fcbertragen und unter Umst\\u00e4nden auch dort gespeichert. N\\u00e4heres erfahren Sie durch einen Klick auf das <em>i<\\\/em>.\",\"settings_perma\":\"Dauerhaft aktivieren und Daten\\u00fcber-tragung zustimmen:\",\"info_link\":\"http:\\\/\\\/www.heise.de\\\/ct\\\/artikel\\\/2-Klicks-fuer-mehr-Datenschutz-1333879.html\",\"uri\":\"https:\\\/\\\/www.brennecke.org\\\/?p=3660\",\"post_id\":3660,\"post_title_referrer_track\":\"Mein+Wunsch+an+Martin+Schulz\",\"display_infobox\":\"on\"});}});\n\/* ]]> *\/<\/script><\/div>","protected":false},"excerpt":{"rendered":"<p>Hallo Herr Schulz, meinen Gl\u00fcckwunsch zum aktuellen Trend. Ich habe eine Menge von Ihnen zu den dringenden Themen der Zeit gelesen und begr\u00fc\u00dfe auch Ihre Bereitschaft, \u00fcber eine Reform der Hartz-Gesetze zu diskutieren. Meine Frage gilt allerdings einem Thema, das &hellip; <a href=\"https:\/\/www.brennecke.org\/?p=3660\">Weiterlesen <span class=\"meta-nav\">&rarr;<\/span><\/a><\/p>\n","protected":false},"author":1,"featured_media":0,"comment_status":"closed","ping_status":"open","sticky":false,"template":"","format":"standard","meta":{"footnotes":""},"categories":[1,676],"tags":[1047,917,899,1046],"_links":{"self":[{"href":"https:\/\/www.brennecke.org\/index.php?rest_route=\/wp\/v2\/posts\/3660"}],"collection":[{"href":"https:\/\/www.brennecke.org\/index.php?rest_route=\/wp\/v2\/posts"}],"about":[{"href":"https:\/\/www.brennecke.org\/index.php?rest_route=\/wp\/v2\/types\/post"}],"author":[{"embeddable":true,"href":"https:\/\/www.brennecke.org\/index.php?rest_route=\/wp\/v2\/users\/1"}],"replies":[{"embeddable":true,"href":"https:\/\/www.brennecke.org\/index.php?rest_route=%2Fwp%2Fv2%2Fcomments&post=3660"}],"version-history":[{"count":1,"href":"https:\/\/www.brennecke.org\/index.php?rest_route=\/wp\/v2\/posts\/3660\/revisions"}],"predecessor-version":[{"id":3661,"href":"https:\/\/www.brennecke.org\/index.php?rest_route=\/wp\/v2\/posts\/3660\/revisions\/3661"}],"wp:attachment":[{"href":"https:\/\/www.brennecke.org\/index.php?rest_route=%2Fwp%2Fv2%2Fmedia&parent=3660"}],"wp:term":[{"taxonomy":"category","embeddable":true,"href":"https:\/\/www.brennecke.org\/index.php?rest_route=%2Fwp%2Fv2%2Fcategories&post=3660"},{"taxonomy":"post_tag","embeddable":true,"href":"https:\/\/www.brennecke.org\/index.php?rest_route=%2Fwp%2Fv2%2Ftags&post=3660"}],"curies":[{"name":"wp","href":"https:\/\/api.w.org\/{rel}","templated":true}]}}