{"id":3674,"date":"2017-06-29T08:28:20","date_gmt":"2017-06-29T07:28:20","guid":{"rendered":"http:\/\/www.brennecke.org\/?p=3674"},"modified":"2018-05-14T09:05:18","modified_gmt":"2018-05-14T08:05:18","slug":"und-jetzt-nochmal-fuer-alle","status":"publish","type":"post","link":"https:\/\/www.brennecke.org\/?p=3674","title":{"rendered":"Und jetzt nochmal &#8222;f\u00fcr alle&#8220;"},"content":{"rendered":"<p>Werte Leserinnen und Leser,<\/p>\n<p>wie es aussieht, wird morgen pl\u00f6tzlich und unerwartet die Ehe auch f\u00fcr Schwule und Lesben m\u00f6glich. Seit Volker Beck seinen Gr\u00fcnen das Thema vor zwei Wochen auf die Agenda f\u00fcr m\u00f6gliche Koalitionsverhandlungen gesetzt hat, haben sich die anderen Parteien links von der CDU ebenfalls deutlich positioniert: in der kommenden Legislaturperiode sollte es kommen, das Gesetz, das Schwule und Lesben nicht mehr in eine Sonderform des Zusammenlebens zwingt.<\/p>\n<p>Merkel hatte f\u00fcr die CDU\/CSU einen Plan, da sich der Lauf der Dinge ja nun offensichtlich nicht weiter aufhalten lie\u00df. Eine ABstimmung nach dem Gewissen nach l\u00e4ngerer Diskussion, bei der die CDU\/CSU-Abgeordneten dann mit Anstand unterliegen. Vorher, bei den Koalitionsverhandlungen h\u00e4tte man sich das &#8222;Ja&#8220; zu diesem Plan noch teuer abkaufen lassen, durch Zugest\u00e4ndnisse f\u00fcr wirre CSU-Ideen beispielsweise (im Sinne der Ausl\u00e4ndermaut, der Betreuungsgeld-Herdpr\u00e4mie oder der M\u00f6venpick-Steuer).<\/p>\n<p>Doch dann verplapperte Merkel sich bei einem lockeren Termin der Zeitschrift Brigitte, und dann ging alles ganz schnell: am Freitag (30. Juni), zur letzten Tagung des Bundestags vor der Sommerpause und den Wahlen, soll nun ein bereits fertiges Gesetz des Landes Rheinland-Pfalz mit den Stimmen von Linken, Gr\u00fcnen, SPD und einigen CDU-Abgeordneten beschlossen werden.<\/p>\n<p>Und dann begann der Kulturkampf des kleinen B\u00fcrgers. Nat\u00fcrlich berichteten die gro\u00dfen Zeitungen online dar\u00fcber, und nat\u00fcrlich f\u00fcllten sich die Kommentarbereiche im Sekundentakt mit homophoben Absurdit\u00e4ten und Beleidigungen. Der Tenor all dieser Kommentare r\u00fcckw\u00e4rtsgewandter Menschen (&#8222;konservativ&#8220; trifft es hier nicht) ist letztlich dieser: &#8222;Denen g\u00f6nnen wir das nicht.&#8220;<\/p>\n<p>Man kann sicher diskutieren \u00fcber die Frage des Adoptionsrechts, aber es hilft nun einmal nichts: Lesben und Schwule sind biologisch genauso in der Lage wie Heteros, Kinder zu bekommen, nur eben nicht mit dem gew\u00e4hlten Partner. Sie haben bereits Kinder. Dass heute viele Kinder ohne Ehe oder auch ganz ohne den einen oder anderen Elternteil aufwachsen, wird ausgeblendet, denn Hetero-Eltern stehen ja nicht im Verdacht, ihre Kinder schwul umzuerziehen. Und P\u00e4dos sind hetereosexuelle Eltern ja auch nie, auch wenn die Kriminalstatistik es komplett anders sieht.<\/p>\n<p>Hier stellt sich umgekehrt \u00fcbrigens die Frage, welchen Einfluss es auf das schwule oder lesbische Kind haben mag, in einem heterosexuellen Elternhaus aufzuwachsen und seine eigene Pers\u00f6nlichkeit zu verleugnen &#8211; zumindest bis zum Coming-Out, das heute bedeutend leichter ist als noch vor 20 Jahren.<\/p>\n<p>Nicht diskutieren kann man aber \u00fcber die Frage der Privilegien. In der <a href=\"http:\/\/www.faz.net\/aktuell\/politik\/inland\/kommentar-zur-ehe-fuer-alle-die-ehe-wird-abgeschafft-15079952.html\">FAZ<\/a> schreibt sogar ein <a href=\"http:\/\/www.faz.net\/redaktion\/reinhard-mueller-11104378.html\">f\u00fchrender Redakteur<\/a> \u00fcber die Abwertung und Beliebigkeitswerdung der Ehe, wenn sie ge\u00f6ffnet wird. Nun ja, ein Privileg ist tats\u00e4chlich keines mehr, wenn es allen zusteht, so ist das. Dass aber immer wieder der Ruf nach der Abschaffung des Ehegattensplittings erschallt, mag dann doch verwundern, denn das trifft ja zuerst die Hetero-Ehen und -Familien. Zur Klarstellung: es existieren keine Steuervorteile f\u00fcr Ehepartner ohne Kinder. Das Ehegattensplitting dient lediglich dazu, alle Ehepaare steuerlich gleich zu stellen, egal, ob nun ein Partner alles oder beide je die H\u00e4lfte zum Gesamtverdienst beitragen. Was vielen der homophoben Schreih\u00e4lse gar nicht bewusst ist: dieses &#8222;Privileg&#8220; hat das BVerfG schon 2013 gekippt, und zwar r\u00fcckwirkend bis 2001, dem Datum der Einf\u00fchrung der eingetragenen Lebenspartnerschaft.<\/p>\n<p>Eine dritte Gruppe sieht in der Gleichstellung eine Entwertung des heiligen Sakraments der Ehe, eines Bundes zwischen Mann und Frau. An diesem christlichen Symbol und der kirchlichen Ehe wird aber gar nicht ger\u00fcttelt (jedenfalls nicht am Freitag). Die Zivilehe, in Deutschland seit dem Ende des 19. Jahrhunderts \u00fcblich und vor dem Standesamt geschlossen, ist aber gar kein Sakrament, auch kein heiliger Altar, sondern ein ziviler Vertrag zwischen zwei Menschen. Beides, das kirchliche Sakrament und der zivile Vertrag, tragen den Namen &#8222;Ehe&#8220;. Und nur der zivile Vertrag kann und soll vom Gesetzgeber erweitert werden. Das darf er &#8211; und keiner der vielen G\u00f6tter, die sich die Menschen ausgedacht haben, wird ihn daran hindern.<\/p>\n<p>W\u00fcrden all die Schreih\u00e4lse sich einmal mit den Fakten besch\u00e4ftigen, statt immer noch ihr <del>Arschgef\u00fchl<\/del> Bauchgef\u00fchl zu befragen, w\u00e4re der Sache schon gedient. Aber solange diese ca. 20% das nicht tun und sogar noch \u00fcberproportional durch Abgeordnete im Bundestag repr\u00e4sentiert sind, bleibt nur der harte Schnitt, jetzt und sofort. Dann werden sie sehen, dass die \u00d6ffnung des Wortes Ehe keinen Einfluss darauf haben wird, dass Frau-Mann-Paare weiterhin heiraten und Kinder bekommen werden. Dass Kinder weiterhin in guten (und leider manchmal auch sehr schlechten) Verh\u00e4ltnissen aufwachsen. Dann wird es irgendwann auch nicht mehr wichtig sein, welches Geschlecht der Partner hat, und Eltern werden nicht mehr nur vor der Geburt gespannt sein, welches Geschlecht sich ihr Kind ausgesucht hat.<\/p>\n<p>Es gr\u00fc\u00dft herzlich<\/p>\n<p>Ihr JL7<\/p>\n<div class=\"twoclick_social_bookmarks_post_3674 social_share_privacy clearfix 1.6.4 locale-de_DE sprite-de_DE\"><\/div><div class=\"twoclick-js\"><script type=\"text\/javascript\">\/* <![CDATA[ *\/\njQuery(document).ready(function($){if($('.twoclick_social_bookmarks_post_3674')){$('.twoclick_social_bookmarks_post_3674').socialSharePrivacy({\"services\":{\"facebook\":{\"status\":\"on\",\"txt_info\":\"2 Klicks f\\u00fcr mehr Datenschutz: Erst wenn Sie hier klicken, wird der Button aktiv und Sie k\\u00f6nnen Ihre Empfehlung an Facebook senden. Schon beim Aktivieren werden Daten an Dritte \\u00fcbertragen - siehe <em>i<\\\/em>.\",\"perma_option\":\"off\",\"action\":\"recommend\",\"language\":\"de_DE\"},\"twitter\":{\"reply_to\":\"\",\"tweet_text\":\"Und%20jetzt%20nochmal%20%E2%80%9Ef%C3%BCr%20alle%E2%80%9C%20%C2%BB%2053%20Cent\",\"status\":\"on\",\"txt_info\":\"2 Klicks f\\u00fcr mehr Datenschutz: Erst wenn Sie hier klicken, wird der Button aktiv und Sie k\\u00f6nnen Ihre Empfehlung an Twitter senden. Schon beim Aktivieren werden Daten an Dritte \\u00fcbertragen - siehe <em>i<\\\/em>.\",\"perma_option\":\"off\",\"language\":\"de\",\"referrer_track\":\"\"},\"gplus\":{\"status\":\"on\",\"txt_info\":\"2 Klicks f\\u00fcr mehr Datenschutz: Erst wenn Sie hier klicken, wird der Button aktiv und Sie k\\u00f6nnen Ihre Empfehlung an Google+ senden. Schon beim Aktivieren werden Daten an Dritte \\u00fcbertragen - siehe <em>i<\\\/em>.\",\"perma_option\":\"off\",\"referrer_track\":\"\"},\"flattr\":{\"uid\":\"\",\"status\":\"on\",\"the_title\":\"Und%20jetzt%20nochmal%20%26%238222%3Bf%C3%BCr%20alle%26%238220%3B\",\"the_excerpt\":\"Werte%20Leserinnen%20und%20Leser%2C%0D%0A%0D%0Awie%20es%20aussieht%2C%20wird%20morgen%20pl%C3%B6tzlich%20und%20unerwartet%20die%20Ehe%20auch%20f%C3%BCr%20Schwule%20und%20Lesben%20m%C3%B6glich.%20Seit%20Volker%20Beck%20seinen%20Gr%C3%BCnen%20das%20Thema%20vor%20zwei%20Wochen%20auf%20die%20Agenda%20f%C3%BCr%20m%C3%B6gliche%20Koalitionsverhandlungen%20gesetzt%20hat%2C%20haben%20sich%20die%20anderen%20Parteien%20links%20von%20der%20CDU%20ebenfalls%20deutlich%20positioniert%3A%20in%20der%20kommenden%20Legislaturperiode%20sollte%20es%20kommen%2C%20das%20Gese%20...\",\"txt_info\":\"2 Klicks f\\u00fcr mehr Datenschutz: Erst wenn Sie hier klicken, wird der Button aktiv und Sie k\\u00f6nnen Ihre Empfehlung an Flattr senden. Schon beim Aktivieren werden Daten an Dritte \\u00fcbertragen - siehe <em>i<\\\/em>.\",\"perma_option\":\"off\"}},\"txt_help\":\"Wenn Sie diese Felder durch einen Klick aktivieren, werden Informationen an Facebook, Twitter, Flattr, Xing, t3n, LinkedIn, Pinterest oder Google eventuell ins Ausland \\u00fcbertragen und unter Umst\\u00e4nden auch dort gespeichert. N\\u00e4heres erfahren Sie durch einen Klick auf das <em>i<\\\/em>.\",\"settings_perma\":\"Dauerhaft aktivieren und Daten\\u00fcber-tragung zustimmen:\",\"info_link\":\"http:\\\/\\\/www.heise.de\\\/ct\\\/artikel\\\/2-Klicks-fuer-mehr-Datenschutz-1333879.html\",\"uri\":\"https:\\\/\\\/www.brennecke.org\\\/?p=3674\",\"post_id\":3674,\"post_title_referrer_track\":\"Und+jetzt+nochmal+%26%238222%3Bf%C3%BCr+alle%26%238220%3B\",\"display_infobox\":\"on\"});}});\n\/* ]]> *\/<\/script><\/div>","protected":false},"excerpt":{"rendered":"<p>Werte Leserinnen und Leser, wie es aussieht, wird morgen pl\u00f6tzlich und unerwartet die Ehe auch f\u00fcr Schwule und Lesben m\u00f6glich. Seit Volker Beck seinen Gr\u00fcnen das Thema vor zwei Wochen auf die Agenda f\u00fcr m\u00f6gliche Koalitionsverhandlungen gesetzt hat, haben sich &hellip; <a href=\"https:\/\/www.brennecke.org\/?p=3674\">Weiterlesen <span class=\"meta-nav\">&rarr;<\/span><\/a><\/p>\n","protected":false},"author":1,"featured_media":0,"comment_status":"closed","ping_status":"open","sticky":false,"template":"","format":"standard","meta":{"footnotes":""},"categories":[1],"tags":[],"_links":{"self":[{"href":"https:\/\/www.brennecke.org\/index.php?rest_route=\/wp\/v2\/posts\/3674"}],"collection":[{"href":"https:\/\/www.brennecke.org\/index.php?rest_route=\/wp\/v2\/posts"}],"about":[{"href":"https:\/\/www.brennecke.org\/index.php?rest_route=\/wp\/v2\/types\/post"}],"author":[{"embeddable":true,"href":"https:\/\/www.brennecke.org\/index.php?rest_route=\/wp\/v2\/users\/1"}],"replies":[{"embeddable":true,"href":"https:\/\/www.brennecke.org\/index.php?rest_route=%2Fwp%2Fv2%2Fcomments&post=3674"}],"version-history":[{"count":1,"href":"https:\/\/www.brennecke.org\/index.php?rest_route=\/wp\/v2\/posts\/3674\/revisions"}],"predecessor-version":[{"id":3675,"href":"https:\/\/www.brennecke.org\/index.php?rest_route=\/wp\/v2\/posts\/3674\/revisions\/3675"}],"wp:attachment":[{"href":"https:\/\/www.brennecke.org\/index.php?rest_route=%2Fwp%2Fv2%2Fmedia&parent=3674"}],"wp:term":[{"taxonomy":"category","embeddable":true,"href":"https:\/\/www.brennecke.org\/index.php?rest_route=%2Fwp%2Fv2%2Fcategories&post=3674"},{"taxonomy":"post_tag","embeddable":true,"href":"https:\/\/www.brennecke.org\/index.php?rest_route=%2Fwp%2Fv2%2Ftags&post=3674"}],"curies":[{"name":"wp","href":"https:\/\/api.w.org\/{rel}","templated":true}]}}