{"id":3686,"date":"2017-11-18T10:04:47","date_gmt":"2017-11-18T09:04:47","guid":{"rendered":"http:\/\/www.brennecke.org\/?p=3686"},"modified":"2018-05-14T09:05:18","modified_gmt":"2018-05-14T08:05:18","slug":"minderheitsregierung-neuwahlen","status":"publish","type":"post","link":"https:\/\/www.brennecke.org\/?p=3686","title":{"rendered":"Minderheitsregierung! Neuwahlen!"},"content":{"rendered":"<p>Werte Leserinnen und Leser,<\/p>\n<p>nachdem nun seit Wochen hin und her sondiert wird, mehren sich aus konservativer Ecke die Kommentatoren, die den frisch gew\u00e4hlten Bundestag gleich wieder neu w\u00e4hlen lassen wollen. Zun\u00e4chst einmal zur Erinnerung das Wahlergebnis (Quelle: <a href=\"https:\/\/de.wikipedia.org\/wiki\/Bundestagswahl_2017\">wikipedia<\/a>):<\/p>\n<p><a href=\"http:\/\/www.brennecke.org\/?attachment_id=3687\" rel=\"attachment wp-att-3687\"><img loading=\"lazy\" decoding=\"async\" class=\"alignnone size-full wp-image-3687\" src=\"http:\/\/www.brennecke.org\/wp-content\/uploads\/2017\/11\/Bildschirmfoto-2017-11-18-um-09.08.06.png\" alt=\"\" width=\"352\" height=\"210\" srcset=\"https:\/\/www.brennecke.org\/wp-content\/uploads\/2017\/11\/Bildschirmfoto-2017-11-18-um-09.08.06.png 352w, https:\/\/www.brennecke.org\/wp-content\/uploads\/2017\/11\/Bildschirmfoto-2017-11-18-um-09.08.06-300x179.png 300w\" sizes=\"(max-width: 352px) 100vw, 352px\" \/><\/a><\/p>\n<p>Die zuvor regierende Gro\u00dfe Koalition hat bei dieser Wahl 13,8% Stimmen verloren, und die dreieinhalb verhandelnden Parteien vereinen nur 52,5% der abgegebenen Stimmen auf sich (das sind \u00fcbrigens nur 39,4% der Gesamtw\u00e4hlerschaft). Keine so ganz optimale Ausgangsbasis f\u00fcr das, was sich die Neuwahl-F\u00fcrsprecher von einer solchen Wahl versprechen, n\u00e4mlich eine schwarzgelbe Mehrheit. F\u00fcr Schwarzgr\u00fcn sieht es noch schlechter aus.<\/p>\n<p>Solange das Thema &#8222;Fl\u00fcchtlingspolitik&#8220; die Schlagzeilen beherrscht, wird sich an dieser Lage nichts \u00e4ndern. Dabei ist gerade dieses Thema tats\u00e4chlich eines der weniger wichtigen: Selbst mit dem Minimalkonsens &#8222;CSU-Obergrenze&#8220; w\u00fcrde derzeit nicht ein einziger Fl\u00fcchtling zur\u00fcckgewiesen, ganz abgesehen von Asylsuchenden, die der CDU-CSU-&#8222;Kompromiss&#8220; sowieso nicht umfasst. Weil das Thema aber von interessierter Seite am Kochen gehalten wird, w\u00fcrde die AfD bei Neuwahlen so stark bleiben, wie sie jetzt ist.<\/p>\n<p>&#8222;Dann wenigstens Minderheitsregierung!&#8220; In Deutschland? Gef\u00fchrt von der konservativen CDU? Im Ernst jetzt? So etwas mag in den Bundesl\u00e4ndern f\u00fcr eine Weile funktionieren. Ganz abgesehen davon, dass dabei eine recht unberechenbare Politik herausk\u00e4me: Im Bund bliebe nicht aus, dass wiederholt auch die AFD zustimmen k\u00f6nnte. Nun gibt es ja durchaus Fragen, in denen auch die AfD vern\u00fcnftige Antworten geben kann &#8211; man denke an einfache Rechenaufgaben oder die Frage nach dem Wetter von gestern.<\/p>\n<p>Es wird aber eine unappetitliche Vorstellung, wenn man bedenkt, wer da in der AfD-Fraktion so alles zusammenkommt, angefangen vom &#8222;kleinen H\u00f6cke&#8220; (Rechtsau\u00dfen-Richter Jens Maier), der evangelikalen und homophoben Beatrix von Storch und Martin Hohmann, der 2005 aus der CDU ausgeschlossen wurde, weil er nicht von der Behauptung lassen wollte, die Juden seien ein T\u00e4tervolk. Von Alexander Gaulands Jagd auf Merkel wollen wir erst gar nicht reden.<\/p>\n<p>Warum aber das ganze Theater? Warum einigen die sich nicht einfach auf ihrem Balkon? Weil die Gr\u00fcnen Ernst machen wollen mit der Rettung des Planeten? Weil die CSU noch nicht kapiert hat, dass die Zeiten absoluter Mehrheiten bereits seit 2005 beendet sind und die Bayernwahl 2013 eine Ausnahme war und nicht mehr zu wiederholen ist? Weil eine FDP immer noch auf Westerwelles Fehler schielt und sich deshalb genauso falsch aufstellt wie 2009?<\/p>\n<p>Wie aber k\u00f6nnte ein Kompromss tats\u00e4chlich aussehen? Ein Mediator h\u00e4tte es wahrscheinlich gar nicht so schwer, wenn man ihn den lie\u00dfe:<\/p>\n<ul>\n<li>Fl\u00fcchtlinge: Wie bereits gesagt, ist das ein Scheinriese: selbst bei der Akzeptanz der nicht so genannten &#8222;Obergrenze&#8220; w\u00fcrde sich derzeit nichts \u00e4ndern. Und da der Kompromiss zwischen CDU und CSU bereits vorsieht, dass man sich bei neuerlichen Extremsituationen sowieso neu verst\u00e4ndigen muss, k\u00f6nnten FDP und Gr\u00fcne ihre Positionen leicht r\u00e4umen. Den Familiennachzug kann man ebenfalls limitieren &#8211; wenn die Gr\u00fcnen mit ihrer Sch\u00e4tzung von j\u00e4hrlich 75.000 recht behalten, liegt diese Zahl ja deutlich unter dem, was die CSU bereits anbietet. Und die von der CSU gesch\u00e4tzten 750.000? Nun, die Gr\u00fcnen halten das f\u00fcr eine falsche Zahl. Dann k\u00f6nnen sie bedenkenlos einem Kompromiss zustimmen.<\/li>\n<li>Klimawandel: Hier haben die Gr\u00fcnen schon wesentliche Punkte abger\u00e4umt &#8211; wohl wissend, dass ihr Ausstiegsdatum f\u00fcr Kohle und Verbrennungsmotor 2030 sowieso in 2021 noch nicht erreicht ist und zumindest die Automobilindustrie ohnehin vom Weltmarkt abh\u00e4ngt &#8211; und der tickt in Richtung Ende von Diesel und Benzin. Die Braunkohle? Arbeitspl\u00e4tze? Ein schlechtes Argument von CDU und FDP, denn wir leben nicht mehr in den 60ern &#8211; heute sind gerade noch 30.000 Menschen in diesen Bereichen besch\u00e4ftigt. Und die sollte man beim Umstieg auf erneuerbare Energien (bereits &gt; 500.000 Jobs) nicht besch\u00e4ftigen k\u00f6nnen? Merkel hat &#8211; im Gegensatz zu den Verhandlungsf\u00fchrern ihrer Partei &#8211; bereits eine Abschaltung von 7,5 Gigawatt aus Kohleverstromung in Aussicht gestellt. Die Gr\u00fcnen fordern 10, die CDU bot bisher knapp 5 an &#8211; klingt nach einem klassischen Kompromiss. Dass damit der Planet nicht gerettet wird, steht auf einem ganz anderen Blatt. Dieses Ziel haben aber nicht einmal die Gr\u00fcnen im Wahlkampf versprochen.<\/li>\n<li>Innenpolitik: Spart die Vorratsdatenspeicherung und Video\u00fcberwachung aus einem Koalitionsvertrag aus! Das entscheiden sowieso inzwischen die Gerichte. Wahrscheinlich wird die jetzige Version wird genauso gekippt wie der Vorg\u00e4nger &#8211; und jede Versch\u00e4rfung, wie die CSU sie fordert, macht das wahrscheinlicher. \u00dcber die Aufstockung der Polizeien ist man sich bereits einig geworden. Damit die CSU auch etwas davon hat, w\u00fcrde aus einer Mediation wahrscheinlich Joachim Herrmann als neuer Bundesinnenminister hervorgehen.<\/li>\n<li>Soli und Wirtschaft: Lasst das ungeliebte Ding ab 2019 auslaufen und plant statt dessen eine umfangreiche Steuerreform, die sich des Mittelstandsbauchs ebenso annimmt wie des Spitzensteuersatzes. Allerdings sollte so langsam auch bis in konservative Kreise vorgedrungen sein, dass die Arm-Reich-Schere tats\u00e4chlich ein ernstes Problem geworden ist. Steigende Mieten und Lebenshaltungskosten auf der einen Seite und ein Heer an Besch\u00e4ftigten in prek\u00e4ren Arbeistverh\u00e4ltnissen auf der anderen Seite, das ist ein sozialer Sprengsatz, der auch die AfD nach vorn gebracht hat. Die hat zwar ein neoliberales Programm f\u00fcr Reiche, hat das aber wunderbar getarnt und definiert sich derzeit als national-soziale Partei f\u00fcr deutsche Arbeiter. Da fehlt nicht mehr viel.<\/li>\n<\/ul>\n<p>Solange aber Kompromissunf\u00e4higkeit vorherrscht (Dobrindt: Wozu Kompromisse? Unser eigenes Programm ist bereits der beste Konpromis), wird es wohl nichts mit einem Regierungsb\u00fcndnis aus CDU\/CSU, FDP und Gr\u00fcnen. Was fehlt: ein Leitwolf mit einem klaren Bild. Merkel nutzte 12 Jahre lang daf\u00fcr Umfragen und positionierte sich erst, nachdem klar war, was die Mehrheit wollte. So geht es diesmal nicht, und ein &#8222;Ich will Kanzler sein!&#8220; wird nicht reichen, um es zu werden.<\/p>\n<p>Eines sollte aber klar sein: Falls es wirklich zu Neuwahlen kommt, wird der n\u00e4chste Kanzler nicht mehr Merkel hei\u00dfen. Und was die CSU betrifft, so k\u00f6nnte sie im n\u00e4chsten Jahr in Bayern in Bezug auf FDP und Gr\u00fcne dieselbe Situation wiederfinden wie jetzt im Bund.<\/p>\n<p>Es gr\u00fc\u00dft herzlich<\/p>\n<p>Ihr JL7<\/p>\n<p>&nbsp;<\/p>\n<p>&nbsp;<\/p>\n<div class=\"twoclick_social_bookmarks_post_3686 social_share_privacy clearfix 1.6.4 locale-de_DE sprite-de_DE\"><\/div><div class=\"twoclick-js\"><script type=\"text\/javascript\">\/* <![CDATA[ *\/\njQuery(document).ready(function($){if($('.twoclick_social_bookmarks_post_3686')){$('.twoclick_social_bookmarks_post_3686').socialSharePrivacy({\"services\":{\"facebook\":{\"status\":\"on\",\"txt_info\":\"2 Klicks f\\u00fcr mehr Datenschutz: Erst wenn Sie hier klicken, wird der Button aktiv und Sie k\\u00f6nnen Ihre Empfehlung an Facebook senden. Schon beim Aktivieren werden Daten an Dritte \\u00fcbertragen - siehe <em>i<\\\/em>.\",\"perma_option\":\"off\",\"action\":\"recommend\",\"language\":\"de_DE\"},\"twitter\":{\"reply_to\":\"\",\"tweet_text\":\"Minderheitsregierung%21%20Neuwahlen%21%20%C2%BB%2053%20Cent\",\"status\":\"on\",\"txt_info\":\"2 Klicks f\\u00fcr mehr Datenschutz: Erst wenn Sie hier klicken, wird der Button aktiv und Sie k\\u00f6nnen Ihre Empfehlung an Twitter senden. Schon beim Aktivieren werden Daten an Dritte \\u00fcbertragen - siehe <em>i<\\\/em>.\",\"perma_option\":\"off\",\"language\":\"de\",\"referrer_track\":\"\"},\"gplus\":{\"status\":\"on\",\"txt_info\":\"2 Klicks f\\u00fcr mehr Datenschutz: Erst wenn Sie hier klicken, wird der Button aktiv und Sie k\\u00f6nnen Ihre Empfehlung an Google+ senden. Schon beim Aktivieren werden Daten an Dritte \\u00fcbertragen - siehe <em>i<\\\/em>.\",\"perma_option\":\"off\",\"referrer_track\":\"\"},\"flattr\":{\"uid\":\"\",\"status\":\"on\",\"the_title\":\"Minderheitsregierung%21%20Neuwahlen%21\",\"the_excerpt\":\"Werte%20Leserinnen%20und%20Leser%2C%0D%0A%0D%0Anachdem%20nun%20seit%20Wochen%20hin%20und%20her%20sondiert%20wird%2C%20mehren%20sich%20aus%20konservativer%20Ecke%20die%20Kommentatoren%2C%20die%20den%20frisch%20gew%C3%A4hlten%20Bundestag%20gleich%20wieder%20neu%20w%C3%A4hlen%20lassen%20wollen.%20Zun%C3%A4chst%20einmal%20zur%20Erinnerung%20das%20Wahlergebnis%20%28Quelle%3A%20wikipedia%29%3A%0D%0A%0D%0A%0D%0A%0D%0ADie%20zuvor%20regierende%20Gro%C3%9Fe%20Koalition%20hat%20bei%20dieser%20Wahl%2013%2C8%25%20Stimmen%20verloren%2C%20und%20die%20dreieinhalb%20verhande%20...\",\"txt_info\":\"2 Klicks f\\u00fcr mehr Datenschutz: Erst wenn Sie hier klicken, wird der Button aktiv und Sie k\\u00f6nnen Ihre Empfehlung an Flattr senden. Schon beim Aktivieren werden Daten an Dritte \\u00fcbertragen - siehe <em>i<\\\/em>.\",\"perma_option\":\"off\"}},\"txt_help\":\"Wenn Sie diese Felder durch einen Klick aktivieren, werden Informationen an Facebook, Twitter, Flattr, Xing, t3n, LinkedIn, Pinterest oder Google eventuell ins Ausland \\u00fcbertragen und unter Umst\\u00e4nden auch dort gespeichert. N\\u00e4heres erfahren Sie durch einen Klick auf das <em>i<\\\/em>.\",\"settings_perma\":\"Dauerhaft aktivieren und Daten\\u00fcber-tragung zustimmen:\",\"info_link\":\"http:\\\/\\\/www.heise.de\\\/ct\\\/artikel\\\/2-Klicks-fuer-mehr-Datenschutz-1333879.html\",\"uri\":\"https:\\\/\\\/www.brennecke.org\\\/?p=3686\",\"post_id\":3686,\"post_title_referrer_track\":\"Minderheitsregierung%21+Neuwahlen%21\",\"display_infobox\":\"on\"});}});\n\/* ]]> *\/<\/script><\/div>","protected":false},"excerpt":{"rendered":"<p>Werte Leserinnen und Leser, nachdem nun seit Wochen hin und her sondiert wird, mehren sich aus konservativer Ecke die Kommentatoren, die den frisch gew\u00e4hlten Bundestag gleich wieder neu w\u00e4hlen lassen wollen. Zun\u00e4chst einmal zur Erinnerung das Wahlergebnis (Quelle: wikipedia): Die &hellip; <a href=\"https:\/\/www.brennecke.org\/?p=3686\">Weiterlesen <span class=\"meta-nav\">&rarr;<\/span><\/a><\/p>\n","protected":false},"author":1,"featured_media":0,"comment_status":"closed","ping_status":"open","sticky":false,"template":"","format":"standard","meta":{"footnotes":""},"categories":[1,3],"tags":[],"_links":{"self":[{"href":"https:\/\/www.brennecke.org\/index.php?rest_route=\/wp\/v2\/posts\/3686"}],"collection":[{"href":"https:\/\/www.brennecke.org\/index.php?rest_route=\/wp\/v2\/posts"}],"about":[{"href":"https:\/\/www.brennecke.org\/index.php?rest_route=\/wp\/v2\/types\/post"}],"author":[{"embeddable":true,"href":"https:\/\/www.brennecke.org\/index.php?rest_route=\/wp\/v2\/users\/1"}],"replies":[{"embeddable":true,"href":"https:\/\/www.brennecke.org\/index.php?rest_route=%2Fwp%2Fv2%2Fcomments&post=3686"}],"version-history":[{"count":1,"href":"https:\/\/www.brennecke.org\/index.php?rest_route=\/wp\/v2\/posts\/3686\/revisions"}],"predecessor-version":[{"id":3688,"href":"https:\/\/www.brennecke.org\/index.php?rest_route=\/wp\/v2\/posts\/3686\/revisions\/3688"}],"wp:attachment":[{"href":"https:\/\/www.brennecke.org\/index.php?rest_route=%2Fwp%2Fv2%2Fmedia&parent=3686"}],"wp:term":[{"taxonomy":"category","embeddable":true,"href":"https:\/\/www.brennecke.org\/index.php?rest_route=%2Fwp%2Fv2%2Fcategories&post=3686"},{"taxonomy":"post_tag","embeddable":true,"href":"https:\/\/www.brennecke.org\/index.php?rest_route=%2Fwp%2Fv2%2Ftags&post=3686"}],"curies":[{"name":"wp","href":"https:\/\/api.w.org\/{rel}","templated":true}]}}