{"id":3823,"date":"2018-06-20T18:09:42","date_gmt":"2018-06-20T17:09:42","guid":{"rendered":"http:\/\/www.brennecke.org\/?p=3823"},"modified":"2018-06-20T18:09:42","modified_gmt":"2018-06-20T17:09:42","slug":"neue-runde-leistungsschutzrecht-fuer-alle","status":"publish","type":"post","link":"https:\/\/www.brennecke.org\/?p=3823","title":{"rendered":"Neue Runde: Leistungsschutzrecht f\u00fcr alle!"},"content":{"rendered":"<p>Werte Leserinnen und Leser,<\/p>\n<p>ich habe gerade einen Brief an Axel Voss geschickt &#8211; er ist der meinungsf\u00fchrer im EU-Parlament f\u00fcr das neue EU-Urheberrecht, das unter anderem Uploadfilter und ein europ\u00e4isches Leistungsschutzrecht f\u00fcr Presseverleger nach Art des gescheiterten deutschen Leistungsschutzrechts vorsieht. Wie es aussieht, wird das EU-Parlament diese beiden Punkte beschlie\u00dfen. Insbesondere die Abgeordneten der CDU\/CSU haben wohl <a href=\"http:\/\/www.spiegel.de\/netzwelt\/netzpolitik\/leistungsschutzrecht-fuer-presseverleger-so-ein-quatschgesetz-a-1212697.html\">massiv Druck gemacht<\/a> bei anderen Abgeordneten, um diese beiden Punkte durchs Parlament zu bringen &#8211; hinter ihnen steht insbesondere der Axel-Springer-Verlag und dessen Chef Matthias D\u00f6pfner. Hier kommt der Brief:<\/p>\n<p>Sehr geehrter Herr Voss,<br \/>\nSie sind Berichterstatter beim Thema Uploadfilter und Leistungsschutzrecht. Ich habe dazu ein paar Fragen, \u00fcber deren Beantwortung ich mich sehr freuen w\u00fcrde:<\/p>\n<ol>\n<li>Wie wird sichergestellt, dass Uploadfilter tats\u00e4chlich nur urheberrechtlich gesch\u00fctzte Werke beanstanden? Wir leben hier in Deutschland in einer gewissen Filterblase der Freiheit und m\u00f6gen uns vielleicht nicht vorstellen, dass jemand diese Filter missbrauchen k\u00f6nnte. Aber nicht \u00fcberall in Europa wird die Meinungsfreiheit so hoch geachtet. Sie wissen, dass in Polen und Ungarn die Unabh\u00e4ngigkeit der Justiz nicht mehr gew\u00e4hrleistet ist, und in weiteren L\u00e4ndermn regieren inzwischen Parteien, die unter Demokraten als populistisch gelten. Wie also stellt man sicher, dass nicht als n\u00e4chstes politisch nicht gew\u00fcnschte Meinungen ebenfalls den Upload-Filtern zum Opfer fallen?<\/li>\n<li>Ich betreibe einen nichtkommerziellen Blog &#8211; ohne Werbung und ohne Einnahmen. Das von Ihnen vorangetriebene europ\u00e4ische Leistungsschutzrecht stellt auch geringf\u00fcgige Inhalte von Presseverlegern unter Lizenzpflicht &#8211; das k\u00f6nnen auch Links auf Zeitschriftenseiten sein, sofern sie aussagekr\u00e4ftig sind, wie es heute beispielsweise bei Spiegel, ZEIT und FAZ der Fall ist. Man mag diese Gefahr \u00fcbersehen oder kleinreden, aber europ\u00e4ische Juristen sind hier anderer Meinung und sehen diese Gefahr sehr wohl aufziehen &#8211; und sei es in Form von Abmahnungen, die speziell das deutsche Recht vorsieht. K\u00f6nnen Sie mir garantieren, dass ich als nicht-kommerzieller Blogbetreiber von derartigen Lizenzgeb\u00fchren wegen gesetzter Links verschont bleibe? Und w\u00e4re es nicht besser, Links generell von einer Lizenzpflicht auszunehmen &#8211; Informationen im Internet basieren schlie\u00dflich auf der Verlinkbarkeit?<\/li>\n<\/ol>\n<p>Ich freue mich auf Herrn Voss&#8216; Antwort &#8211; obwohl ich sch\u00e4tze, dass er nicht antworten wird. F\u00fcr mich gibt es f\u00fcr das Auftreten der CDU\/CSU-Abgeordneten und insbesondere das Eintreten von Herrn Voss und zuvor von Hern Oettinger nur zwei Erkl\u00e4rungen:<\/p>\n<ol>\n<li>Die verantwortlichen Abgeordneten haben auch im Jahre 2018 noch nicht verstanden, wie das Internet funktioniert. Dann sollten sie die Entscheidung denen \u00fcberlassen, die sich damit auskennen.<\/li>\n<li>Die verantwortlichen Abgeordneten haben nicht das Wohl des Volkes, sondern das Wohl eines speziellen Industriezweiges im Kopf. Dann sollten sie 2019 nicht mehr gew\u00e4hlt werden.<\/li>\n<\/ol>\n<p>Dass sie damit einer im Rechtsruck befindlichen EU und deren populistischen Regierungen T\u00fcr und Tor \u00f6ffnen f\u00fcr Zensur und \u00dcberwachung, sehen sie offenbar nicht (1), oder es schert sie nicht (2). Abgeordnete, die aus Unwisseenheit oder Druck solchen Gesetzen zustimmen, sollten sich sch\u00e4men, sich Volksvertreter zu nennen.<\/p>\n<p>Es gr\u00fc\u00dft herzlich<\/p>\n<p>Ihr JL7<\/p>\n<p>&nbsp;<\/p>\n<div class=\"twoclick_social_bookmarks_post_3823 social_share_privacy clearfix 1.6.4 locale-de_DE sprite-de_DE\"><\/div><div class=\"twoclick-js\"><script type=\"text\/javascript\">\/* <![CDATA[ *\/\njQuery(document).ready(function($){if($('.twoclick_social_bookmarks_post_3823')){$('.twoclick_social_bookmarks_post_3823').socialSharePrivacy({\"services\":{\"facebook\":{\"status\":\"on\",\"txt_info\":\"2 Klicks f\\u00fcr mehr Datenschutz: Erst wenn Sie hier klicken, wird der Button aktiv und Sie k\\u00f6nnen Ihre Empfehlung an Facebook senden. Schon beim Aktivieren werden Daten an Dritte \\u00fcbertragen - siehe <em>i<\\\/em>.\",\"perma_option\":\"off\",\"action\":\"recommend\",\"language\":\"de_DE\"},\"twitter\":{\"reply_to\":\"\",\"tweet_text\":\"%20Neue%20Runde%3A%20Leistungsschutzrecht%20f%C3%BCr%20alle%21%20%C2%BB%2053%20Cent%20%23Leistungsschutzrecht%20...\",\"status\":\"on\",\"txt_info\":\"2 Klicks f\\u00fcr mehr Datenschutz: Erst wenn Sie hier klicken, wird der Button aktiv und Sie k\\u00f6nnen Ihre Empfehlung an Twitter senden. Schon beim Aktivieren werden Daten an Dritte \\u00fcbertragen - siehe <em>i<\\\/em>.\",\"perma_option\":\"off\",\"language\":\"de\",\"referrer_track\":\"\"},\"gplus\":{\"status\":\"on\",\"txt_info\":\"2 Klicks f\\u00fcr mehr Datenschutz: Erst wenn Sie hier klicken, wird der Button aktiv und Sie k\\u00f6nnen Ihre Empfehlung an Google+ senden. Schon beim Aktivieren werden Daten an Dritte \\u00fcbertragen - siehe <em>i<\\\/em>.\",\"perma_option\":\"off\",\"referrer_track\":\"\"},\"flattr\":{\"uid\":\"\",\"status\":\"on\",\"the_title\":\"Neue%20Runde%3A%20Leistungsschutzrecht%20f%C3%BCr%20alle%21\",\"the_excerpt\":\"Werte%20Leserinnen%20und%20Leser%2C%0D%0A%0D%0Aich%20habe%20gerade%20einen%20Brief%20an%20Axel%20Voss%20geschickt%20-%20er%20ist%20der%20meinungsf%C3%BChrer%20im%20EU-Parlament%20f%C3%BCr%20das%20neue%20EU-Urheberrecht%2C%20das%20unter%20anderem%20Uploadfilter%20und%20ein%20europ%C3%A4isches%20Leistungsschutzrecht%20f%C3%BCr%20Presseverleger%20nach%20Art%20des%20gescheiterten%20deutschen%20Leistungsschutzrechts%20vorsieht.%20Wie%20es%20aussieht%2C%20wird%20das%20EU-Parlament%20diese%20beiden%20Punkte%20beschlie%C3%9Fen.%20Insbeso%20...\",\"txt_info\":\"2 Klicks f\\u00fcr mehr Datenschutz: Erst wenn Sie hier klicken, wird der Button aktiv und Sie k\\u00f6nnen Ihre Empfehlung an Flattr senden. Schon beim Aktivieren werden Daten an Dritte \\u00fcbertragen - siehe <em>i<\\\/em>.\",\"perma_option\":\"off\"}},\"txt_help\":\"Wenn Sie diese Felder durch einen Klick aktivieren, werden Informationen an Facebook, Twitter, Flattr, Xing, t3n, LinkedIn, Pinterest oder Google eventuell ins Ausland \\u00fcbertragen und unter Umst\\u00e4nden auch dort gespeichert. N\\u00e4heres erfahren Sie durch einen Klick auf das <em>i<\\\/em>.\",\"settings_perma\":\"Dauerhaft aktivieren und Daten\\u00fcber-tragung zustimmen:\",\"info_link\":\"http:\\\/\\\/www.heise.de\\\/ct\\\/artikel\\\/2-Klicks-fuer-mehr-Datenschutz-1333879.html\",\"uri\":\"https:\\\/\\\/www.brennecke.org\\\/?p=3823\",\"post_id\":3823,\"post_title_referrer_track\":\"Neue+Runde%3A+Leistungsschutzrecht+f%C3%BCr+alle%21\",\"display_infobox\":\"on\"});}});\n\/* ]]> *\/<\/script><\/div>","protected":false},"excerpt":{"rendered":"<p>Werte Leserinnen und Leser, ich habe gerade einen Brief an Axel Voss geschickt &#8211; er ist der meinungsf\u00fchrer im EU-Parlament f\u00fcr das neue EU-Urheberrecht, das unter anderem Uploadfilter und ein europ\u00e4isches Leistungsschutzrecht f\u00fcr Presseverleger nach Art des gescheiterten deutschen Leistungsschutzrechts &hellip; <a href=\"https:\/\/www.brennecke.org\/?p=3823\">Weiterlesen <span class=\"meta-nav\">&rarr;<\/span><\/a><\/p>\n","protected":false},"author":1,"featured_media":0,"comment_status":"closed","ping_status":"open","sticky":false,"template":"","format":"standard","meta":{"footnotes":""},"categories":[1,676,3,447],"tags":[176,579,1073,1072],"_links":{"self":[{"href":"https:\/\/www.brennecke.org\/index.php?rest_route=\/wp\/v2\/posts\/3823"}],"collection":[{"href":"https:\/\/www.brennecke.org\/index.php?rest_route=\/wp\/v2\/posts"}],"about":[{"href":"https:\/\/www.brennecke.org\/index.php?rest_route=\/wp\/v2\/types\/post"}],"author":[{"embeddable":true,"href":"https:\/\/www.brennecke.org\/index.php?rest_route=\/wp\/v2\/users\/1"}],"replies":[{"embeddable":true,"href":"https:\/\/www.brennecke.org\/index.php?rest_route=%2Fwp%2Fv2%2Fcomments&post=3823"}],"version-history":[{"count":1,"href":"https:\/\/www.brennecke.org\/index.php?rest_route=\/wp\/v2\/posts\/3823\/revisions"}],"predecessor-version":[{"id":3824,"href":"https:\/\/www.brennecke.org\/index.php?rest_route=\/wp\/v2\/posts\/3823\/revisions\/3824"}],"wp:attachment":[{"href":"https:\/\/www.brennecke.org\/index.php?rest_route=%2Fwp%2Fv2%2Fmedia&parent=3823"}],"wp:term":[{"taxonomy":"category","embeddable":true,"href":"https:\/\/www.brennecke.org\/index.php?rest_route=%2Fwp%2Fv2%2Fcategories&post=3823"},{"taxonomy":"post_tag","embeddable":true,"href":"https:\/\/www.brennecke.org\/index.php?rest_route=%2Fwp%2Fv2%2Ftags&post=3823"}],"curies":[{"name":"wp","href":"https:\/\/api.w.org\/{rel}","templated":true}]}}