{"id":3831,"date":"2018-07-11T09:12:14","date_gmt":"2018-07-11T08:12:14","guid":{"rendered":"http:\/\/www.brennecke.org\/?p=3831"},"modified":"2018-07-11T09:12:14","modified_gmt":"2018-07-11T08:12:14","slug":"2-fuer-die-nato","status":"publish","type":"post","link":"https:\/\/www.brennecke.org\/?p=3831","title":{"rendered":"2% f\u00fcr die NATO"},"content":{"rendered":"<p>Werte Leserinnen und Leser,<\/p>\n<p>ich habe in den 80er Jahren aus gutem Grund den Kriegsdienst verweigert &#8211; Milit\u00e4r ist f\u00fcr mich etwas, das die Detschen seit 1945 nicht mehr oder zumindest nur eingeschr\u00e4nkt und kontrolliert haben sollten. Lange Zeit war dies auch Konsens in den L\u00e4ndern der westlichen Hemisph\u00e4re. Noch 1990 w\u00e4hrend der 4+2-Gespr\u00e4che zur deutschen Wiedervereinigung zeigte sich, dass Frankreich un Gro\u00dfbritannien sehr wohl ein Wiedererstarken eines souver\u00e4nen Deutschland f\u00fcrchteten. Eine Kontrollma\u00dfnahme war damals die Schaffung der Euro-Zone, in der die Deutschen eingehegt sein sollten.<\/p>\n<p>Auf der anderen Seite stand das Selbstverst\u00e4ndnis der USA als einzig verbliebene Supermacht, weiterhin Kontrolle auszu\u00fcben. Die USA betreiben ein vollst\u00e4ndiges Milit\u00e4r zu Lande, zu Wasser und in der Luft und sahen darin einen Vorteil f\u00fcr sich selbst &#8211; und auch eine Kontrollm\u00f6glichkeit der Verb\u00fcndeten. Man sieht dies beispielsweise an der Situation in den beiden Golfkriegen 1991 und 2003 &#8211; in beiden F\u00e4llen wurde in den USA entschieden, gegen den Irak loszuschlagen und eine Koalition zur Unterst\u00fctzung gesucht. Deutschland beteiligte sich 1991 mit Geld und lehnte 2003 zusammnen mit Frankreich eine Beteiligung ab, weil die Beweislage zu d\u00fcnn war (Fischer \u00fcber die angeblichen Beweise zu Saddams Massenvernichtungswaffen: &#8222;I am not convinced&#8220;). Die USA f\u00fchrten dennoch Krieg und hinterlie\u00dfen eine zerst\u00f6rte Ordnung im Irak, die letztlich auch den IS hervorbrachte und als eine der Ursachen f\u00fcr den andauernden Krieg in Syrien gilt.<\/p>\n<p>Nun aber regiert im Wei\u00dfen Haus ein ehemaliger Baul\u00f6we, der seine Art und Weise, Gesch\u00e4fte zu machen, auf die Politik \u00fcbertragen hat. Das bisherige Selbstverst\u00e4ndnis der USA &#8211; Macht und Kontrolle &#8211; wurde abgel\u00f6st durch eine rein gesch\u00e4ftliche Sicht: Wenn wir sie verteidigen sollen, sollen sie auch angemessen daf\u00fcr zahlen. Das kann man so sehen &#8211; nur hatten wir in Europa nie im Sinn, das Milit\u00e4r der USA als S\u00f6ldnerarmee zu betrachten, zu der es Trump offenbar machen m\u00f6chte.<\/p>\n<p>Die USA sind demnach inzwischen ein mehr als unsicherer Kantonist. Trump kann gut mit Autokraten, aber die fr\u00fcheren Verb\u00fcndeten \u00fcberzieht er mit einem Handelskrieg. Und nun fordert er, dass sich alle NATO-Parrtner m\u00f6glichst rasch an das 2014 gemeinsam festgelegte Ziel halten, bis 2024 2% ihres Bruttosozialprodukts f\u00fcr das Milit\u00e4r auszugeben.<\/p>\n<p>Trotz meiner Ablehnung des Milit\u00e4rs im generellen bin ich der Meinung, dass wir hier tats\u00e4chlich Nachholbedarf haben und aktiv werden m\u00fcssen. Nicht, weil Trump mit seiner mafi\u00f6sen Betrachtungsweise Recht haben k\u00f6nnte, nein: weil wir tats\u00e4chlich unsere Verteidigungsf\u00e4higkeit nicht mehr von den USA abh\u00e4ngig machen d\u00fcrfen. Trump hat bereits angek\u00fcndigt, die 35.000 noch verbliebenden US-Soldaten in Deutschland abziehen zu wollen, wenn sich deren Aufenthalt hier nicht mehr rechnet. In eben diese Bresche m\u00fcssen wir selbst springen und zusammen mit den anderen europ\u00e4ischen Staaten endlich unabh\u00e4ngig werden von Trumps S\u00f6ldnerheer.<\/p>\n<p>Es mag sein, dass der n\u00e4chste Pr\u00e4sident die transatlantischen Beziehungen zu den Verb\u00fcndeten wiederaufleben l\u00e4sst und die Rolle der USA nicht mehr als eine Aneinanderreihung erfolgreicher Deals betrachtet. Sicher ist das aber nicht &#8211; ebensowenig, wie die Abwahl Trumps im November 2020. Wenn dieser positive Fall eintritt, k\u00f6nnen wir mit einer gest\u00e4rkten europ\u00e4ischen (oder aus mehreren nationalen Einheiten bestehenden) Armee mit den USA kooperieren &#8211; aber wir w\u00e4ren auch unabh\u00e4ngig von den USA handlungsf\u00e4hig.<\/p>\n<p>Daher, liebe NATO-Partner: gebt Trump die Antwort, die er verdient: &#8222;<a href=\"https:\/\/de.wikipedia.org\/wiki\/Macht%E2%80%99s_gut,_und_danke_f%C3%BCr_den_Fisch\">Machs gut, und danke f\u00fcr den Fisch<\/a>&#8222;. Und dann werdet endlich erwachsen und selbst\u00e4ndig und nehmt die 2% in Angriff &#8211; wenn m\u00f6glich, weitaus fr\u00fcher als 2024.<\/p>\n<p>Es gr\u00fc\u00dft herzlich<\/p>\n<p>Ihr JL7<\/p>\n<p>&nbsp;<\/p>\n<div class=\"twoclick_social_bookmarks_post_3831 social_share_privacy clearfix 1.6.4 locale-de_DE sprite-de_DE\"><\/div><div class=\"twoclick-js\"><script type=\"text\/javascript\">\/* <![CDATA[ *\/\njQuery(document).ready(function($){if($('.twoclick_social_bookmarks_post_3831')){$('.twoclick_social_bookmarks_post_3831').socialSharePrivacy({\"services\":{\"facebook\":{\"status\":\"on\",\"txt_info\":\"2 Klicks f\\u00fcr mehr Datenschutz: Erst wenn Sie hier klicken, wird der Button aktiv und Sie k\\u00f6nnen Ihre Empfehlung an Facebook senden. Schon beim Aktivieren werden Daten an Dritte \\u00fcbertragen - siehe <em>i<\\\/em>.\",\"perma_option\":\"off\",\"action\":\"recommend\",\"language\":\"de_DE\"},\"twitter\":{\"reply_to\":\"\",\"tweet_text\":\"%202%25%20f%C3%BCr%20die%20NATO%20%C2%BB%2053%20Cent%20%232%25%20%23Mafia%20%23NATO%20%23Trump%20...\",\"status\":\"on\",\"txt_info\":\"2 Klicks f\\u00fcr mehr Datenschutz: Erst wenn Sie hier klicken, wird der Button aktiv und Sie k\\u00f6nnen Ihre Empfehlung an Twitter senden. Schon beim Aktivieren werden Daten an Dritte \\u00fcbertragen - siehe <em>i<\\\/em>.\",\"perma_option\":\"off\",\"language\":\"de\",\"referrer_track\":\"\"},\"gplus\":{\"status\":\"on\",\"txt_info\":\"2 Klicks f\\u00fcr mehr Datenschutz: Erst wenn Sie hier klicken, wird der Button aktiv und Sie k\\u00f6nnen Ihre Empfehlung an Google+ senden. Schon beim Aktivieren werden Daten an Dritte \\u00fcbertragen - siehe <em>i<\\\/em>.\",\"perma_option\":\"off\",\"referrer_track\":\"\"},\"flattr\":{\"uid\":\"\",\"status\":\"on\",\"the_title\":\"2%25%20f%C3%BCr%20die%20NATO\",\"the_excerpt\":\"Werte%20Leserinnen%20und%20Leser%2C%0D%0A%0D%0Aich%20habe%20in%20den%2080er%20Jahren%20aus%20gutem%20Grund%20den%20Kriegsdienst%20verweigert%20-%20Milit%C3%A4r%20ist%20f%C3%BCr%20mich%20etwas%2C%20das%20die%20Detschen%20seit%201945%20nicht%20mehr%20oder%20zumindest%20nur%20eingeschr%C3%A4nkt%20und%20kontrolliert%20haben%20sollten.%20Lange%20Zeit%20war%20dies%20auch%20Konsens%20in%20den%20L%C3%A4ndern%20der%20westlichen%20Hemisph%C3%A4re.%20Noch%201990%20w%C3%A4hrend%20der%204%2B2-Gespr%C3%A4che%20zur%20deutschen%20Wiedervereinigung%20zeigte%20sich%2C%20dass%20...\",\"txt_info\":\"2 Klicks f\\u00fcr mehr Datenschutz: Erst wenn Sie hier klicken, wird der Button aktiv und Sie k\\u00f6nnen Ihre Empfehlung an Flattr senden. Schon beim Aktivieren werden Daten an Dritte \\u00fcbertragen - siehe <em>i<\\\/em>.\",\"perma_option\":\"off\"}},\"txt_help\":\"Wenn Sie diese Felder durch einen Klick aktivieren, werden Informationen an Facebook, Twitter, Flattr, Xing, t3n, LinkedIn, Pinterest oder Google eventuell ins Ausland \\u00fcbertragen und unter Umst\\u00e4nden auch dort gespeichert. N\\u00e4heres erfahren Sie durch einen Klick auf das <em>i<\\\/em>.\",\"settings_perma\":\"Dauerhaft aktivieren und Daten\\u00fcber-tragung zustimmen:\",\"info_link\":\"http:\\\/\\\/www.heise.de\\\/ct\\\/artikel\\\/2-Klicks-fuer-mehr-Datenschutz-1333879.html\",\"uri\":\"https:\\\/\\\/www.brennecke.org\\\/?p=3831\",\"post_id\":3831,\"post_title_referrer_track\":\"2%25+f%C3%BCr+die+NATO\",\"display_infobox\":\"on\"});}});\n\/* ]]> *\/<\/script><\/div>","protected":false},"excerpt":{"rendered":"<p>Werte Leserinnen und Leser, ich habe in den 80er Jahren aus gutem Grund den Kriegsdienst verweigert &#8211; Milit\u00e4r ist f\u00fcr mich etwas, das die Detschen seit 1945 nicht mehr oder zumindest nur eingeschr\u00e4nkt und kontrolliert haben sollten. Lange Zeit war &hellip; <a href=\"https:\/\/www.brennecke.org\/?p=3831\">Weiterlesen <span class=\"meta-nav\">&rarr;<\/span><\/a><\/p>\n","protected":false},"author":1,"featured_media":0,"comment_status":"closed","ping_status":"open","sticky":false,"template":"","format":"standard","meta":{"footnotes":""},"categories":[1],"tags":[1078,1071,690,956,1077],"_links":{"self":[{"href":"https:\/\/www.brennecke.org\/index.php?rest_route=\/wp\/v2\/posts\/3831"}],"collection":[{"href":"https:\/\/www.brennecke.org\/index.php?rest_route=\/wp\/v2\/posts"}],"about":[{"href":"https:\/\/www.brennecke.org\/index.php?rest_route=\/wp\/v2\/types\/post"}],"author":[{"embeddable":true,"href":"https:\/\/www.brennecke.org\/index.php?rest_route=\/wp\/v2\/users\/1"}],"replies":[{"embeddable":true,"href":"https:\/\/www.brennecke.org\/index.php?rest_route=%2Fwp%2Fv2%2Fcomments&post=3831"}],"version-history":[{"count":1,"href":"https:\/\/www.brennecke.org\/index.php?rest_route=\/wp\/v2\/posts\/3831\/revisions"}],"predecessor-version":[{"id":3832,"href":"https:\/\/www.brennecke.org\/index.php?rest_route=\/wp\/v2\/posts\/3831\/revisions\/3832"}],"wp:attachment":[{"href":"https:\/\/www.brennecke.org\/index.php?rest_route=%2Fwp%2Fv2%2Fmedia&parent=3831"}],"wp:term":[{"taxonomy":"category","embeddable":true,"href":"https:\/\/www.brennecke.org\/index.php?rest_route=%2Fwp%2Fv2%2Fcategories&post=3831"},{"taxonomy":"post_tag","embeddable":true,"href":"https:\/\/www.brennecke.org\/index.php?rest_route=%2Fwp%2Fv2%2Ftags&post=3831"}],"curies":[{"name":"wp","href":"https:\/\/api.w.org\/{rel}","templated":true}]}}