{"id":3846,"date":"2020-06-22T16:52:10","date_gmt":"2020-06-22T15:52:10","guid":{"rendered":"http:\/\/www.brennecke.org\/?p=3846"},"modified":"2020-06-22T16:52:10","modified_gmt":"2020-06-22T15:52:10","slug":"ein-paar-worte-zum-wieder-da","status":"publish","type":"post","link":"https:\/\/www.brennecke.org\/?p=3846","title":{"rendered":"Ein paar Worte zum &#8222;Wieder da!&#8220;"},"content":{"rendered":"<p>Werte Leserinnen und Leser,<\/p>\n<p>die Wahl Trumps und der Brexit &#8211; beides Ereignisse, gegen die ich gewettet h\u00e4tte &#8211; haben mich eine Weile lang meiner Stimme beraubt. Man kann nicht satirisch-ironisch schreiben, wenn die Wirklichkeit \u00fcberhaupt gar nicht mehr zum Lachen ist. Aber es kommt die Zeit, sich mit der Realit\u00e4t zu arrangieren.<\/p>\n<p>Inzwischen ist der Brexit &#8222;done&#8220;, es geht nur noch um Vertr\u00e4ge, die keine Seite wirklich will. Und Trump steht zur Wiederwahl, aber offenbar sind seine Chancen diesmal nicht mehr so gut wie 2016. Daass ausgerechnet jene, denen die Bibel und die zehn Gebote heilig sind, nach wie vor einem L\u00fcgner und Betr\u00fcger hinterherlaufen, scheint eher eine Best\u00e4tigung, dass das Christentum es nie wirklich ernst meinte mit dem eigenen Anspruch, ein gottgef\u00e4lliges Leben zu f\u00fchren. Und da brauchen wir jetzt nicht \u00fcber sexualisierte Gewalt gegen Kinder zu sprechen, die bei Pastoren, Pfarrern und Bisch\u00f6fen zu h\u00e4ufig anzutreffen war, um sie noch als &#8222;Einzelfall&#8220; darzustellen.<\/p>\n<p>&#8222;Einzelfall&#8220; &#8211; das ist so ein Wort, \u00fcber das noch zu schreiben w\u00e4re. Einzelf\u00e4lle sind immer jene Situationen, die nicht vorkommen sollen, aber es dann doch tun. Rechtsextreme Polizisten sind beispielsweise Einzef\u00e4lle, Rassismus bei der Polizei sowieso und ungerechtfertigte Polizeigewalt gegen B\u00fcrger schon per definitionem. Keine Einzelf\u00e4lle hingegen sind immer jene, die nicht ins eigene Weltbild passen, denen man aber schon immer mal eins auswischen wollte. Wobei ich hier nicht die Polizei meine, sondern ganz allgemein argumentiere. Das, was heuer in Stuttgart passiert ist, ist beispielsweise im Blicke dieser Leute kein &#8222;Einzelfall&#8220;, sondern ein Beispiel f\u00fcr die verrohte, unerzogene Jugend, die nur Nintendo spielt und saufen kann und Drogen nimmt. In dieser und anderer Form zu lesen in den Foren der FAZ und inzwischen auch in der Zeit &#8211; der moralische Konservativismus der 60er ist wieder auf dem Vormarsch!<\/p>\n<p>Zum Einzelfall geh\u00f6rt als Gegenst\u00fcck der &#8222;Generalverdacht&#8220;. Wenn man selbst als Gruppe einer <a href=\"https:\/\/www.duden.de\/rechtschreibung\/latent\">latenten<\/a> unangenehmen Eigenschaft bezichtigt wird, ruft man &#8222;Generalverdacht geht gar nicht!&#8220;. M\u00f6chte man hingegen andere unter Generalverdacht stellen, ruft man beispielsweise nach der Vorratsdatenspeicherung. Oder man ruft, wie der deutsche Landdkreistag, nach einer Corona-App mit zentraler Speicherung aller pers\u00f6nlichen Daten samt der GPS-genauen Bewegungsdaten (die zum Gl\u00fcck in dieser Form nicht umgesetzt wurde). Oder man ruft &#8222;Corona-Leugner!&#8220;, sobald jemand eine der aktuellen Ma\u00dfnahmen infrage stellt. Dabei ist dieses Feld durch echte Idioten bereits gut besetzt &#8211; und das sind nun leider auch keine Einzelf\u00e4lle mehr.<\/p>\n<p>Soviel zum Wiedereinstieg. Es gr\u00fc\u00dft herzlich<\/p>\n<p>JL7<\/p>\n<p>&nbsp;<\/p>\n<p>&nbsp;<\/p>\n<div class=\"twoclick_social_bookmarks_post_3846 social_share_privacy clearfix 1.6.4 locale-de_DE sprite-de_DE\"><\/div><div class=\"twoclick-js\"><script type=\"text\/javascript\">\/* <![CDATA[ *\/\njQuery(document).ready(function($){if($('.twoclick_social_bookmarks_post_3846')){$('.twoclick_social_bookmarks_post_3846').socialSharePrivacy({\"services\":{\"facebook\":{\"status\":\"on\",\"txt_info\":\"2 Klicks f\\u00fcr mehr Datenschutz: Erst wenn Sie hier klicken, wird der Button aktiv und Sie k\\u00f6nnen Ihre Empfehlung an Facebook senden. Schon beim Aktivieren werden Daten an Dritte \\u00fcbertragen - siehe <em>i<\\\/em>.\",\"perma_option\":\"off\",\"action\":\"recommend\",\"language\":\"de_DE\"},\"twitter\":{\"reply_to\":\"\",\"tweet_text\":\"%20Ein%20paar%20Worte%20zum%20%E2%80%9EWieder%20da%21%E2%80%9C%20%C2%BB%2053%20Cent%20%23Brexit%20%23Einzelfall%20...\",\"status\":\"on\",\"txt_info\":\"2 Klicks f\\u00fcr mehr Datenschutz: Erst wenn Sie hier klicken, wird der Button aktiv und Sie k\\u00f6nnen Ihre Empfehlung an Twitter senden. Schon beim Aktivieren werden Daten an Dritte \\u00fcbertragen - siehe <em>i<\\\/em>.\",\"perma_option\":\"off\",\"language\":\"de\",\"referrer_track\":\"\"},\"gplus\":{\"status\":\"on\",\"txt_info\":\"2 Klicks f\\u00fcr mehr Datenschutz: Erst wenn Sie hier klicken, wird der Button aktiv und Sie k\\u00f6nnen Ihre Empfehlung an Google+ senden. Schon beim Aktivieren werden Daten an Dritte \\u00fcbertragen - siehe <em>i<\\\/em>.\",\"perma_option\":\"off\",\"referrer_track\":\"\"},\"flattr\":{\"uid\":\"\",\"status\":\"on\",\"the_title\":\"Ein%20paar%20Worte%20zum%20%26%238222%3BWieder%20da%21%26%238220%3B\",\"the_excerpt\":\"Werte%20Leserinnen%20und%20Leser%2C%0D%0A%0D%0Adie%20Wahl%20Trumps%20und%20der%20Brexit%20-%20beides%20Ereignisse%2C%20gegen%20die%20ich%20gewettet%20h%C3%A4tte%20-%20haben%20mich%20eine%20Weile%20lang%20meiner%20Stimme%20beraubt.%20Man%20kann%20nicht%20satirisch-ironisch%20schreiben%2C%20wenn%20die%20Wirklichkeit%20%C3%BCberhaupt%20gar%20nicht%20mehr%20zum%20Lachen%20ist.%20Aber%20es%20kommt%20die%20Zeit%2C%20sich%20mit%20der%20Realit%C3%A4t%20zu%20arrangieren.%0D%0A%0D%0AInzwischen%20ist%20der%20Brexit%20%22done%22%2C%20es%20geht%20nur%20noch%20um%20Vertr%20...\",\"txt_info\":\"2 Klicks f\\u00fcr mehr Datenschutz: Erst wenn Sie hier klicken, wird der Button aktiv und Sie k\\u00f6nnen Ihre Empfehlung an Flattr senden. Schon beim Aktivieren werden Daten an Dritte \\u00fcbertragen - siehe <em>i<\\\/em>.\",\"perma_option\":\"off\"}},\"txt_help\":\"Wenn Sie diese Felder durch einen Klick aktivieren, werden Informationen an Facebook, Twitter, Flattr, Xing, t3n, LinkedIn, Pinterest oder Google eventuell ins Ausland \\u00fcbertragen und unter Umst\\u00e4nden auch dort gespeichert. N\\u00e4heres erfahren Sie durch einen Klick auf das <em>i<\\\/em>.\",\"settings_perma\":\"Dauerhaft aktivieren und Daten\\u00fcber-tragung zustimmen:\",\"info_link\":\"http:\\\/\\\/www.heise.de\\\/ct\\\/artikel\\\/2-Klicks-fuer-mehr-Datenschutz-1333879.html\",\"uri\":\"https:\\\/\\\/www.brennecke.org\\\/?p=3846\",\"post_id\":3846,\"post_title_referrer_track\":\"Ein+paar+Worte+zum+%26%238222%3BWieder+da%21%26%238220%3B\",\"display_infobox\":\"on\"});}});\n\/* ]]> *\/<\/script><\/div>","protected":false},"excerpt":{"rendered":"<p>Werte Leserinnen und Leser, die Wahl Trumps und der Brexit &#8211; beides Ereignisse, gegen die ich gewettet h\u00e4tte &#8211; haben mich eine Weile lang meiner Stimme beraubt. Man kann nicht satirisch-ironisch schreiben, wenn die Wirklichkeit \u00fcberhaupt gar nicht mehr zum &hellip; <a href=\"https:\/\/www.brennecke.org\/?p=3846\">Weiterlesen <span class=\"meta-nav\">&rarr;<\/span><\/a><\/p>\n","protected":false},"author":1,"featured_media":0,"comment_status":"closed","ping_status":"open","sticky":false,"template":"","format":"standard","meta":{"footnotes":""},"categories":[1,3,447],"tags":[1081,1079,1080,1082,1083,956],"_links":{"self":[{"href":"https:\/\/www.brennecke.org\/index.php?rest_route=\/wp\/v2\/posts\/3846"}],"collection":[{"href":"https:\/\/www.brennecke.org\/index.php?rest_route=\/wp\/v2\/posts"}],"about":[{"href":"https:\/\/www.brennecke.org\/index.php?rest_route=\/wp\/v2\/types\/post"}],"author":[{"embeddable":true,"href":"https:\/\/www.brennecke.org\/index.php?rest_route=\/wp\/v2\/users\/1"}],"replies":[{"embeddable":true,"href":"https:\/\/www.brennecke.org\/index.php?rest_route=%2Fwp%2Fv2%2Fcomments&post=3846"}],"version-history":[{"count":1,"href":"https:\/\/www.brennecke.org\/index.php?rest_route=\/wp\/v2\/posts\/3846\/revisions"}],"predecessor-version":[{"id":3851,"href":"https:\/\/www.brennecke.org\/index.php?rest_route=\/wp\/v2\/posts\/3846\/revisions\/3851"}],"wp:attachment":[{"href":"https:\/\/www.brennecke.org\/index.php?rest_route=%2Fwp%2Fv2%2Fmedia&parent=3846"}],"wp:term":[{"taxonomy":"category","embeddable":true,"href":"https:\/\/www.brennecke.org\/index.php?rest_route=%2Fwp%2Fv2%2Fcategories&post=3846"},{"taxonomy":"post_tag","embeddable":true,"href":"https:\/\/www.brennecke.org\/index.php?rest_route=%2Fwp%2Fv2%2Ftags&post=3846"}],"curies":[{"name":"wp","href":"https:\/\/api.w.org\/{rel}","templated":true}]}}