{"id":3871,"date":"2021-05-17T09:41:14","date_gmt":"2021-05-17T08:41:14","guid":{"rendered":"http:\/\/www.brennecke.org\/?p=3871"},"modified":"2021-05-17T09:43:20","modified_gmt":"2021-05-17T08:43:20","slug":"die-ohnmacht-des-superlativs","status":"publish","type":"post","link":"https:\/\/www.brennecke.org\/?p=3871","title":{"rendered":"Die Ohnmacht des Superlativs"},"content":{"rendered":"<p>Werte Leserinnen und Leser,<\/p>\n<p>Nach nunmehr 15 Monaten, die wir uns mit der Corona-Pandemie besch\u00e4ftigen, k\u00f6nnte man denken, es sei eine gewisse Gew\u00f6hnung zu beobachten, und tats\u00e4chlich ist das auch so. Die allermeisten Menschen tragen beim Einkaufen und im \u00d6PNV Masken, und inzwischen sogar jene vom FFP2-Typ, der nicht nur andere, sondern auch den Tr\u00e4ger sch\u00fctzt. Man h\u00e4lt Abstand beim Einkaufen &#8211; es ist sehr lange her, dass mir das letzte Mal jemand an der Kasse im Supermarkt in den Nacken geatmet hat.<\/p>\n<p>Es ist auch eine gewisse Gew\u00f6hnung eingetreten in der Handhabung der Ma\u00dfnahmen, die man nicht so dolle findet, beispielsweise den Kontaktbeschr\u00e4nkungen. Ich kenne niemanden, dessen soziales Leben auf dem Stand von Januar 2020 w\u00e4re, auch wenn man sich das eine oder andere Mal nicht an die Beschr\u00e4nkung &#8222;Haushalt plus eine Person&#8220; h\u00e4lt, weil sie nur unter lebensfremden Umst\u00e4nden umsetzbar ist.<\/p>\n<p>Selbst die Ausgangssperre der &#8222;Bundesnotbremse&#8220; wurde weitgehend unwidersprochen eingehalten &#8211; wohl deshalb, weil sie vergleichsweise gut durch die Exekutive (Polizei) kontrollierbar ist. Ich pers\u00f6nlich halte sie f\u00fcr verfassungswidrig, da sie eindeutig nicht das mildeste Mittel einer Grundrechtseinschr\u00e4nkung ist. Man wird sehen, ob das BVerfG es auch so sieht &#8211; in jedem Fall kommt seine Entscheidung zu sp\u00e4t, weil das zugeh\u00f6rige Gesetz Ende Juni ausl\u00e4uft &#8211; sofern S\u00f6der und Merkel sie nicht verl\u00e4ngern. Aufgrund sinkender Inzidenzen wird sie ohnehin letztlich bedeutungslos.<\/p>\n<p>Ich empfinde es allerdings inzwischen als unertr\u00e4glich, wenn die t\u00e4glichen Warnungen vor Lockerungen und neuen Mutanten regelm\u00e4\u00dfig mit einem Superlativ (oder dessen Alternativformen) aufgepeppt werden m\u00fcssen. Man liest dann von der &#8222;Gefahr <em>massiver<\/em> Steigerungen der Inzidenzen&#8220; durch Mutanten, einer &#8222;<em>extremen<\/em> \u00dcberlastung des Gesundheitssystems&#8220; und Escape-Varianten, die &#8222;alles <em>noch viel<\/em> schlimmer&#8220;machen werden. Das Wort &#8222;<em>exponentiell<\/em>&#8220; hat sich so weit abgenutzt, dass inzwischen statt dessen &#8222;<em>explosiv<\/em>&#8220; benutzt wird. Physikalisch ist eine Explosion \u00fcbrigens lediglich ein exponentielle chemische Reaktion, die nach sehr kurzer Zeit zusammenbricht &#8211; gerade nicht das, was die Apologeten uns erkl\u00e4ren wollen.<\/p>\n<p>Nun wissen wir, dass das Innenministerium schon im M\u00e4rz 2020 beim RKI ein Papier angefordert hat, das laut Staatssekret\u00e4r Markus Kerber dazu dienen solle, \u201eweitere Ma\u00dfnahmen pr\u00e4ventiver und <strong>repressiver<\/strong> Natur\u201c planen zu k\u00f6nnen. Ich zitiere aus einem Bericht der <a href=\"https:\/\/www.welt.de\/politik\/deutschland\/article225991449\/Corona-Papier-Opposition-fordert-Aufklaerung.html\">WELT<\/a>:<\/p>\n<blockquote><p>Das erst Wochen sp\u00e4ter ver\u00f6ffentlichte Papier bezifferte schlie\u00dflich <a class=\"o-link\" href=\"https:\/\/www.bmi.bund.de\/SharedDocs\/downloads\/DE\/veroeffentlichungen\/2020\/corona\/szenarienpapier-covid19.html\" target=\"_blank\" rel=\"noopener\" name=\"inlineLink_\">ein Worst-Case-Szenario<\/a>, laut dem mehr als eine Million Menschen am Coronavirus sterben k\u00f6nnten, liefe das Leben weiter wie vor der Pandemie. Es wurden Vorschl\u00e4ge gemacht, wie man die \u201egew\u00fcnschte Schockwirkung\u201c erzielen k\u00f6nne, um diesen Fall zu vermeiden. Man m\u00fcsse in den K\u00f6pfen der Menschen Bilder entstehen lassen: \u201eViele Schwerkranke werden von ihren Angeh\u00f6rigen ins Krankenhaus gebracht, aber abgewiesen und sterben qualvoll um Luft ringend zu Hause.\u201c<\/p><\/blockquote>\n<p>Ein Jahr sp\u00e4ter im M\u00e4rz 2021 alarmierten uns das RKI, die NoCovid-Gruppe um Brinkmann und Priesemann, Karl Lauterbach und andere, dass uns wegen der britischen Mutante B.1.1.7 ein erneuter Anstieg der Inzidenzen bevorstehe. Nat\u00fcrlich war dieser Anstieg &#8222;massiv&#8220;, &#8222;exponentiell&#8220; oder gar &#8222;explosiv&#8220; &#8211; auf bis zu 2000 sollte die Inzidenz im Mai klettern. Andere sprachen von bis zu 100.000 Infizierten &#8211; pro Tag! Die ZEIT ver\u00f6ffentlichte gar ein bespielbares Diagramm, in dem man den Anstieg der Infektionen anhand der Reproduktionszahl mit Schiebereglern nachvollziehen durfte &#8211; mit exponentiellem Verlauf bis ins Endlose im Juni. Das alles zu Zeiten, als die Inzidenzen der britischen Mutante in Gro\u00dfbritannien bereits seit Mitte Januar sanken. Man h\u00e4tte daraus folgern k\u00f6nnen, dass es offenbar Ma\u00dfnahmen gab, die auch gegen B.1.1.7 wirken, aber daraus l\u00e4sst sich nun einmal kein Drama konstruieren.<\/p>\n<p>Das alles traf nicht ein, und nun lernen wir ein neues Wort, das &#8222;<em>Pr\u00e4ventionsparadoxon<\/em>&#8222;. Dahinter steckt die Vorstellung, dass beispielsweise in Deutschland der Wald in den 80ern nicht gestorben ist, weil man fr\u00fchzeitig Katalysatoren in Autos und Rauchentschwefelungsanlagen in Kraftwerke eingebaut hat. Und soweit ist das auch richtig &#8211; es gilt nat\u00fcrlich auch f\u00fcr die Pandemie.<\/p>\n<p>Nun aber die falschen Prognosen genau damit zu erkl\u00e4ren, halte ich aber f\u00fcr absurd. Denn anders als in den fr\u00fchen 80ern kannte man im M\u00e4rz 2021 die Corona-Ma\u00dfnahmen bereits und h\u00e4tte sie sehr wohl in die Modelle einbeziehen k\u00f6nnen. Denn es stand doch niemals zur Debatte, alle Ma\u00dfnahmen sofort aufzuheben und dadurch tats\u00e4chlich eine unkontrollierte Verbreitung des Virus zu erm\u00f6glichen. Worst-Case-Szenarien zu entwerfen und diese &#8211; und nur diese &#8211; dann \u00f6ffentlich zu verbreiten, das ist genau die &#8222;<em>gew\u00fcnschte Schockwirkung<\/em>&#8222;, die das Bundesinnenministerium schon im M\u00e4rz 2020 erzielen wollte.<\/p>\n<p>Zum Gl\u00fcck haben sich nur wenige B\u00fcrger davon beeindrucken lassen. Die meisten haben ihr Leben weitergef\u00fchrt, sich mit den Ma\u00dfnahmen mehr oder weniger arrangiert, und die Inzidenzen sanken schlie\u00dflich, nachdem sie wegen der erh\u00f6hten Testquote und der damit verbundenen Aufhellung des Dunkelfeldes zun\u00e4chst anstiegen.<\/p>\n<p>Ein paar Worte noch zur \u00dcberlastung des Gesundheitssystems. Man darf sich fragen, ob statt einer &#8222;<em>massiven<\/em>&#8220; nicht auch schon eine &#8222;<em>normale<\/em>&#8220; \u00dcberlastung ein Problem darstellt, aber sei es drum. Denn da sah es im April tats\u00e4chlich eng aus &#8211; allerdings nie so eng wie im Dezember 2020 und Januar 2021. Im Gegensatz zum All-in-One-Indikator <em>Inzidenz<\/em> ist allerdings die Bettenauslastung tats\u00e4chlich ein wichtiger Indikator, denn hier fallen alle Infektionen mit asymptomatischem oder leichtem Verlauf heraus.<\/p>\n<p>Die Bundesregierung nimmt das allerdings bis heute nicht zur Kenntnis &#8211; einzig die Inzidenz z\u00e4hlt. Inzidenz &#8211; das ist die Zahl, vor der selbst das RKI heute (Montag, 17. Mai) warnt:<\/p>\n<blockquote><p><span class=\"notranslate\">Aufgrund des Feiertags am 13.05.2021 ist bei der Interpretation der Fallzahlen zu beachten, dass an Feier- und Br\u00fcckentagen weniger Personen einen Arzt aufsuchen, wodurch auch weniger Proben genommen und weniger Laboruntersuchungen durchgef\u00fchrt werden. Dies f\u00fchrt dazu, dass weniger Erregernachweise an die zust\u00e4ndigen Gesundheits\u00e4mter gemeldet werden.<\/span><\/p><\/blockquote>\n<p>Oder kurzgefasst: &#8222;<strong>Wir k\u00f6nnen nicht genau sagen, wie hoch die Inzidenz in den Landkreisen und St\u00e4dten heute ist&#8220;<\/strong>. Keine guten Voraussetzungen, wenn man bedenkt, dass aufgrund dieser Zahl erhebliche Grundrechtseinschr\u00e4nkungen verf\u00fcgt wurden und deren Aufhebung nun daran h\u00e4ngt, dass diese Zahl f\u00fcnf Werktage nacheinander den magischen Wert von 100 unterschreitet. Da m\u00f6chte man schon mehr Gewissheit als eine &#8222;<em>I<span class=\"notranslate\">nterpretation der Fallzahlen<\/span><\/em>&#8222;.<\/p>\n<p>Merke: Der Superlativ und seine alternativen Formen sind n\u00f6tig f\u00fcr ernste F\u00e4lle. Wer sie regelm\u00e4\u00dfg benutzt, sei es, um sich Geh\u00f6r zu verschaffen oder weil man glaubt, die Bev\u00f6lkerung durch angst und Schrecken in den Schranken zu halten, dem sei gesagt, dass selbst der sch\u00e4rfste Superlativ seine Wirkung schnell verliert, wenn man ihn unberechtigt einsetzt. Und danach h\u00f6rt niemand mehr zu. Und leider gilt das dann auch f\u00fcr die Zukunft und andere Bereiche. Wer das nicht will, sollte abr\u00fcsten. Die notwendige Information kommt auch an, wenn die Intensivstationen <del>massiv<\/del> \u00fcberlastet sind, die Lage <del>noch nie so<\/del> ernst ist und neue Mutanten <del>\u00e4u\u00dferst<\/del> kritisch zu bewerten sind.<\/p>\n<p>Es gr\u00fc\u00dft herzlich<\/p>\n<p>Ihr JL7<\/p>\n<p>&nbsp;<\/p>\n<div class=\"twoclick_social_bookmarks_post_3871 social_share_privacy clearfix 1.6.4 locale-de_DE sprite-de_DE\"><\/div><div class=\"twoclick-js\"><script type=\"text\/javascript\">\/* <![CDATA[ *\/\njQuery(document).ready(function($){if($('.twoclick_social_bookmarks_post_3871')){$('.twoclick_social_bookmarks_post_3871').socialSharePrivacy({\"services\":{\"facebook\":{\"status\":\"on\",\"txt_info\":\"2 Klicks f\\u00fcr mehr Datenschutz: Erst wenn Sie hier klicken, wird der Button aktiv und Sie k\\u00f6nnen Ihre Empfehlung an Facebook senden. Schon beim Aktivieren werden Daten an Dritte \\u00fcbertragen - siehe <em>i<\\\/em>.\",\"perma_option\":\"off\",\"action\":\"recommend\",\"language\":\"de_DE\"},\"twitter\":{\"reply_to\":\"\",\"tweet_text\":\"%20Die%20Ohnmacht%20des%20Superlativs%20%C2%BB%2053%20Cent%20%23Binkmann%20%23Bundesnotbremse%20%23Corona%20...\",\"status\":\"on\",\"txt_info\":\"2 Klicks f\\u00fcr mehr Datenschutz: Erst wenn Sie hier klicken, wird der Button aktiv und Sie k\\u00f6nnen Ihre Empfehlung an Twitter senden. Schon beim Aktivieren werden Daten an Dritte \\u00fcbertragen - siehe <em>i<\\\/em>.\",\"perma_option\":\"off\",\"language\":\"de\",\"referrer_track\":\"\"},\"gplus\":{\"status\":\"on\",\"txt_info\":\"2 Klicks f\\u00fcr mehr Datenschutz: Erst wenn Sie hier klicken, wird der Button aktiv und Sie k\\u00f6nnen Ihre Empfehlung an Google+ senden. Schon beim Aktivieren werden Daten an Dritte \\u00fcbertragen - siehe <em>i<\\\/em>.\",\"perma_option\":\"off\",\"referrer_track\":\"\"},\"flattr\":{\"uid\":\"\",\"status\":\"on\",\"the_title\":\"Die%20Ohnmacht%20des%20Superlativs\",\"the_excerpt\":\"Werte%20Leserinnen%20und%20Leser%2C%0D%0A%0D%0ANach%20nunmehr%2015%20Monaten%2C%20die%20wir%20uns%20mit%20der%20Corona-Pandemie%20besch%C3%A4ftigen%2C%20k%C3%B6nnte%20man%20denken%2C%20es%20sei%20eine%20gewisse%20Gew%C3%B6hnung%20zu%20beobachten%2C%20und%20tats%C3%A4chlich%20ist%20das%20auch%20so.%20Die%20allermeisten%20Menschen%20tragen%20beim%20Einkaufen%20und%20im%20%C3%96PNV%20Masken%2C%20und%20inzwischen%20sogar%20jene%20vom%20FFP2-Typ%2C%20der%20nicht%20nur%20andere%2C%20sondern%20auch%20den%20Tr%C3%A4ger%20sch%C3%BCtzt.%20Man%20h%C3%A4lt%20Abstand%20beim%20Einkaufe%20...\",\"txt_info\":\"2 Klicks f\\u00fcr mehr Datenschutz: Erst wenn Sie hier klicken, wird der Button aktiv und Sie k\\u00f6nnen Ihre Empfehlung an Flattr senden. Schon beim Aktivieren werden Daten an Dritte \\u00fcbertragen - siehe <em>i<\\\/em>.\",\"perma_option\":\"off\"}},\"txt_help\":\"Wenn Sie diese Felder durch einen Klick aktivieren, werden Informationen an Facebook, Twitter, Flattr, Xing, t3n, LinkedIn, Pinterest oder Google eventuell ins Ausland \\u00fcbertragen und unter Umst\\u00e4nden auch dort gespeichert. N\\u00e4heres erfahren Sie durch einen Klick auf das <em>i<\\\/em>.\",\"settings_perma\":\"Dauerhaft aktivieren und Daten\\u00fcber-tragung zustimmen:\",\"info_link\":\"http:\\\/\\\/www.heise.de\\\/ct\\\/artikel\\\/2-Klicks-fuer-mehr-Datenschutz-1333879.html\",\"uri\":\"https:\\\/\\\/www.brennecke.org\\\/?p=3871\",\"post_id\":3871,\"post_title_referrer_track\":\"Die+Ohnmacht+des+Superlativs\",\"display_infobox\":\"on\"});}});\n\/* ]]> *\/<\/script><\/div>","protected":false},"excerpt":{"rendered":"<p>Werte Leserinnen und Leser, Nach nunmehr 15 Monaten, die wir uns mit der Corona-Pandemie besch\u00e4ftigen, k\u00f6nnte man denken, es sei eine gewisse Gew\u00f6hnung zu beobachten, und tats\u00e4chlich ist das auch so. Die allermeisten Menschen tragen beim Einkaufen und im \u00d6PNV &hellip; <a href=\"https:\/\/www.brennecke.org\/?p=3871\">Weiterlesen <span class=\"meta-nav\">&rarr;<\/span><\/a><\/p>\n","protected":false},"author":1,"featured_media":0,"comment_status":"open","ping_status":"open","sticky":false,"template":"","format":"standard","meta":{"footnotes":""},"categories":[1,3,447],"tags":[1106,1102,1095,1099,1103,1105,1107,1104,1100,1101],"_links":{"self":[{"href":"https:\/\/www.brennecke.org\/index.php?rest_route=\/wp\/v2\/posts\/3871"}],"collection":[{"href":"https:\/\/www.brennecke.org\/index.php?rest_route=\/wp\/v2\/posts"}],"about":[{"href":"https:\/\/www.brennecke.org\/index.php?rest_route=\/wp\/v2\/types\/post"}],"author":[{"embeddable":true,"href":"https:\/\/www.brennecke.org\/index.php?rest_route=\/wp\/v2\/users\/1"}],"replies":[{"embeddable":true,"href":"https:\/\/www.brennecke.org\/index.php?rest_route=%2Fwp%2Fv2%2Fcomments&post=3871"}],"version-history":[{"count":3,"href":"https:\/\/www.brennecke.org\/index.php?rest_route=\/wp\/v2\/posts\/3871\/revisions"}],"predecessor-version":[{"id":3874,"href":"https:\/\/www.brennecke.org\/index.php?rest_route=\/wp\/v2\/posts\/3871\/revisions\/3874"}],"wp:attachment":[{"href":"https:\/\/www.brennecke.org\/index.php?rest_route=%2Fwp%2Fv2%2Fmedia&parent=3871"}],"wp:term":[{"taxonomy":"category","embeddable":true,"href":"https:\/\/www.brennecke.org\/index.php?rest_route=%2Fwp%2Fv2%2Fcategories&post=3871"},{"taxonomy":"post_tag","embeddable":true,"href":"https:\/\/www.brennecke.org\/index.php?rest_route=%2Fwp%2Fv2%2Ftags&post=3871"}],"curies":[{"name":"wp","href":"https:\/\/api.w.org\/{rel}","templated":true}]}}