{"id":455,"date":"2011-03-25T11:44:25","date_gmt":"2011-03-25T09:44:25","guid":{"rendered":"http:\/\/www.brennecke.org\/?p=455"},"modified":"2018-05-14T09:06:38","modified_gmt":"2018-05-14T08:06:38","slug":"wann-wenn-nicht-jetzt","status":"publish","type":"post","link":"https:\/\/www.brennecke.org\/?p=455","title":{"rendered":"Wann, wenn nicht jetzt?"},"content":{"rendered":"<p>Werte Leser,<\/p>\n<p>so langsam bekomme ich Mitleid mit Stefan Mappus. Was er auch anfasst und auf den Weg bringt, es wird sofort konterkariert durch Ereignisse, Berichte oder Interviews. In so einer Situation kann man schon einmal die Nerven verlieren. Aber der Reihe nach:<\/p>\n<p>Stefan Mappus ist seit Februar 2010 als Nachfolger des nach Br\u00fcssel <del>verbannten<\/del> gesandten G\u00fcnther Oettinger Ministerpr\u00e4sident in Baden-W\u00fcrttemberg; er hat daher noch keine Wahl gewonnen. Lassen wir einmal au\u00dfen vor, was er in seiner Zeit als Fraktionsvorsitzender gesagt hat, beispielsweise \u00fcber den Stuttgarter CSD (&#8222;frivole, karnevaleske Zurschaustellung sexueller Neigungen&#8220;), denn diese Veranstaltung hat in Stuttgart durchaus ihre Schw\u00e4chen. Stramme Konservative hat die CDU genug, beispielsweise den irrlichternden Norbert Geis.<\/p>\n<p>Seit dem Beginn der Bauarbeiten zum Stuttgarter Bahnhof 21 kommt Mappus nicht mehr aus den Schlagzeilen. Aber w\u00e4hrend es zwischenzeitlich so aussah, als w\u00fcrde seine Partei letztlich doch die bevorstehende Wahl gewinnen, kommt es seit der Atomkatastrophe in Fukushima kn\u00fcppeldick.<\/p>\n<ul>\n<li>Mappus, der als oberster Atombef\u00fcrworter der Republik sogar den R\u00fccktritt des Umweltministers R\u00f6ttgen zu fordern wagte, sieht sich pl\u00f6tzlich zu einer Kehrtwende gezwungen und gibt den zahmen Ausstiegsbef\u00fcrworter, indem er das eben noch als sicher bezeichnete AKW Neckarwestheim stilllegt &#8211; nicht sehr \u00fcberzeugend.<\/li>\n<li>Der EnBW-Deal, im Stillen und unter Missachtung des Parlaments und des zust\u00e4ndigen Ministers mit einem befreundeten Banker eingef\u00e4delt, wird sich nach einem Gutachten der Landesbank in Baden-W\u00fcrttemberg (LBBW)\u00a0 zu einem massiven Verlustgesch\u00e4ft auswachsen, da EnBW einen Gro\u00dfteil seiner Gewinne mit der Atomkraft macht &#8211; Mappus streitet das ab.<\/li>\n<li>Und nun kommen auch noch die Br\u00fcderle aus den eigenen Reihen, trinken beim BDI ein Gl\u00e4schen Wein und sagen unverbl\u00fcmt die Wahrheit: es laste &#8222;angesichts der bevorstehenden Landtagswahlen Druck auf der Politik&#8220;. Entscheidungen seien &#8222;daher nicht immer rational&#8220;. Wer mag da widersprechen?<\/li>\n<\/ul>\n<p>Schlimmer kann es f\u00fcr Mappus und seine CDU in Baden-W\u00fcrttemberg kaum kommen. Wenn die W\u00e4hler daher auch in diesem Jahr die CDU wieder zum Wahlsieger k\u00fcren, dann wird es dort niemals einen Regierungswechsel geben. Das geht besonders die potenziellen &#8222;Linke&#8220;-W\u00e4hler an: einen Wechsel bekommt Ihr nur, wenn Ihr diesmal die Gr\u00fcnen oder die SPD w\u00e4hlt &#8211; auch wenn es weh tut.<\/p>\n<p>Andererseits kann es f\u00fcr Mappus eben doch schlimmer kommen, n\u00e4mlich dann, wenn die CDU die Wahl gewinnt und er zur\u00fcckkehren und den Augiasstall in der Villa Reitz selber ausmisten muss. Mein pers\u00f6nlicher Tipp: Zwanzig Kilo abnehmen und einen pers\u00f6nlichen Trainer bestellen, dann klappt es vielleicht mit dem &#8222;Aussehen wie Herkules&#8220;.<\/p>\n<p>Herzlichst,<\/p>\n<p>Ihr JeanLuc7<\/p>\n<p>P.S.: Man sollte nicht den Wirtschaftsminister anklagen daf\u00fcr, dass er einmal die Wahrheit gesagt hat&#8230;<\/p>\n<div class=\"twoclick_social_bookmarks_post_455 social_share_privacy clearfix 1.6.4 locale-de_DE sprite-de_DE\"><\/div><div class=\"twoclick-js\"><script type=\"text\/javascript\">\/* <![CDATA[ *\/\njQuery(document).ready(function($){if($('.twoclick_social_bookmarks_post_455')){$('.twoclick_social_bookmarks_post_455').socialSharePrivacy({\"services\":{\"facebook\":{\"status\":\"on\",\"txt_info\":\"2 Klicks f\\u00fcr mehr Datenschutz: Erst wenn Sie hier klicken, wird der Button aktiv und Sie k\\u00f6nnen Ihre Empfehlung an Facebook senden. Schon beim Aktivieren werden Daten an Dritte \\u00fcbertragen - siehe <em>i<\\\/em>.\",\"perma_option\":\"off\",\"action\":\"recommend\",\"language\":\"de_DE\"},\"twitter\":{\"reply_to\":\"\",\"tweet_text\":\"%20Wann%2C%20wenn%20nicht%20jetzt%3F%20%C2%BB%2053%20Cent%20%23Augiasstall%20%23Baden-W%C3%BCrttemberg%20...\",\"status\":\"on\",\"txt_info\":\"2 Klicks f\\u00fcr mehr Datenschutz: Erst wenn Sie hier klicken, wird der Button aktiv und Sie k\\u00f6nnen Ihre Empfehlung an Twitter senden. Schon beim Aktivieren werden Daten an Dritte \\u00fcbertragen - siehe <em>i<\\\/em>.\",\"perma_option\":\"off\",\"language\":\"de\",\"referrer_track\":\"\"},\"gplus\":{\"status\":\"on\",\"txt_info\":\"2 Klicks f\\u00fcr mehr Datenschutz: Erst wenn Sie hier klicken, wird der Button aktiv und Sie k\\u00f6nnen Ihre Empfehlung an Google+ senden. Schon beim Aktivieren werden Daten an Dritte \\u00fcbertragen - siehe <em>i<\\\/em>.\",\"perma_option\":\"off\",\"referrer_track\":\"\"},\"flattr\":{\"uid\":\"\",\"status\":\"on\",\"the_title\":\"Wann%2C%20wenn%20nicht%20jetzt%3F\",\"the_excerpt\":\"Werte%20Leser%2C%0D%0A%0D%0Aso%20langsam%20bekomme%20ich%20Mitleid%20mit%20Stefan%20Mappus.%20Was%20er%20auch%20anfasst%20und%20auf%20den%20Weg%20bringt%2C%20es%20wird%20sofort%20konterkariert%20durch%20Ereignisse%2C%20Berichte%20oder%20Interviews.%20In%20so%20einer%20Situation%20kann%20man%20schon%20einmal%20die%20Nerven%20verlieren.%20Aber%20der%20Reihe%20nach%3A%0D%0A%0D%0AStefan%20Mappus%20ist%20seit%20Februar%202010%20als%20Nachfolger%20des%20nach%20Br%C3%BCssel%20verbannten%20gesandten%20G%C3%BCnther%20Oettinger%20Ministerpr%C3%A4siden%20...\",\"txt_info\":\"2 Klicks f\\u00fcr mehr Datenschutz: Erst wenn Sie hier klicken, wird der Button aktiv und Sie k\\u00f6nnen Ihre Empfehlung an Flattr senden. Schon beim Aktivieren werden Daten an Dritte \\u00fcbertragen - siehe <em>i<\\\/em>.\",\"perma_option\":\"off\"}},\"txt_help\":\"Wenn Sie diese Felder durch einen Klick aktivieren, werden Informationen an Facebook, Twitter, Flattr, Xing, t3n, LinkedIn, Pinterest oder Google eventuell ins Ausland \\u00fcbertragen und unter Umst\\u00e4nden auch dort gespeichert. N\\u00e4heres erfahren Sie durch einen Klick auf das <em>i<\\\/em>.\",\"settings_perma\":\"Dauerhaft aktivieren und Daten\\u00fcber-tragung zustimmen:\",\"info_link\":\"http:\\\/\\\/www.heise.de\\\/ct\\\/artikel\\\/2-Klicks-fuer-mehr-Datenschutz-1333879.html\",\"uri\":\"https:\\\/\\\/www.brennecke.org\\\/?p=455\",\"post_id\":455,\"post_title_referrer_track\":\"Wann%2C+wenn+nicht+jetzt%3F\",\"display_infobox\":\"on\"});}});\n\/* ]]> *\/<\/script><\/div>","protected":false},"excerpt":{"rendered":"<p>Werte Leser, so langsam bekomme ich Mitleid mit Stefan Mappus. Was er auch anfasst und auf den Weg bringt, es wird sofort konterkariert durch Ereignisse, Berichte oder Interviews. In so einer Situation kann man schon einmal die Nerven verlieren. Aber &hellip; <a href=\"https:\/\/www.brennecke.org\/?p=455\">Weiterlesen <span class=\"meta-nav\">&rarr;<\/span><\/a><\/p>\n","protected":false},"author":1,"featured_media":0,"comment_status":"closed","ping_status":"open","sticky":false,"template":"","format":"standard","meta":{"footnotes":""},"categories":[1,3],"tags":[257,258,143,254,55,256,261,255,259,253,579,137],"_links":{"self":[{"href":"https:\/\/www.brennecke.org\/index.php?rest_route=\/wp\/v2\/posts\/455"}],"collection":[{"href":"https:\/\/www.brennecke.org\/index.php?rest_route=\/wp\/v2\/posts"}],"about":[{"href":"https:\/\/www.brennecke.org\/index.php?rest_route=\/wp\/v2\/types\/post"}],"author":[{"embeddable":true,"href":"https:\/\/www.brennecke.org\/index.php?rest_route=\/wp\/v2\/users\/1"}],"replies":[{"embeddable":true,"href":"https:\/\/www.brennecke.org\/index.php?rest_route=%2Fwp%2Fv2%2Fcomments&post=455"}],"version-history":[{"count":5,"href":"https:\/\/www.brennecke.org\/index.php?rest_route=\/wp\/v2\/posts\/455\/revisions"}],"predecessor-version":[{"id":3818,"href":"https:\/\/www.brennecke.org\/index.php?rest_route=\/wp\/v2\/posts\/455\/revisions\/3818"}],"wp:attachment":[{"href":"https:\/\/www.brennecke.org\/index.php?rest_route=%2Fwp%2Fv2%2Fmedia&parent=455"}],"wp:term":[{"taxonomy":"category","embeddable":true,"href":"https:\/\/www.brennecke.org\/index.php?rest_route=%2Fwp%2Fv2%2Fcategories&post=455"},{"taxonomy":"post_tag","embeddable":true,"href":"https:\/\/www.brennecke.org\/index.php?rest_route=%2Fwp%2Fv2%2Ftags&post=455"}],"curies":[{"name":"wp","href":"https:\/\/api.w.org\/{rel}","templated":true}]}}