{"id":461,"date":"2011-04-08T18:43:36","date_gmt":"2011-04-08T16:43:36","guid":{"rendered":"http:\/\/www.brennecke.org\/?p=461"},"modified":"2018-05-14T09:06:38","modified_gmt":"2018-05-14T08:06:38","slug":"jeden-tag-auf-vorrat","status":"publish","type":"post","link":"https:\/\/www.brennecke.org\/?p=461","title":{"rendered":"Jeden Tag auf Vorrat"},"content":{"rendered":"<p>Liebe CDU-Sicherheitspolitiker,<\/p>\n<p>derzeit ist Ihr Berufsstand medienpr\u00e4sent wie selten. Nach dem endg\u00fcltigen Fall des Zugangserschwernisgesetzes und den damit drohenden Internetsperren ist die Welt nun in Gefahr, weil seit einem Jahr keine Daten der B\u00fcrger mehr auf Vorrat gesammelt werden d\u00fcrfen. Unz\u00e4hlige Verbrechen k\u00f6nnten nicht aufgekl\u00e4rt werden, der allseits bekannte &#8222;rechtsfreie Raum&#8220; droht uns, und nicht zuletzt sind da immer noch die Islamisten, die uns alle t\u00f6ten wollen. Danke, dass die Sch\u00fcnemanns, Bosbachs und Krings&#8216; unter Ihnen uns davor gewarnt haben. Dank Herrn Sch\u00fcnemann wissen wir nun auch, dass ein <a title=\"Sch\u00fcnemann und das Sicherheitsrisiko\" href=\"http:\/\/nachrichten.t-online.de\/schuenemann-bezeichnet-fdp-justizministerin-als-sicherheitsrisiko-\/id_45567204\/index?news\">Risiko f\u00fcr die Sicherheit<\/a> in Deutschland im Bundeskabinett sitzt und den Doppelnamen Leutheusser-Schnarrenberger tr\u00e4gt.<\/p>\n<p>Die anlasslose Speicherung von Vorratsdaten wurde im vergangenen Jahr vom Bundesverfassungsgericht gekippt &#8211; aus gutem Grund. Die Bundesregierung hatte damals nicht schl\u00fcssig darlegen k\u00f6nnen, wof\u00fcr die Daten genutzt werden und konnte au\u00dferdem kein Sicherungskonzept f\u00fcr unbefugte Zugriffe vorweisen. Die eigentliche Speicherung wurde vom Gericht nicht kritisiert.<\/p>\n<p>Jetzt, ein Jahr sp\u00e4ter, sind die Fronten noch genauso aufgestellt wie damals. Die einen lehnen die Speicherung komplett ab, weil sie massiv in Freiheitsrechte eingreift. Dank <a title=\"Malte Spitz' Vorratsdaten\" href=\"http:\/\/www.zeit.de\/datenschutz\/malte-spitz-vorratsdaten\">Malte Spitz<\/a> wissen wir inzwischen auch, wie sehr wir vom Staat bespitzelt werden. Auf der anderen Seite gibt es aber auch keinen Versuch, die vom Gericht als unzul\u00e4ssig kritisierten Stellen des Gesetzes durch konforme zu ersetzen. Liebe Sicherheitspolitiker, glaubt Ihr denn, Ihr k\u00f6nnt das Gesetz einfach wieder in Kraft setzen und alles w\u00e4re gut?<\/p>\n<p>Nehmen wir die Anforderungen des Gerichts einmal ernst. Dann m\u00fcssten folgende Punkte gel\u00f6st werden<\/p>\n<ul>\n<li>Die Daten m\u00fcssen dezentral gespeichert und mit besonderen Ma\u00dfnahmen gesichert werden.<\/li>\n<li>Die Nutzung der Daten durch Beh\u00f6rden muss auf genau spezifizierte F\u00e4lle  schwerster Kriminalit\u00e4t beschr\u00e4nkt bleiben.<\/li>\n<\/ul>\n<p>Der erste Punkt l\u00e4sst sich nur in Zusammenarbeit mit den Providern l\u00f6sen. Bisherige Aktionen: keine.<\/p>\n<p>Der zweite Punkt st\u00f6\u00dft den Sicherheitspolitikern noch \u00e4rger auf, denn &#8222;Schwerstkriminalit\u00e4t&#8220; ist eng begrenzt auf Kapitalverbrechen, Verbrechen mit terroristischem Hintergrund und Kinderpornografie. In keine dieser Kategorien passen die Raubkopierer oder Internetbetr\u00fcger. Die allermeisten Muslime sind auch keine Islamisten und passen daher auch nichts ins Raster. Es sieht also schlecht aus f\u00fcr die angestrebten gro\u00dfen Fahndungserfolge durch die Vorratsdatenspeicherung. Bisherige Aktionen bei der L\u00f6sung dieses Punkts: keine.<\/p>\n<p>Statt dessen wird mantrahaft die Wiedereinf\u00fchrung der Vorratsdatenspeicherung gefordert, als sei sie die Antwort auf alle Fragen. Dabei ist l\u00e4ngst nicht erwiesen, ob die massenhafte Sammlung von Daten \u00fcber die eigenen B\u00fcrger \u00fcberhaupt einen Effekt hat. Eine <a title=\"heise.de: Vorratsdatenspeicherung hilft nicht\" href=\"http:\/\/www.heise.de\/newsticker\/meldung\/Bundestagsanalyse-Vorratsdatenspeicherung-hilft-Ermittlern-nicht-wirklich-1223876.html\">Sachstandsanalyse des wissenschaftlichen Dienst des Bundestags<\/a> hat in der EU keine Hinweise daf\u00fcr gefunden, dass eine  verdachtsunabh\u00e4ngige Protokollierung von Nutzerspuren den Ermittlern  nachweisbar bei ihrer Arbeit hilft.<\/p>\n<blockquote><p><em>&#8222;In den meisten L\u00e4ndern kam es in  den Jahren 2005 bis 2010 zu keinen signifikanten \u00c4nderungen der  Aufkl\u00e4rungsquote.&#8220;<\/em><\/p><\/blockquote>\n<p>Es scheint, als gebe es den beklagten rechtsfreien Raum gar nicht. Klar ist jedoch, dass die Vorratsdatenspeicherung einen massiven Eingriff in die Freiheitsrechte der B\u00fcrger darstellt. Warum also das ganze? Damit Unbelehrbare in der CDU ruhig schlafen k\u00f6nnen?<\/p>\n<p>Mein Vorrat an Geduld ist aufgebraucht. Begraben Sie das Thema, und nehmen Sie am besten das Loch, das Sie schlussendlich f\u00fcr das Zugangserschwernisgesetz gegraben haben. Beide Gesetze passen gut zusammen.<\/p>\n<p>Herzlichst,<\/p>\n<p>Ihr JeanLuc7<\/p>\n<p>&nbsp;<\/p>\n<div class=\"twoclick_social_bookmarks_post_461 social_share_privacy clearfix 1.6.4 locale-de_DE sprite-de_DE\"><\/div><div class=\"twoclick-js\"><script type=\"text\/javascript\">\/* <![CDATA[ *\/\njQuery(document).ready(function($){if($('.twoclick_social_bookmarks_post_461')){$('.twoclick_social_bookmarks_post_461').socialSharePrivacy({\"services\":{\"facebook\":{\"status\":\"on\",\"txt_info\":\"2 Klicks f\\u00fcr mehr Datenschutz: Erst wenn Sie hier klicken, wird der Button aktiv und Sie k\\u00f6nnen Ihre Empfehlung an Facebook senden. Schon beim Aktivieren werden Daten an Dritte \\u00fcbertragen - siehe <em>i<\\\/em>.\",\"perma_option\":\"off\",\"action\":\"recommend\",\"language\":\"de_DE\"},\"twitter\":{\"reply_to\":\"\",\"tweet_text\":\"%20Jeden%20Tag%20auf%20Vorrat%20%C2%BB%2053%20Cent%20%23Bosbach%20%23Krings%20%23Leutheusser-Schnarrenberger%20...\",\"status\":\"on\",\"txt_info\":\"2 Klicks f\\u00fcr mehr Datenschutz: Erst wenn Sie hier klicken, wird der Button aktiv und Sie k\\u00f6nnen Ihre Empfehlung an Twitter senden. Schon beim Aktivieren werden Daten an Dritte \\u00fcbertragen - siehe <em>i<\\\/em>.\",\"perma_option\":\"off\",\"language\":\"de\",\"referrer_track\":\"\"},\"gplus\":{\"status\":\"on\",\"txt_info\":\"2 Klicks f\\u00fcr mehr Datenschutz: Erst wenn Sie hier klicken, wird der Button aktiv und Sie k\\u00f6nnen Ihre Empfehlung an Google+ senden. Schon beim Aktivieren werden Daten an Dritte \\u00fcbertragen - siehe <em>i<\\\/em>.\",\"perma_option\":\"off\",\"referrer_track\":\"\"},\"flattr\":{\"uid\":\"\",\"status\":\"on\",\"the_title\":\"Jeden%20Tag%20auf%20Vorrat\",\"the_excerpt\":\"Liebe%20CDU-Sicherheitspolitiker%2C%0D%0A%0D%0Aderzeit%20ist%20Ihr%20Berufsstand%20medienpr%C3%A4sent%20wie%20selten.%20Nach%20dem%20endg%C3%BCltigen%20Fall%20des%20Zugangserschwernisgesetzes%20und%20den%20damit%20drohenden%20Internetsperren%20ist%20die%20Welt%20nun%20in%20Gefahr%2C%20weil%20seit%20einem%20Jahr%20keine%20Daten%20der%20B%C3%BCrger%20mehr%20auf%20Vorrat%20gesammelt%20werden%20d%C3%BCrfen.%20Unz%C3%A4hlige%20Verbrechen%20k%C3%B6nnten%20nicht%20aufgekl%C3%A4rt%20werden%2C%20der%20allseits%20bekannte%20%22rechtsfreie%20Raum%22%20dr%20...\",\"txt_info\":\"2 Klicks f\\u00fcr mehr Datenschutz: Erst wenn Sie hier klicken, wird der Button aktiv und Sie k\\u00f6nnen Ihre Empfehlung an Flattr senden. Schon beim Aktivieren werden Daten an Dritte \\u00fcbertragen - siehe <em>i<\\\/em>.\",\"perma_option\":\"off\"}},\"txt_help\":\"Wenn Sie diese Felder durch einen Klick aktivieren, werden Informationen an Facebook, Twitter, Flattr, Xing, t3n, LinkedIn, Pinterest oder Google eventuell ins Ausland \\u00fcbertragen und unter Umst\\u00e4nden auch dort gespeichert. N\\u00e4heres erfahren Sie durch einen Klick auf das <em>i<\\\/em>.\",\"settings_perma\":\"Dauerhaft aktivieren und Daten\\u00fcber-tragung zustimmen:\",\"info_link\":\"http:\\\/\\\/www.heise.de\\\/ct\\\/artikel\\\/2-Klicks-fuer-mehr-Datenschutz-1333879.html\",\"uri\":\"https:\\\/\\\/www.brennecke.org\\\/?p=461\",\"post_id\":461,\"post_title_referrer_track\":\"Jeden+Tag+auf+Vorrat\",\"display_infobox\":\"on\"});}});\n\/* ]]> *\/<\/script><\/div>","protected":false},"excerpt":{"rendered":"<p>Liebe CDU-Sicherheitspolitiker, derzeit ist Ihr Berufsstand medienpr\u00e4sent wie selten. Nach dem endg\u00fcltigen Fall des Zugangserschwernisgesetzes und den damit drohenden Internetsperren ist die Welt nun in Gefahr, weil seit einem Jahr keine Daten der B\u00fcrger mehr auf Vorrat gesammelt werden d\u00fcrfen. &hellip; <a href=\"https:\/\/www.brennecke.org\/?p=461\">Weiterlesen <span class=\"meta-nav\">&rarr;<\/span><\/a><\/p>\n","protected":false},"author":1,"featured_media":0,"comment_status":"closed","ping_status":"open","sticky":false,"template":"","format":"standard","meta":{"footnotes":""},"categories":[1,3],"tags":[263,262,140,265,264,266,141,65],"_links":{"self":[{"href":"https:\/\/www.brennecke.org\/index.php?rest_route=\/wp\/v2\/posts\/461"}],"collection":[{"href":"https:\/\/www.brennecke.org\/index.php?rest_route=\/wp\/v2\/posts"}],"about":[{"href":"https:\/\/www.brennecke.org\/index.php?rest_route=\/wp\/v2\/types\/post"}],"author":[{"embeddable":true,"href":"https:\/\/www.brennecke.org\/index.php?rest_route=\/wp\/v2\/users\/1"}],"replies":[{"embeddable":true,"href":"https:\/\/www.brennecke.org\/index.php?rest_route=%2Fwp%2Fv2%2Fcomments&post=461"}],"version-history":[{"count":4,"href":"https:\/\/www.brennecke.org\/index.php?rest_route=\/wp\/v2\/posts\/461\/revisions"}],"predecessor-version":[{"id":3817,"href":"https:\/\/www.brennecke.org\/index.php?rest_route=\/wp\/v2\/posts\/461\/revisions\/3817"}],"wp:attachment":[{"href":"https:\/\/www.brennecke.org\/index.php?rest_route=%2Fwp%2Fv2%2Fmedia&parent=461"}],"wp:term":[{"taxonomy":"category","embeddable":true,"href":"https:\/\/www.brennecke.org\/index.php?rest_route=%2Fwp%2Fv2%2Fcategories&post=461"},{"taxonomy":"post_tag","embeddable":true,"href":"https:\/\/www.brennecke.org\/index.php?rest_route=%2Fwp%2Fv2%2Ftags&post=461"}],"curies":[{"name":"wp","href":"https:\/\/api.w.org\/{rel}","templated":true}]}}