{"id":727,"date":"2011-06-22T16:28:04","date_gmt":"2011-06-22T14:28:04","guid":{"rendered":"http:\/\/www.brennecke.org\/?p=727"},"modified":"2018-05-14T09:06:38","modified_gmt":"2018-05-14T08:06:38","slug":"wer-hat-uns-verraten","status":"publish","type":"post","link":"https:\/\/www.brennecke.org\/?p=727","title":{"rendered":"Wer hat uns verraten?"},"content":{"rendered":"<p>Liebe SPD-Innenminister,<\/p>\n<p>ich wei\u00df &#8211; der Sch\u00fcttelreim mit dem &#8222;Sozialdemokraten!&#8220;-Ende stammt eigentlich aus der Zeit nach dem ersten Weltkrieg, wurde von der damaligen KPD in die Welt gesetzt und dann immer und immer wieder benutzt, wenn es darum ging, den Sozis etwas anzuh\u00e4ngen. Und genau deshalb passt er heute &#8211; wieder einmal.<\/p>\n<p>Ich will gar nicht \u00fcber die Sozialdemokraten im Allgemeinen sprechen &#8211; das sind in der \u00fcberwiegenden Mehrzahl Menschen wie Du und ich, die &#8211; genau wie Du und ich &#8211; der Vorratsdatenspeicherung durchaus kritisch gegen\u00fcber stehen. Die meisten von ihnen sind einfache Parteimitglieder und verstehen vermutlich auch nicht, welchen Tanz ihr F\u00fchrungspersonal derzeit auff\u00fchrt.<\/p>\n<p>Denn dieser Tage sind die Innenminister der L\u00e4nder und des Bundes zusammengekommen, um uns die neue Strategie der vollst\u00e4ndigen \u00dcberwachung zu verhei\u00dfen, und wenig \u00fcberraschend fordern sie gemeinsam bei Schnittchen und Apfelsaft: &#8222;F\u00fchrt die Vorratsdatenspeicherung wieder ein!&#8220;<\/p>\n<p>Der neue baden-w\u00fcrttembergische Innenminister Gall (SPD) beklagt:<\/p>\n<blockquote><p>&#8222;Wir haben eine Sicherheitsl\u00fccke seit dem Urteil des  Bundesverfassungsgerichtes. Die Sicherheitsl\u00fccke muss geschlossen  werden, da raten uns alle Fachleute zu&#8220;<\/p><\/blockquote>\n<p>Welche Fachleute wurden da wohl befragt? Herr Ziercke vom BKA, Herr Freiberg von der Gewerkschaft der Polizei oder der SPD-&#8222;Innenexperte&#8220; Wiefelsp\u00fctz, der schon in der Vergangenheit durch ein seltsames Netzverst\u00e4ndnis aufgefallen ist?<\/p>\n<p>Der nordrhein-westf\u00e4lische Innenminister J\u00e4ger (SPD) hatte offenbar dieselben Berater, denn er f\u00fcrchtet um unser aller Wohl und zieht auch gleich wieder die Kinder- und M\u00f6rderkarte, auf dass auch der letzte Widerspruch im Keim erstickt werde:<\/p>\n<blockquote><p>&#8222;Der Wegfall der Mindestspeicherfrist f\u00fcr Telekommunikationsdaten  hat zu einer gravierenden Schutzl\u00fccke im Kampf gegen Terrorismus,  Kinderpornografie, sexuellen Missbrauch von Kindern sowie bei der  Aufkl\u00e4rung von Mord und Totschlag gef\u00fchrt&#8220;<\/p><\/blockquote>\n<p>J\u00e4ger schl\u00e4gt eine sechsmonatigen Frist vor und spricht dabei sogar von einem &#8222;Kompromiss&#8220;. Ist dies nicht auch die Frist gewesen, mit der Daten gespeichert wurden, bevor das Bundesverfassungsgericht das Gesetz zur Vorratsdatenspeicherung gekippt hat? Wo steckt da der Kompromiss?<\/p>\n<p>Berlins Innensenator Ehrhart K\u00f6rting (SPD) glaubt, die Regierungskoalition bei diesem Thema antreiben zu k\u00f6nnen und w\u00e4hlte eine volksnahe Ausdrucksweise, um seinen Unmut auszudr\u00fccken:<\/p>\n<blockquote><p>&#8222;Der Bund m\u00fcsse hier endlich in die  P\u00f6tte kommen.&#8220;<\/p><\/blockquote>\n<p>Die drei haben noch einen SPD-Parteichef namens Sigmar Gabriel, und der meint dazu:<\/p>\n<blockquote><p>Seine Partei sei \u00fcberzeugt, dass die Vorratsdatenspeicherung richtig sei und das Bundesverfassungsgericht ausreichende Regelungsgrunds\u00e4tze erlassen habe.&#8220;<\/p><\/blockquote>\n<p>Wo soll das noch hinf\u00fchren? Welchen Weg will die SPD hier einschlagen? Wird sich doch noch irgendwann die Einsicht durchsetzen, dass wir \u2013 das Wahlvolk \u2013 die ganze Vorratsdatenspeicherei nicht wollen und komplett ablehnen? Oder kann man bei der SPD auf unsere W\u00e4hlerstimmen tats\u00e4chlich dauerhaft verzichten und richtet sich bereits als Juniorpartner einer Neuauflage der schwarz-roten Koalition ein? Daf\u00fcr w\u00fcrden auch 18% bereits reichen. Zur Erinnerung &#8211; 18 Prozent, das war 2002 das Ziel der FDP; damals erreichte die SPD noch 38,6% der W\u00e4hlerstimmen.<\/p>\n<p>Wie gut die Vorratsdatenspeicherung tats\u00e4chlich in die Werkzeugkiste der Polizei passt, zeigen zwei aktuelle Vorg\u00e4nge aus Sachsen. Dort werden seit zwei Jahren\u00a0 einem <a rel=\"external\" href=\"http:\/\/www.mdr.de\/sachsen\/8746615.html\" target=\"_blank\">Bericht<\/a> des Senders MDR zufolge beim Landeskriminalamt Sachsen tausende Kundendaten  der Baumarktkette OBI und Mobilfunkdaten aus dem Bereich der Dresdner  Neustadt gespeichert und ausgewertet. Zudem hat die  Polizei bei Protesten gegen Neonazi-Aufm\u00e4rsche Mitte Februar in Dresden Handyverbindungen tausender Demonstranten und Anwohner  ausgewertet. Von allen Handybesitzern, die sich zu dieser Zeit in dem Gebiet  aufhielten, sind ein- und ausgehende Anrufe, SMS und die jeweilige  Position erfasst worden. Ich bin nicht sehr oft einer Meinung mit den Politikern der FDP, aber ich kann Carsten Biesok von der Landtagsfraktion der FDP, die in Sachsen  mitregiert, nur uneingeschr\u00e4nkt zustimmen.<\/p>\n<blockquote><p>&#8222;Die Ereignisse zeigen, dass man der Polizei  bestimmte Mittel nicht in die H\u00e4nde geben d\u00fcrfe. Das gelte vor allem  f\u00fcr die Vorratsdatenspeicherung und pr\u00e4ventive Telefon\u00fcberwachung.&#8220;<\/p><\/blockquote>\n<p>Bitte, liebe SPD-Innenminister: besinnen Sie sich auf Ihre Traditionen und h\u00f6ren Sie endlich auf mit dem Unsinn der Total\u00fcberwachung aller B\u00fcrger. \u00dcberlassen Sie den Verrats-Spruch doch lieber den Innenministern der CDU.<\/p>\n<p>Es gr\u00fc\u00dft herzlich Ihr JeanLuc7<\/p>\n<p>&nbsp;<\/p>\n<p>&nbsp;<\/p>\n<div class=\"twoclick_social_bookmarks_post_727 social_share_privacy clearfix 1.6.4 locale-de_DE sprite-de_DE\"><\/div><div class=\"twoclick-js\"><script type=\"text\/javascript\">\/* <![CDATA[ *\/\njQuery(document).ready(function($){if($('.twoclick_social_bookmarks_post_727')){$('.twoclick_social_bookmarks_post_727').socialSharePrivacy({\"services\":{\"facebook\":{\"status\":\"on\",\"txt_info\":\"2 Klicks f\\u00fcr mehr Datenschutz: Erst wenn Sie hier klicken, wird der Button aktiv und Sie k\\u00f6nnen Ihre Empfehlung an Facebook senden. Schon beim Aktivieren werden Daten an Dritte \\u00fcbertragen - siehe <em>i<\\\/em>.\",\"perma_option\":\"off\",\"action\":\"recommend\",\"language\":\"de_DE\"},\"twitter\":{\"reply_to\":\"\",\"tweet_text\":\"Wer%20hat%20uns%20verraten%3F%20%C2%BB%2053%20Cent\",\"status\":\"on\",\"txt_info\":\"2 Klicks f\\u00fcr mehr Datenschutz: Erst wenn Sie hier klicken, wird der Button aktiv und Sie k\\u00f6nnen Ihre Empfehlung an Twitter senden. Schon beim Aktivieren werden Daten an Dritte \\u00fcbertragen - siehe <em>i<\\\/em>.\",\"perma_option\":\"off\",\"language\":\"de\",\"referrer_track\":\"\"},\"gplus\":{\"status\":\"on\",\"txt_info\":\"2 Klicks f\\u00fcr mehr Datenschutz: Erst wenn Sie hier klicken, wird der Button aktiv und Sie k\\u00f6nnen Ihre Empfehlung an Google+ senden. Schon beim Aktivieren werden Daten an Dritte \\u00fcbertragen - siehe <em>i<\\\/em>.\",\"perma_option\":\"off\",\"referrer_track\":\"\"},\"flattr\":{\"uid\":\"\",\"status\":\"on\",\"the_title\":\"Wer%20hat%20uns%20verraten%3F\",\"the_excerpt\":\"Liebe%20SPD-Innenminister%2C%0D%0A%0D%0Aich%20wei%C3%9F%20-%20der%20Sch%C3%BCttelreim%20mit%20dem%20%22Sozialdemokraten%21%22-Ende%20stammt%20eigentlich%20aus%20der%20Zeit%20nach%20dem%20ersten%20Weltkrieg%2C%20wurde%20von%20der%20damaligen%20KPD%20in%20die%20Welt%20gesetzt%20und%20dann%20immer%20und%20immer%20wieder%20benutzt%2C%20wenn%20es%20darum%20ging%2C%20den%20Sozis%20etwas%20anzuh%C3%A4ngen.%20Und%20genau%20deshalb%20passt%20er%20heute%20-%20wieder%20einmal.%0D%0A%0D%0AIch%20will%20gar%20nicht%20%C3%BCber%20die%20Sozialdemokraten%20im%20Allgemeinen%20...\",\"txt_info\":\"2 Klicks f\\u00fcr mehr Datenschutz: Erst wenn Sie hier klicken, wird der Button aktiv und Sie k\\u00f6nnen Ihre Empfehlung an Flattr senden. Schon beim Aktivieren werden Daten an Dritte \\u00fcbertragen - siehe <em>i<\\\/em>.\",\"perma_option\":\"off\"}},\"txt_help\":\"Wenn Sie diese Felder durch einen Klick aktivieren, werden Informationen an Facebook, Twitter, Flattr, Xing, t3n, LinkedIn, Pinterest oder Google eventuell ins Ausland \\u00fcbertragen und unter Umst\\u00e4nden auch dort gespeichert. N\\u00e4heres erfahren Sie durch einen Klick auf das <em>i<\\\/em>.\",\"settings_perma\":\"Dauerhaft aktivieren und Daten\\u00fcber-tragung zustimmen:\",\"info_link\":\"http:\\\/\\\/www.heise.de\\\/ct\\\/artikel\\\/2-Klicks-fuer-mehr-Datenschutz-1333879.html\",\"uri\":\"https:\\\/\\\/www.brennecke.org\\\/?p=727\",\"post_id\":727,\"post_title_referrer_track\":\"Wer+hat+uns+verraten%3F\",\"display_infobox\":\"on\"});}});\n\/* ]]> *\/<\/script><\/div>","protected":false},"excerpt":{"rendered":"<p>Liebe SPD-Innenminister, ich wei\u00df &#8211; der Sch\u00fcttelreim mit dem &#8222;Sozialdemokraten!&#8220;-Ende stammt eigentlich aus der Zeit nach dem ersten Weltkrieg, wurde von der damaligen KPD in die Welt gesetzt und dann immer und immer wieder benutzt, wenn es darum ging, den &hellip; <a href=\"https:\/\/www.brennecke.org\/?p=727\">Weiterlesen <span class=\"meta-nav\">&rarr;<\/span><\/a><\/p>\n","protected":false},"author":1,"featured_media":0,"comment_status":"closed","ping_status":"open","sticky":false,"template":"","format":"standard","meta":{"footnotes":""},"categories":[1],"tags":[],"_links":{"self":[{"href":"https:\/\/www.brennecke.org\/index.php?rest_route=\/wp\/v2\/posts\/727"}],"collection":[{"href":"https:\/\/www.brennecke.org\/index.php?rest_route=\/wp\/v2\/posts"}],"about":[{"href":"https:\/\/www.brennecke.org\/index.php?rest_route=\/wp\/v2\/types\/post"}],"author":[{"embeddable":true,"href":"https:\/\/www.brennecke.org\/index.php?rest_route=\/wp\/v2\/users\/1"}],"replies":[{"embeddable":true,"href":"https:\/\/www.brennecke.org\/index.php?rest_route=%2Fwp%2Fv2%2Fcomments&post=727"}],"version-history":[{"count":6,"href":"https:\/\/www.brennecke.org\/index.php?rest_route=\/wp\/v2\/posts\/727\/revisions"}],"predecessor-version":[{"id":3813,"href":"https:\/\/www.brennecke.org\/index.php?rest_route=\/wp\/v2\/posts\/727\/revisions\/3813"}],"wp:attachment":[{"href":"https:\/\/www.brennecke.org\/index.php?rest_route=%2Fwp%2Fv2%2Fmedia&parent=727"}],"wp:term":[{"taxonomy":"category","embeddable":true,"href":"https:\/\/www.brennecke.org\/index.php?rest_route=%2Fwp%2Fv2%2Fcategories&post=727"},{"taxonomy":"post_tag","embeddable":true,"href":"https:\/\/www.brennecke.org\/index.php?rest_route=%2Fwp%2Fv2%2Ftags&post=727"}],"curies":[{"name":"wp","href":"https:\/\/api.w.org\/{rel}","templated":true}]}}