{"id":856,"date":"2011-07-31T21:45:12","date_gmt":"2011-07-31T19:45:12","guid":{"rendered":"http:\/\/www.brennecke.org\/?p=856"},"modified":"2018-05-14T09:06:38","modified_gmt":"2018-05-14T08:06:38","slug":"verbietet-minderheiten","status":"publish","type":"post","link":"https:\/\/www.brennecke.org\/?p=856","title":{"rendered":"Verbietet Minderheiten!"},"content":{"rendered":"<p>Werte Leserinnen und Leser,<\/p>\n<p>nach den Attentaten in Norwegen haben die deutschen Politiker piet\u00e4tslos schnell ihre klare Linie gefunden. Hans-Peter Uhl von der CSU wusste schon wenige Stunden sp\u00e4ter, dass &#8222;<a href=\"http:\/\/www.dradio.de\/dlf\/sendungen\/interview_dlf\/1513109\/\">diese Tat im Internet geboren<\/a>&#8220; wurde. Und nat\u00fcrlich folgte dieser Erkenntnis sogleich die \u00fcbliche Forderung nach der Wiedereinf\u00fchrung der Vorratsdatenspeicherung und sch\u00e4rferen Kontrollen im Internet. SPD-Chef Gabriel, bekannt f\u00fcr seine gute Nase f\u00fcr die Volksmeinung, st\u00f6\u00dft nun ins gleiche Horn und verlangt ebenfalls <a href=\"http:\/\/www.heise.de\/newsticker\/meldung\/SPD-Chef-fordert-schaerfere-Kontrolle-des-Internet-1288953.html\">sch\u00e4rfere Kontrollen und mehr Denunziantentum<\/a> im Internet. Aber beide sagen nicht, dass auch die sch\u00e4rfsten Sicherheitsgesetze uns nicht vor den wirklich Verr\u00fcckten sch\u00fctzen k\u00f6nnen, <a href=\"http:\/\/de.newsblogs.ws\/politik\/wiefelsputz-gegen-starkere-uberwachung-des-internets-785.html\">obwohl sie es wissen sollten<\/a>.<\/p>\n<p>Die BILD-Zeitung, immer um Volkes rechte Stimme bem\u00fcht, geht noch einen Schritt weiter. In einer <a href=\"http:\/\/www.bild.de\/politik\/inland\/umfrage\/nach-norwegen-massaker-deutsche-gegen-schusswaffen-in-privat-haushalten-19141612.bild.html\">Umfrage<\/a> konnten &#8222;repr\u00e4sentativ ausgew\u00e4hlte B\u00fcrger&#8220; zu folgenden vier Themen antworten:<\/p>\n<ul>\n<li>Sollen Schusswaffen wie Gewehre und Pistolen in privaten Haushalten generell verboten werden?<\/li>\n<li>Sollen Polizei und Verfassungsschutz das Internet st\u00e4rker  kontrollieren und extremistische und gewaltverherrlichende Inhalte so  weit m\u00f6glich l\u00f6schen bzw. sperren?<\/li>\n<li>Soll die rechtsextreme NPD verboten werden?<\/li>\n<li>Sollen Killerspiele (sogenannte \u201eEgo-Shooter\u201c) generell verboten werden?<\/li>\n<\/ul>\n<p>Einmal abgesehen davon, wie wenig sich die Meinungsforscher bei der Kombination dieser Fragen gedacht haben m\u00f6gen: man ahnt bereits, wie die Umfrage ausging. 79% sind gegen Schusswaffen in Privathaushalten, 80% f\u00fcr eine sch\u00e4rfere Internetregulierung, 63% wollen die NPD verbieten und 64% sind f\u00fcr ein Killerspielverbot &#8211; satte Mehrheiten bei jeder Frage, und alles im Namen von Recht und Ordnung.Wir werden in den n\u00e4chsten Tagen erleben, wie die Herren Uhl, Bosbach und Krings diese Daten f\u00fcr ihre Zwecke ausschlachten und einen st\u00e4rkeren Staat und angepasste B\u00fcrger fordern werden.<\/p>\n<p>Auf die Killerspielfrage antworteten 89 Prozent der Rentner, sie seien f\u00fcr ein Verbot (58 Prozent der 14-29-J\u00e4hrigen sind dagegen). Man muss sich fragen, wie die Meinungsbildung der bekannterma\u00dfen wenig computeraffinen Rentner zustande kommt, aber die Antwort liegt auf der Hand: die Umfrage verlinkt sogleich zu einem Artikel \u00fcber &#8222;<a href=\"http:\/\/www.bild.de\/politik\/inland\/norwegen-massaker\/so-organisiert-sich-das-boese-im-netz-19079450.bild.html\">das B\u00f6se im Internet<\/a>&#8222;. Aus Presse und TV wissen wir: Kindersch\u00e4nder, Bankbetr\u00fcger, Volksverhetzer, Extremisten, Fanatiker, Kommunisten, Homosexuelle, Atheisten, Muslime, Christen, Sozialdemokraten, Liberale und sogar Konservative, sie alle treiben ihr Unwesen im Internet.<\/p>\n<p>Sind da ein paar Gruppen zuviel in meine Aufz\u00e4hlung gerutscht? Keinesfalls. Jede der aufgez\u00e4hlten Gruppe findet sich am Stammtisch, bei Umfragen und in Internetforen an dem einen oder anderen Pranger wieder. Und jede der aufgez\u00e4hlten Gruppen ist, gemessen an der Gesamtzahl der Bev\u00f6lkerung, eine Minderheit. Das Strafrecht verfolgt \u00fcbrigens nur die ersten drei Gruppen.<\/p>\n<p>Umfragen sind gl\u00fccklicherweise noch keine demokratischen Abstimmungen. Und die H\u00fcrden f\u00fcr die direkte Demokratie h\u00e4ngen in Deutschland bewusst sehr hoch, denn sonst k\u00f6nnten auch die folgenden Fragen gestellt werden &#8211; und wir w\u00fcrden\u00a0 bei denselben Befragten auch Zweidrittelmehrheiten f\u00fcr ein &#8222;Ja&#8220; erhalten:<\/p>\n<ul>\n<li>Soll der Staat Flugzeuge abschie\u00dfen d\u00fcrfen, wenn darin Terroristen vermutet werden? (Ok, das war einfach, denn daf\u00fcr gab es sogar eine parlamentarische Mehrheit, bis das Bundesverfassungsgericht das entsprechende Gesetzt als nicht verfassungsgem\u00e4\u00df aufhob.)<\/li>\n<li>Soll der Bau von Minaretten verboten werden? (In der Schweiz wurde dies per Volksentscheid beschlossen, in Deutschland gab es Umfragen, die ein \u00e4hnliches Bild wie in der Schweiz zeichneten.)<\/li>\n<li>Soll die Burka verboten werden? (Bereits Gesetz in Frankreich)<\/li>\n<li>Soll Homosexuellen das Recht auf Adoption verweigert werden?<\/li>\n<li>Soll Raubkopierern der Internetzugang gesperrt werden? (bereits Gesetz in Frankreich und England)<\/li>\n<li>Sollen die Wohnorte vorbestrafter P\u00e4dophiler \u00f6ffentlich einsehbar sein?<\/li>\n<\/ul>\n<p>Falls Sie bei einer der Fragen nicht so genau wissen, ob ein &#8222;Ja&#8220; nicht doch sinnvoll w\u00e4re: nach derzeitiger Rechtsprechung w\u00e4re kein einziges &#8222;Ja&#8220; verfassungsgem\u00e4\u00df &#8211; auch die Fragestellung selbst w\u00e4re bereits ein Versto\u00df gegen <a href=\"http:\/\/dejure.org\/gesetze\/GG\/1.html\">Artikel 1, Absatz 1 des Grundgesetzes<\/a>. Minderheiten kann man in Deutschland nicht verbieten. Und seit die <a href=\"http:\/\/11k2.wordpress.com\/2011\/06\/04\/un-bericht-internetzugang-ist-ein-menschenrecht\/\">Vereinten Nationen (UN)<\/a> die Sperrung des Internetzugangs als eine Verletzung der Menschenrechte einstufen, ist auch diese Frage beantwortet.<\/p>\n<p>Unsinnige Umfragen und Populismus der Politiker helfen weder im Umgang mit Extremisten noch bei der Suche nach einem vern\u00fcnftigen Weg zu Sicherheit und Freiheit. Beeindruckend war die <a href=\"http:\/\/www.zeit.de\/politik\/ausland\/2011-07\/stoltenberg-norwegen-attentat\">Reaktion<\/a> des norwegischen Ministerpr\u00e4sident Stoltenberg auf die Attentate: &#8222;Unsere Antwort wird mehr Offenheit und mehr Demokratie sein&#8220;. Ich kann diesen Satz den deutschen Politikern in SPD, CDU und CSU (und auch den deutschen Rentnern) nur ans Herz legen.<\/p>\n<p>Eine Internet-Stasi brauchen wir jedenfalls nicht.<\/p>\n<p>Herzlichst,<\/p>\n<p>Ihr JeanLuc7<\/p>\n<div class=\"twoclick_social_bookmarks_post_856 social_share_privacy clearfix 1.6.4 locale-de_DE sprite-de_DE\"><\/div><div class=\"twoclick-js\"><script type=\"text\/javascript\">\/* <![CDATA[ *\/\njQuery(document).ready(function($){if($('.twoclick_social_bookmarks_post_856')){$('.twoclick_social_bookmarks_post_856').socialSharePrivacy({\"services\":{\"facebook\":{\"status\":\"on\",\"txt_info\":\"2 Klicks f\\u00fcr mehr Datenschutz: Erst wenn Sie hier klicken, wird der Button aktiv und Sie k\\u00f6nnen Ihre Empfehlung an Facebook senden. Schon beim Aktivieren werden Daten an Dritte \\u00fcbertragen - siehe <em>i<\\\/em>.\",\"perma_option\":\"off\",\"action\":\"recommend\",\"language\":\"de_DE\"},\"twitter\":{\"reply_to\":\"\",\"tweet_text\":\"%20Verbietet%20Minderheiten%21%20%C2%BB%2053%20Cent%20%23Attentat%20%23BILD%20%23Bosbach%20%23CDU.Uhl%20...\",\"status\":\"on\",\"txt_info\":\"2 Klicks f\\u00fcr mehr Datenschutz: Erst wenn Sie hier klicken, wird der Button aktiv und Sie k\\u00f6nnen Ihre Empfehlung an Twitter senden. Schon beim Aktivieren werden Daten an Dritte \\u00fcbertragen - siehe <em>i<\\\/em>.\",\"perma_option\":\"off\",\"language\":\"de\",\"referrer_track\":\"\"},\"gplus\":{\"status\":\"on\",\"txt_info\":\"2 Klicks f\\u00fcr mehr Datenschutz: Erst wenn Sie hier klicken, wird der Button aktiv und Sie k\\u00f6nnen Ihre Empfehlung an Google+ senden. Schon beim Aktivieren werden Daten an Dritte \\u00fcbertragen - siehe <em>i<\\\/em>.\",\"perma_option\":\"off\",\"referrer_track\":\"\"},\"flattr\":{\"uid\":\"\",\"status\":\"on\",\"the_title\":\"Verbietet%20Minderheiten%21\",\"the_excerpt\":\"Werte%20Leserinnen%20und%20Leser%2C%0D%0A%0D%0Anach%20den%20Attentaten%20in%20Norwegen%20haben%20die%20deutschen%20Politiker%20piet%C3%A4tslos%20schnell%20ihre%20klare%20Linie%20gefunden.%20Hans-Peter%20Uhl%20von%20der%20CSU%20wusste%20schon%20wenige%20Stunden%20sp%C3%A4ter%2C%20dass%20%22diese%20Tat%20im%20Internet%20geboren%22%20wurde.%20Und%20nat%C3%BCrlich%20folgte%20dieser%20Erkenntnis%20sogleich%20die%20%C3%BCbliche%20Forderung%20nach%20der%20Wiedereinf%C3%BChrung%20der%20Vorratsdatenspeicherung%20und%20sch%C3%A4rferen%20Kontrollen%20%20...\",\"txt_info\":\"2 Klicks f\\u00fcr mehr Datenschutz: Erst wenn Sie hier klicken, wird der Button aktiv und Sie k\\u00f6nnen Ihre Empfehlung an Flattr senden. Schon beim Aktivieren werden Daten an Dritte \\u00fcbertragen - siehe <em>i<\\\/em>.\",\"perma_option\":\"off\"}},\"txt_help\":\"Wenn Sie diese Felder durch einen Klick aktivieren, werden Informationen an Facebook, Twitter, Flattr, Xing, t3n, LinkedIn, Pinterest oder Google eventuell ins Ausland \\u00fcbertragen und unter Umst\\u00e4nden auch dort gespeichert. N\\u00e4heres erfahren Sie durch einen Klick auf das <em>i<\\\/em>.\",\"settings_perma\":\"Dauerhaft aktivieren und Daten\\u00fcber-tragung zustimmen:\",\"info_link\":\"http:\\\/\\\/www.heise.de\\\/ct\\\/artikel\\\/2-Klicks-fuer-mehr-Datenschutz-1333879.html\",\"uri\":\"https:\\\/\\\/www.brennecke.org\\\/?p=856\",\"post_id\":856,\"post_title_referrer_track\":\"Verbietet+Minderheiten%21\",\"display_infobox\":\"on\"});}});\n\/* ]]> *\/<\/script><\/div>","protected":false},"excerpt":{"rendered":"<p>Werte Leserinnen und Leser, nach den Attentaten in Norwegen haben die deutschen Politiker piet\u00e4tslos schnell ihre klare Linie gefunden. Hans-Peter Uhl von der CSU wusste schon wenige Stunden sp\u00e4ter, dass &#8222;diese Tat im Internet geboren&#8220; wurde. Und nat\u00fcrlich folgte dieser &hellip; <a href=\"https:\/\/www.brennecke.org\/?p=856\">Weiterlesen <span class=\"meta-nav\">&rarr;<\/span><\/a><\/p>\n","protected":false},"author":1,"featured_media":0,"comment_status":"closed","ping_status":"open","sticky":false,"template":"","format":"standard","meta":{"footnotes":""},"categories":[1,3],"tags":[281,282,263,278,279,47,53,262,11,277,284,280,283,141],"_links":{"self":[{"href":"https:\/\/www.brennecke.org\/index.php?rest_route=\/wp\/v2\/posts\/856"}],"collection":[{"href":"https:\/\/www.brennecke.org\/index.php?rest_route=\/wp\/v2\/posts"}],"about":[{"href":"https:\/\/www.brennecke.org\/index.php?rest_route=\/wp\/v2\/types\/post"}],"author":[{"embeddable":true,"href":"https:\/\/www.brennecke.org\/index.php?rest_route=\/wp\/v2\/users\/1"}],"replies":[{"embeddable":true,"href":"https:\/\/www.brennecke.org\/index.php?rest_route=%2Fwp%2Fv2%2Fcomments&post=856"}],"version-history":[{"count":18,"href":"https:\/\/www.brennecke.org\/index.php?rest_route=\/wp\/v2\/posts\/856\/revisions"}],"predecessor-version":[{"id":3812,"href":"https:\/\/www.brennecke.org\/index.php?rest_route=\/wp\/v2\/posts\/856\/revisions\/3812"}],"wp:attachment":[{"href":"https:\/\/www.brennecke.org\/index.php?rest_route=%2Fwp%2Fv2%2Fmedia&parent=856"}],"wp:term":[{"taxonomy":"category","embeddable":true,"href":"https:\/\/www.brennecke.org\/index.php?rest_route=%2Fwp%2Fv2%2Fcategories&post=856"},{"taxonomy":"post_tag","embeddable":true,"href":"https:\/\/www.brennecke.org\/index.php?rest_route=%2Fwp%2Fv2%2Ftags&post=856"}],"curies":[{"name":"wp","href":"https:\/\/api.w.org\/{rel}","templated":true}]}}