{"id":925,"date":"2011-09-01T14:01:57","date_gmt":"2011-09-01T12:01:57","guid":{"rendered":"http:\/\/www.brennecke.org\/?p=925"},"modified":"2018-05-14T09:06:37","modified_gmt":"2018-05-14T08:06:37","slug":"cool-bleiben-herr-schumacher","status":"publish","type":"post","link":"https:\/\/www.brennecke.org\/?p=925","title":{"rendered":"Cool bleiben, Herr Schumacher!"},"content":{"rendered":"<p>Werter Hajo Schumacher,<\/p>\n<p>da haben Sie in Ihrem Artikel ja geh\u00f6rig Staub aufgewirbelt in den einschl\u00e4gigen Foren und Gazetten mit Ihrer &#8222;<a href=\"http:\/\/www.spiegel.de\/netzwelt\/gadgets\/0,1518,781811,00.html\">Abrechnung eines Ex-Apple-Fans<\/a>&#8222;. Gut, dass im Titel das Wort &#8222;Apple&#8220; steht, andernfalls k\u00f6nnte man den Artikel fast mit dem Kommentar Ihres Kollegen Roland Nelles zum <a href=\"http:\/\/www.spiegel.de\/politik\/deutschland\/0,1518,783054,00.html\">Fall Westerwelle<\/a> verwechseln.<\/p>\n<p>Sie haben recht: Apple ist genauso wenig heute unser Heilsbringer wie das in den Neunzigern IBM mit OS\/2 war &#8211; beide hatten mal den Status des Underdogs, und das macht es f\u00fcr Leute wie mich so reizvoll, sie zu unterst\u00fctzen. Au\u00dferdem mag ich schlanke, schicke Gadgets, die nicht nach Baumarkt aussehen. Soweit, so gut. Heute haben viele Leute einen Mac, die fr\u00fcher nur billige Netbooks gekauft haben. Von iPads und iPhones will ich gar nicht reden, die hat ja fast jeder wie fr\u00fcher den iPod. Kann man es ihnen ver\u00fcbeln? Es sind doch nach wie vor h\u00fcbsche Ger\u00e4te.<\/p>\n<p>Apple ist in erster und auch letzter Linie ein Industriekonzern. Man hat dort in den letzten Jahren offenbar auf die richtigen Pferde gesetzt, womit man deutlich gewachsen ist &#8211;\u00a0 entgegen dem Industrietrend. Samsung beschreitet diesen Weg derzeit ebenfalls, und dort hat man auch sehr sch\u00f6ne, elegante Produkte &#8211; genau das macht Samsung so gef\u00e4hrlich f\u00fcr Apple. Offenbar beobachtet man Apple schon sehr lange; ich besitze einen bordeaux-wei\u00df-gl\u00e4nzenden <a href=\"http:\/\/www.samsung.de\/de\/Privatkunden\/Buero\/DruckerMFP\/Fotodrucker\/spp2020\/SPP-2020SEE\/detail.aspx\">Fotodrucker<\/a> dieser Firma, dessen Design und Verpackung bereits im Jahre 2006 \u00e4u\u00dferst offensichtlich an die damaligen Apple-Produkte angelehnt war.<\/p>\n<p>Aber zur\u00fcck zu Apple: Deren wichtigste Aufgabe ist es, Geld zu verdienen, und diese Aufgabe erledigen sie momentan sehr gut. Das wird sich auch wieder \u00e4ndern; letztlich gibt es eine gewisse nat\u00fcrliche Grenze f\u00fcr die nutzbare Anzahl von i-Ger\u00e4ten. Der\u00a0 Vollst\u00e4ndigkeit halber: Hewlett-Packard, die sich gerade von ihrer PC-Sparte wegen geringer Margen trennen wollen, haben einen dreimal h\u00f6heren Marktanteil als Apple.<\/p>\n<p>Herr Schumacher bel\u00e4chelt die Apple-Religion mit ihren Gl\u00e4ubigen. Aber zu Religionen\u00a0 geh\u00f6ren auch immer deren Hasser, und mit seiner Abrechnung macht sich Herr Schumacher leider wieder zum Teil des Geschehens. Von einer unabh\u00e4ngigen Position k\u00f6nnte er gleichzeitig das MacBook Air geil finden und den spiegelnden iMac f\u00fcr ein unn\u00fctzes St\u00fcck Hardware halten. Er kann gleichzeitig iTunes benutzen und trotzdem die Medienbeschr\u00e4nkungen von iTunes kritisieren. Derzeit liegt beispielsweise Lion wie Blei auf meiner Festplatte &#8211; es wird noch einige Zeit dauern, bis ich mich damit anfreunde. Trotzdem habe ich es gekauft.<\/p>\n<p>Ich kann sogar Frau K\u00fcnast nicht m\u00f6gen und trotzdem gr\u00fcn w\u00e4hlen.<\/p>\n<p>Zum Angeben mit Gadgets geh\u00f6ren immer zwei, und solange die Leute noch aufblicken, wenn jemand &#8222;iPaddet&#8220; (Aber Herr Schumacher! welch ein Deutsch!), wird es Menschen geben, die ein warmes Gef\u00fchl in der Brsut bekommen, wenn sie ihr iPad in der U-Bahn nur zur Schau aus der Tasche zu ziehen. So ist das seit ewigen Zeiten mit Autos, Markenkleidung, sekund\u00e4ren Geschlechtsmerkmalen und vielem anderen. \u00dcbrigens ist Gew\u00f6hnung der gr\u00f6\u00dfte Feind des Angebens &#8211; heute schauen die Leute eher genervt, wenn man sein iPhone aus der Tasche holt.<\/p>\n<p>Ich empfehle den Leuten, die mich fragen, passende Produkte, die ich f\u00fcr gut und brauchbar befunden habe. Einem potenziellen Kunden habe ich k\u00fcrzlich vom iPad abgeraten und den amazon kindle empfohlen, weil er ein Ger\u00e4t zum Lesen und ohne<br \/>\nAblenkung suchte. Vorletzte Woche rief er an und bedankte sich f\u00fcr die Empfehlung, er ist gl\u00fccklich damit. Anderen hingegen rate ich zum iPad, weil dessen Angebot zu ihren Anforderungen passt.<\/p>\n<p>Es w\u00fcrde der Diskussionskultur generell gut tun, wenn alle einen Gang zur\u00fcckschalten. Apple ist keine Religion, neue Apple-Produkte sind kein Schreine, und Apple-Restriktionen sind keine Dogmen. Aber die Welt bleibt farbig, und ein Produkt, das mir nicht gef\u00e4llt, ist kein Grund, mit Apple und Steve Jobs &#8222;abzurechnen&#8220; &#8211; ich kenne ihn nicht einmal.<\/p>\n<p>Frau K\u00fcnast kenne ich \u00fcbrigens auch nicht.<\/p>\n<p>Es gr\u00fc\u00dft Ihr JeanLuc7<\/p>\n<div class=\"twoclick_social_bookmarks_post_925 social_share_privacy clearfix 1.6.4 locale-de_DE sprite-de_DE\"><\/div><div class=\"twoclick-js\"><script type=\"text\/javascript\">\/* <![CDATA[ *\/\njQuery(document).ready(function($){if($('.twoclick_social_bookmarks_post_925')){$('.twoclick_social_bookmarks_post_925').socialSharePrivacy({\"services\":{\"facebook\":{\"status\":\"on\",\"txt_info\":\"2 Klicks f\\u00fcr mehr Datenschutz: Erst wenn Sie hier klicken, wird der Button aktiv und Sie k\\u00f6nnen Ihre Empfehlung an Facebook senden. Schon beim Aktivieren werden Daten an Dritte \\u00fcbertragen - siehe <em>i<\\\/em>.\",\"perma_option\":\"off\",\"action\":\"recommend\",\"language\":\"de_DE\"},\"twitter\":{\"reply_to\":\"\",\"tweet_text\":\"%20Cool%20bleiben%2C%20Herr%20Schumacher%21%20%C2%BB%2053%20Cent%20%23Apple%20%23iPad%20%23iPhone%20%23Religion%20...\",\"status\":\"on\",\"txt_info\":\"2 Klicks f\\u00fcr mehr Datenschutz: Erst wenn Sie hier klicken, wird der Button aktiv und Sie k\\u00f6nnen Ihre Empfehlung an Twitter senden. Schon beim Aktivieren werden Daten an Dritte \\u00fcbertragen - siehe <em>i<\\\/em>.\",\"perma_option\":\"off\",\"language\":\"de\",\"referrer_track\":\"\"},\"gplus\":{\"status\":\"on\",\"txt_info\":\"2 Klicks f\\u00fcr mehr Datenschutz: Erst wenn Sie hier klicken, wird der Button aktiv und Sie k\\u00f6nnen Ihre Empfehlung an Google+ senden. Schon beim Aktivieren werden Daten an Dritte \\u00fcbertragen - siehe <em>i<\\\/em>.\",\"perma_option\":\"off\",\"referrer_track\":\"\"},\"flattr\":{\"uid\":\"\",\"status\":\"on\",\"the_title\":\"Cool%20bleiben%2C%20Herr%20Schumacher%21\",\"the_excerpt\":\"Werter%20Hajo%20Schumacher%2C%0D%0A%0D%0Ada%20haben%20Sie%20in%20Ihrem%20Artikel%20ja%20geh%C3%B6rig%20Staub%20aufgewirbelt%20in%20den%20einschl%C3%A4gigen%20Foren%20und%20Gazetten%20mit%20Ihrer%20%22Abrechnung%20eines%20Ex-Apple-Fans%22.%20Gut%2C%20dass%20im%20Titel%20das%20Wort%20%22Apple%22%20steht%2C%20andernfalls%20k%C3%B6nnte%20man%20den%20Artikel%20fast%20mit%20dem%20Kommentar%20Ihres%20Kollegen%20Roland%20Nelles%20zum%20Fall%20Westerwelle%20verwechseln.%0D%0A%0D%0ASie%20haben%20recht%3A%20Apple%20ist%20genauso%20wenig%20heute%20unser%20Heils%20...\",\"txt_info\":\"2 Klicks f\\u00fcr mehr Datenschutz: Erst wenn Sie hier klicken, wird der Button aktiv und Sie k\\u00f6nnen Ihre Empfehlung an Flattr senden. Schon beim Aktivieren werden Daten an Dritte \\u00fcbertragen - siehe <em>i<\\\/em>.\",\"perma_option\":\"off\"}},\"txt_help\":\"Wenn Sie diese Felder durch einen Klick aktivieren, werden Informationen an Facebook, Twitter, Flattr, Xing, t3n, LinkedIn, Pinterest oder Google eventuell ins Ausland \\u00fcbertragen und unter Umst\\u00e4nden auch dort gespeichert. N\\u00e4heres erfahren Sie durch einen Klick auf das <em>i<\\\/em>.\",\"settings_perma\":\"Dauerhaft aktivieren und Daten\\u00fcber-tragung zustimmen:\",\"info_link\":\"http:\\\/\\\/www.heise.de\\\/ct\\\/artikel\\\/2-Klicks-fuer-mehr-Datenschutz-1333879.html\",\"uri\":\"https:\\\/\\\/www.brennecke.org\\\/?p=925\",\"post_id\":925,\"post_title_referrer_track\":\"Cool+bleiben%2C+Herr+Schumacher%21\",\"display_infobox\":\"on\"});}});\n\/* ]]> *\/<\/script><\/div>","protected":false},"excerpt":{"rendered":"<p>Werter Hajo Schumacher, da haben Sie in Ihrem Artikel ja geh\u00f6rig Staub aufgewirbelt in den einschl\u00e4gigen Foren und Gazetten mit Ihrer &#8222;Abrechnung eines Ex-Apple-Fans&#8222;. Gut, dass im Titel das Wort &#8222;Apple&#8220; steht, andernfalls k\u00f6nnte man den Artikel fast mit dem &hellip; <a href=\"https:\/\/www.brennecke.org\/?p=925\">Weiterlesen <span class=\"meta-nav\">&rarr;<\/span><\/a><\/p>\n","protected":false},"author":1,"featured_media":0,"comment_status":"closed","ping_status":"open","sticky":false,"template":"","format":"standard","meta":{"footnotes":""},"categories":[1,4,17],"tags":[131,215,125,11,290],"_links":{"self":[{"href":"https:\/\/www.brennecke.org\/index.php?rest_route=\/wp\/v2\/posts\/925"}],"collection":[{"href":"https:\/\/www.brennecke.org\/index.php?rest_route=\/wp\/v2\/posts"}],"about":[{"href":"https:\/\/www.brennecke.org\/index.php?rest_route=\/wp\/v2\/types\/post"}],"author":[{"embeddable":true,"href":"https:\/\/www.brennecke.org\/index.php?rest_route=\/wp\/v2\/users\/1"}],"replies":[{"embeddable":true,"href":"https:\/\/www.brennecke.org\/index.php?rest_route=%2Fwp%2Fv2%2Fcomments&post=925"}],"version-history":[{"count":6,"href":"https:\/\/www.brennecke.org\/index.php?rest_route=\/wp\/v2\/posts\/925\/revisions"}],"predecessor-version":[{"id":3784,"href":"https:\/\/www.brennecke.org\/index.php?rest_route=\/wp\/v2\/posts\/925\/revisions\/3784"}],"wp:attachment":[{"href":"https:\/\/www.brennecke.org\/index.php?rest_route=%2Fwp%2Fv2%2Fmedia&parent=925"}],"wp:term":[{"taxonomy":"category","embeddable":true,"href":"https:\/\/www.brennecke.org\/index.php?rest_route=%2Fwp%2Fv2%2Fcategories&post=925"},{"taxonomy":"post_tag","embeddable":true,"href":"https:\/\/www.brennecke.org\/index.php?rest_route=%2Fwp%2Fv2%2Ftags&post=925"}],"curies":[{"name":"wp","href":"https:\/\/api.w.org\/{rel}","templated":true}]}}