{"id":978,"date":"2011-11-17T12:40:11","date_gmt":"2011-11-17T10:40:11","guid":{"rendered":"http:\/\/www.brennecke.org\/?p=978"},"modified":"2018-05-14T09:06:58","modified_gmt":"2018-05-14T08:06:58","slug":"zwischenspiel-rechte-terrorzelle","status":"publish","type":"post","link":"https:\/\/www.brennecke.org\/?p=978","title":{"rendered":"Zwischenspiel: Rechte Terrorzelle"},"content":{"rendered":"<p>Werte Leserinnen und Leser,<\/p>\n<p>in diesen Tagen wurde die Finanzkrise zeitweise durch eine <a href=\"http:\/\/www.sueddeutsche.de\/politik\/rechter-terror-und-verfassungsschutz-wenn-der-staat-versagt-1.1191241\">Staatskrise<\/a> verdr\u00e4ngt &#8211; offenbar hat man 15 Jahre lange nicht gewusst, dass eine rechtsextreme Terrorbande mordend durch Deutschland zieht. Schuld daran seien der Verfassungsschutz und die Politik, die jahrelang den rechten Terror verharmlost haben. Ganz klar: der Vorwurf ist generell richtig.<\/p>\n<p>Jedoch sollte im konkreten Fall auch folgendes bedacht werden: In Deutschland wurden im Jahr 2010 <a href=\"http:\/\/de.statista.com\/statistik\/daten\/studie\/152525\/umfrage\/entwicklung-der-polizeilichen-aufklaerungsquote-bei-mord-seit-1995\/\">mehr als 96% aller  Morde aufgekl\u00e4rt<\/a>; in den Jahren zuvor sieht die Quote \u00e4hnlich aus. Zur Vollst\u00e4ndigkeit dieser Statistik: Jemand, der zehnmal mordet, wird mit \u00e4u\u00dferst hoher Wahrscheinlichkeit erwischt. Allerdings haben diese Zwickauer Terroristen auf eine Weise gemordet, die im Kriminalwesen als klassische Methode f\u00fcr einen <em>perfekten Mord<\/em> gilt: &#8222;T\u00f6te ohne pers\u00f6nliches Motiv und vermeide jede Kommunikation.&#8220;<\/p>\n<p>Die T\u00e4ter haben diese Methode befolgt: Sie hatten keinerlei Beziehungen zu den Opfern, und sie haben weder durch Bekennerschreiben noch durch ihr soziales Netzwerk Informationen preisgegeben. Das entschuldigt nicht die Verharmlosung des Rechtsextremismus durch die Beh\u00f6rden &#8211; es mag aber erkl\u00e4ren, warum die drei Zwickauer so lange unerkannt bleiben konnten &#8211; sie passten nicht ins typische Bild eines Kapitalverbrechens.<\/p>\n<p>Herzliche Gr\u00fc\u00dfe<\/p>\n<p>JL7<\/p>\n<p>P.S. Die auch in diesem Zusammenhang von Herrn Uhl geforderte <a href=\"http:\/\/www.heise.de\/newsticker\/meldung\/CSU-Politiker-fuer-Vorratsdatenspeicherung-gegen-Neonazis-1380400.html\">Wiedereinf\u00fchrung der anlasslosen Vorratsdatenspeicherung<\/a> h\u00e4tte zu keinerlei verwertbaren Erkenntnissen gef\u00fchrt.<\/p>\n<div class=\"twoclick_social_bookmarks_post_978 social_share_privacy clearfix 1.6.4 locale-de_DE sprite-de_DE\"><\/div><div class=\"twoclick-js\"><script type=\"text\/javascript\">\/* <![CDATA[ *\/\njQuery(document).ready(function($){if($('.twoclick_social_bookmarks_post_978')){$('.twoclick_social_bookmarks_post_978').socialSharePrivacy({\"services\":{\"facebook\":{\"status\":\"on\",\"txt_info\":\"2 Klicks f\\u00fcr mehr Datenschutz: Erst wenn Sie hier klicken, wird der Button aktiv und Sie k\\u00f6nnen Ihre Empfehlung an Facebook senden. Schon beim Aktivieren werden Daten an Dritte \\u00fcbertragen - siehe <em>i<\\\/em>.\",\"perma_option\":\"off\",\"action\":\"recommend\",\"language\":\"de_DE\"},\"twitter\":{\"reply_to\":\"\",\"tweet_text\":\"%20Zwischenspiel%3A%20Rechte%20Terrorzelle%20%C2%BB%2053%20Cent%20%23Kapitalverbrechen%20%23Staatskrise%20...\",\"status\":\"on\",\"txt_info\":\"2 Klicks f\\u00fcr mehr Datenschutz: Erst wenn Sie hier klicken, wird der Button aktiv und Sie k\\u00f6nnen Ihre Empfehlung an Twitter senden. Schon beim Aktivieren werden Daten an Dritte \\u00fcbertragen - siehe <em>i<\\\/em>.\",\"perma_option\":\"off\",\"language\":\"de\",\"referrer_track\":\"\"},\"gplus\":{\"status\":\"on\",\"txt_info\":\"2 Klicks f\\u00fcr mehr Datenschutz: Erst wenn Sie hier klicken, wird der Button aktiv und Sie k\\u00f6nnen Ihre Empfehlung an Google+ senden. Schon beim Aktivieren werden Daten an Dritte \\u00fcbertragen - siehe <em>i<\\\/em>.\",\"perma_option\":\"off\",\"referrer_track\":\"\"},\"flattr\":{\"uid\":\"\",\"status\":\"on\",\"the_title\":\"Zwischenspiel%3A%20Rechte%20Terrorzelle\",\"the_excerpt\":\"Werte%20Leserinnen%20und%20Leser%2C%0D%0A%0D%0Ain%20diesen%20Tagen%20wurde%20die%20Finanzkrise%20zeitweise%20durch%20eine%20Staatskrise%20verdr%C3%A4ngt%20-%20offenbar%20hat%20man%2015%20Jahre%20lange%20nicht%20gewusst%2C%20dass%20eine%20rechtsextreme%20Terrorbande%20mordend%20durch%20Deutschland%20zieht.%20Schuld%20daran%20seien%20der%20Verfassungsschutz%20und%20die%20Politik%2C%20die%20jahrelang%20den%20rechten%20Terror%20verharmlost%20haben.%20Ganz%20klar%3A%20der%20Vorwurf%20ist%20generell%20richtig.%0D%0A%0D%0AJedoch%20s%20...\",\"txt_info\":\"2 Klicks f\\u00fcr mehr Datenschutz: Erst wenn Sie hier klicken, wird der Button aktiv und Sie k\\u00f6nnen Ihre Empfehlung an Flattr senden. Schon beim Aktivieren werden Daten an Dritte \\u00fcbertragen - siehe <em>i<\\\/em>.\",\"perma_option\":\"off\"}},\"txt_help\":\"Wenn Sie diese Felder durch einen Klick aktivieren, werden Informationen an Facebook, Twitter, Flattr, Xing, t3n, LinkedIn, Pinterest oder Google eventuell ins Ausland \\u00fcbertragen und unter Umst\\u00e4nden auch dort gespeichert. N\\u00e4heres erfahren Sie durch einen Klick auf das <em>i<\\\/em>.\",\"settings_perma\":\"Dauerhaft aktivieren und Daten\\u00fcber-tragung zustimmen:\",\"info_link\":\"http:\\\/\\\/www.heise.de\\\/ct\\\/artikel\\\/2-Klicks-fuer-mehr-Datenschutz-1333879.html\",\"uri\":\"https:\\\/\\\/www.brennecke.org\\\/?p=978\",\"post_id\":978,\"post_title_referrer_track\":\"Zwischenspiel%3A+Rechte+Terrorzelle\",\"display_infobox\":\"on\"});}});\n\/* ]]> *\/<\/script><\/div>","protected":false},"excerpt":{"rendered":"<p>Werte Leserinnen und Leser, in diesen Tagen wurde die Finanzkrise zeitweise durch eine Staatskrise verdr\u00e4ngt &#8211; offenbar hat man 15 Jahre lange nicht gewusst, dass eine rechtsextreme Terrorbande mordend durch Deutschland zieht. Schuld daran seien der Verfassungsschutz und die Politik, &hellip; <a href=\"https:\/\/www.brennecke.org\/?p=978\">Weiterlesen <span class=\"meta-nav\">&rarr;<\/span><\/a><\/p>\n","protected":false},"author":1,"featured_media":0,"comment_status":"closed","ping_status":"open","sticky":false,"template":"","format":"standard","meta":{"footnotes":""},"categories":[1,3],"tags":[321,322,320,319],"_links":{"self":[{"href":"https:\/\/www.brennecke.org\/index.php?rest_route=\/wp\/v2\/posts\/978"}],"collection":[{"href":"https:\/\/www.brennecke.org\/index.php?rest_route=\/wp\/v2\/posts"}],"about":[{"href":"https:\/\/www.brennecke.org\/index.php?rest_route=\/wp\/v2\/types\/post"}],"author":[{"embeddable":true,"href":"https:\/\/www.brennecke.org\/index.php?rest_route=\/wp\/v2\/users\/1"}],"replies":[{"embeddable":true,"href":"https:\/\/www.brennecke.org\/index.php?rest_route=%2Fwp%2Fv2%2Fcomments&post=978"}],"version-history":[{"count":7,"href":"https:\/\/www.brennecke.org\/index.php?rest_route=\/wp\/v2\/posts\/978\/revisions"}],"predecessor-version":[{"id":3778,"href":"https:\/\/www.brennecke.org\/index.php?rest_route=\/wp\/v2\/posts\/978\/revisions\/3778"}],"wp:attachment":[{"href":"https:\/\/www.brennecke.org\/index.php?rest_route=%2Fwp%2Fv2%2Fmedia&parent=978"}],"wp:term":[{"taxonomy":"category","embeddable":true,"href":"https:\/\/www.brennecke.org\/index.php?rest_route=%2Fwp%2Fv2%2Fcategories&post=978"},{"taxonomy":"post_tag","embeddable":true,"href":"https:\/\/www.brennecke.org\/index.php?rest_route=%2Fwp%2Fv2%2Ftags&post=978"}],"curies":[{"name":"wp","href":"https:\/\/api.w.org\/{rel}","templated":true}]}}